{"id":19511,"date":"2020-08-15T13:35:33","date_gmt":"2020-08-15T11:35:33","guid":{"rendered":"http:\/\/serveiseducatius.xtec.cat\/baixllobregat6\/?p=19511"},"modified":"2020-08-15T13:36:10","modified_gmt":"2020-08-15T11:36:10","slug":"sommaskers","status":"publish","type":"post","link":"https:\/\/serveiseducatius.xtec.cat\/baixllobregat6\/se-baixllobregat6\/sommaskers\/","title":{"rendered":"#sommaskers"},"content":{"rendered":"<p><img loading=\"lazy\" decoding=\"async\" class=\"alignnone size-full wp-image-19512\" src=\"https:\/\/serveiseducatius.xtec.cat\/baixllobregat6\/wp-content\/uploads\/usu778\/2020\/08\/Blau_02_750x500px.jpg_563982602.jpg\" alt=\"\" width=\"750\" height=\"500\" srcset=\"https:\/\/serveiseducatius.xtec.cat\/baixllobregat6\/wp-content\/uploads\/usu778\/2020\/08\/Blau_02_750x500px.jpg_563982602.jpg 750w, https:\/\/serveiseducatius.xtec.cat\/baixllobregat6\/wp-content\/uploads\/usu778\/2020\/08\/Blau_02_750x500px.jpg_563982602-520x347.jpg 520w\" sizes=\"auto, (max-width: 750px) 100vw, 750px\" \/><\/p>\n<div>\n<div>\n<div class=\"row\">\n<div class=\"col-sm-8 basic_text_peq\">\n<div class=\"pd-15x\">\n<p>\u00c9s una campanya en positiu, no alli\u00e7onadora, que defuig i rebutja la criminalitzaci\u00f3 del col\u00b7lectiu jove, i que pret\u00e9n que les persones joves, que ja han estat molt implicades en la lluita contra la COVID-19 durant l\u2019etapa de confinament, siguin ara protagonistes d\u2019aquesta nova etapa, a trav\u00e9s de la cura dels altres i de la seva pr\u00f2pia<strong>.<\/strong>\u00a0La campanya vol que siguin les persones joves les que abanderin aquest canvi! Vol traslladar que en l\u2019actual context la solidaritat, l\u2019amistat, l\u2019amor, el\u00a0feeling\u00a0i el\u00a0bon rotllo\u00a0es demostra separant-se i fent servir les mascaretes. I que, en aquest canvi est\u00e0 el repte! <!--more--><\/p>\n<p>Aquesta campanya, centrada en les xarxes socials, compta amb la col\u00b7laboraci\u00f3 de joves influencers de diversos segments d\u2019edat, sexe, origen i \u00e0mbits tem\u00e0tics (gamers, instagramers, youtubers, etc.) per arribar als diversos perfils d\u2019adolescents i joves. L\u2019objectiu \u00e9s connectar amb els i les adolescents i joves des dels seus propis canals, d\u2019una forma no alli\u00e7onadora sin\u00f3 engrescadora, de la m\u00e0 dels seus referents propers (que no siguin les institucions, les fam\u00edlies o el m\u00f3n adult en general) i que ells i elles siguin protagonistes del canvi.<\/p>\n<p><iframe loading=\"lazy\" src=\"https:\/\/www.youtube.com\/embed\/2JCtiTzZuhA?enablejsapi=1&amp;origin=http%3A%2F%2Fjovecat.gencat.cat\" width=\"560\" height=\"315\" frameborder=\"0\" data-gtm-yt-inspected-6065123_499=\"true\" data-mce-fragment=\"1\"><\/iframe><\/p>\n<p><iframe loading=\"lazy\" src=\"https:\/\/www.youtube.com\/embed\/sQY_lSkm3K8?enablejsapi=1&amp;origin=http%3A%2F%2Fjovecat.gencat.cat\" width=\"560\" height=\"315\" frameborder=\"0\" data-gtm-yt-inspected-6065123_499=\"true\" data-mce-fragment=\"1\"><\/iframe><\/p>\n<p><iframe loading=\"lazy\" src=\"https:\/\/www.youtube.com\/embed\/ph8SW2pu8JU?enablejsapi=1&amp;origin=http%3A%2F%2Fjovecat.gencat.cat\" width=\"560\" height=\"315\" frameborder=\"0\" data-gtm-yt-inspected-6065123_499=\"true\" data-mce-fragment=\"1\"><\/iframe><\/p>\n<\/div>\n<\/div>\n<div class=\"col-sm-4  center-block \">\n<div class=\"basic_color gris_o\">\n<p>Fes-ne bandera contra la pand\u00e8mia.<\/p>\n<p>#sommaskers<\/p>\n<\/div>\n<div class=\"basic_text_descarregar\">\n<p>Recursos de la campanya<\/p>\n<p><a class=\"tit\" title=\"Aquest enlla\u00e7 s'obre en una nova pestanya: null\" href=\"http:\/\/jovecat.gencat.cat\/web\/.content\/_documents\/arxiu\/salut\/Salut-Comunitaria\/Fes-te-Masker\/Facebook-Maskers.rar\" target=\"_blank\" rel=\"noopener noreferrer\">Facebook &#8211; Maskers<\/a><a class=\"tit\" title=\"Aquest enlla\u00e7 s'obre en una nova pestanya: null\" href=\"http:\/\/jovecat.gencat.cat\/web\/.content\/_documents\/arxiu\/salut\/Salut-Comunitaria\/Fes-te-Masker\/Twitter-Maskers.rar\" target=\"_blank\" rel=\"noopener noreferrer\">Twitter &#8211; Maskers<\/a><a class=\"tit\" title=\"Aquest enlla\u00e7 s'obre en una nova pestanya: null\" href=\"http:\/\/jovecat.gencat.cat\/web\/.content\/_documents\/arxiu\/salut\/Salut-Comunitaria\/Fes-te-Masker\/Instagram-Maskers.rar\" target=\"_blank\" rel=\"noopener noreferrer\">Instagram &#8211; Maskers<\/a><a class=\"tit\" title=\"Aquest enlla\u00e7 s'obre en una nova pestanya: null\" href=\"http:\/\/jovecat.gencat.cat\/web\/.content\/_documents\/arxiu\/salut\/Salut-Comunitaria\/Fes-te-Masker\/Cartell-Maskers-A4-F__K-Covid.pdf\" target=\"_blank\" rel=\"noopener noreferrer\">Cartell Maskers A4 &#8211; F__K Covid<\/a>Document PDF<\/p>\n<p><a class=\"tit\" title=\"Aquest enlla\u00e7 s'obre en una nova pestanya: null\" href=\"http:\/\/jovecat.gencat.cat\/web\/.content\/_documents\/arxiu\/salut\/Salut-Comunitaria\/Fes-te-Masker\/Cartell-Maskers-A4-Guapxs.pdf\" target=\"_blank\" rel=\"noopener noreferrer\">Cartell Maskers A4 &#8211; Guapxs<\/a>Document PDF<\/p>\n<p><a class=\"tit\" title=\"Aquest enlla\u00e7 s'obre en una nova pestanya: null\" href=\"http:\/\/jovecat.gencat.cat\/web\/.content\/_documents\/arxiu\/salut\/Salut-Comunitaria\/Fes-te-Masker\/Cartell-Maskers-A4-Protegeixo.pdf\" target=\"_blank\" rel=\"noopener noreferrer\">Cartell Maskers A4 &#8211; Protegeixo<\/a>Document PDF<\/p>\n<p><a class=\"tit\" title=\"Aquest enlla\u00e7 s'obre en una nova pestanya: null\" href=\"http:\/\/jovecat.gencat.cat\/web\/.content\/_documents\/arxiu\/salut\/Salut-Comunitaria\/Fes-te-Masker\/Cartell-Maskers-A4-Expressat.pdf\" target=\"_blank\" rel=\"noopener noreferrer\">Cartell Maskers A4 &#8211; Expressa&#8217;t<\/a>Document PDF<\/p>\n<\/div>\n<\/div>\n<\/div>\n<\/div>\n<\/div>\n<p><!--more--><\/p>\n<div>\n<div>\n<div class=\"row\">\n<div class=\"tri_combo_destacat_llistat pag-final ancores2\">\n<div class=\"llistat_enllacos_filet especial col-md-12 col-xs-12 column\">\n<ul class=\"llistat_enllacos_filet_cont list-group box llista-subhome\">\n<li class=\"list-group-item col-sm-6 fila_0 primer-dret\"><a class=\"scroll\" href=\"http:\/\/jovecat.gencat.cat\/ca\/temes\/salut\/Salut_comunitaria\/fes-te-masker\/#bloc1\">The Masker Rules #1 &#8211; Mai ensenyem el rostre<\/a><\/li>\n<li class=\"list-group-item col-sm-6 fila_0 primer-dret\"><a class=\"scroll\" href=\"http:\/\/jovecat.gencat.cat\/ca\/temes\/salut\/Salut_comunitaria\/fes-te-masker\/#bloc2\">The Masker Rules #2 &#8211; Estimem fort, a 2 metres<\/a><\/li>\n<li class=\"list-group-item col-sm-6 fila_1\"><a class=\"scroll\" href=\"http:\/\/jovecat.gencat.cat\/ca\/temes\/salut\/Salut_comunitaria\/fes-te-masker\/#bloc3\">The Masker Rules #3 &#8211; Les mans no s\u00f3n d&#8217;or, per\u00f2 brillen<\/a><\/li>\n<li class=\"list-group-item col-sm-6 fila_1\"><a class=\"scroll\" href=\"http:\/\/jovecat.gencat.cat\/ca\/temes\/salut\/Salut_comunitaria\/fes-te-masker\/#bloc4\">The Masker Rules #4 &#8211; Protegim amigues i amics<\/a><\/li>\n<li class=\"list-group-item col-sm-6 fila_2\"><a class=\"scroll\" href=\"http:\/\/jovecat.gencat.cat\/ca\/temes\/salut\/Salut_comunitaria\/fes-te-masker\/#bloc5\">The Masker Rules #5 &#8211; Tenim molts followers<\/a><\/li>\n<li class=\"list-group-item col-sm-6 fila_2\"><a class=\"scroll\" href=\"http:\/\/jovecat.gencat.cat\/ca\/temes\/salut\/Salut_comunitaria\/fes-te-masker\/#bloc6\">The Masker Rules #6 &#8211; Respectem els Master Maskers<\/a><\/li>\n<li class=\"list-group-item col-sm-6 fila_3\"><a class=\"scroll\" href=\"http:\/\/jovecat.gencat.cat\/ca\/temes\/salut\/Salut_comunitaria\/fes-te-masker\/#bloc7\">The Masker Rules #7 &#8211; Sempre anem a full<\/a><\/li>\n<li class=\"list-group-item col-sm-6 fila_3\"><a class=\"scroll\" href=\"http:\/\/jovecat.gencat.cat\/ca\/temes\/salut\/Salut_comunitaria\/fes-te-masker\/#bloc8\">The Masker Rules #8 &#8211; Som grans col\u00b7legues<\/a><\/li>\n<li class=\"list-group-item col-sm-6 fila_4 ultim-esq\"><a class=\"scroll\" href=\"http:\/\/jovecat.gencat.cat\/ca\/temes\/salut\/Salut_comunitaria\/fes-te-masker\/#bloc9\">The Masker Rules #9 &#8211; Tenim un codi: Respect!<\/a><\/li>\n<\/ul>\n<\/div>\n<\/div>\n<\/div>\n<\/div>\n<\/div>\n<div><span id=\"bloc1\" class=\"linkedAnchor\"><\/span><\/p>\n<div class=\"row\">\n<div class=\"col-sm-8 columna_esquerra\">\n<div class=\"cos_bloc basic_text_peq pd-15\">\n<p>Porta sempre la mascareta posada.<\/p>\n<p>Font: <a href=\"http:\/\/jovecat.gencat.cat\/ca\/temes\/salut\/Salut_comunitaria\/fes-te-masker\/\" target=\"_blank\" rel=\"noopener noreferrer\"><strong>JOVECAT<\/strong><\/a><\/p>\n<\/div>\n<\/div>\n<\/div>\n<\/div>\n","protected":false},"excerpt":{"rendered":"<p>\u00c9s una campanya en positiu, no alli\u00e7onadora, que defuig i rebutja la criminalitzaci\u00f3 del col\u00b7lectiu jove, i que pret\u00e9n que les persones joves, que ja han estat molt implicades en la lluita contra la COVID-19 durant l\u2019etapa de confinament, siguin ara protagonistes d\u2019aquesta nova etapa, a trav\u00e9s de la cura dels altres i de la [&hellip;]<\/p>\n","protected":false},"author":1,"featured_media":19512,"comment_status":"open","ping_status":"closed","sticky":false,"template":"","format":"standard","meta":{"_bbp_topic_count":0,"_bbp_reply_count":0,"_bbp_total_topic_count":0,"_bbp_total_reply_count":0,"_bbp_voice_count":0,"_bbp_anonymous_reply_count":0,"_bbp_topic_count_hidden":0,"_bbp_reply_count_hidden":0,"_bbp_forum_subforum_count":0,"site-sidebar-layout":"default","site-content-layout":"","ast-site-content-layout":"","site-content-style":"default","site-sidebar-style":"default","ast-global-header-display":"","ast-banner-title-visibility":"","ast-main-header-display":"","ast-hfb-above-header-display":"","ast-hfb-below-header-display":"","ast-hfb-mobile-header-display":"","site-post-title":"","ast-breadcrumbs-content":"","ast-featured-img":"","footer-sml-layout":"","theme-transparent-header-meta":"","adv-header-id-meta":"","stick-header-meta":"","header-above-stick-meta":"","header-main-stick-meta":"","header-below-stick-meta":"","astra-migrate-meta-layouts":"default","ast-page-background-enabled":"default","ast-page-background-meta":{"desktop":{"background-color":"var(--ast-global-color-4)","background-image":"","background-repeat":"repeat","background-position":"center center","background-size":"auto","background-attachment":"scroll","background-type":"","background-media":"","overlay-type":"","overlay-color":"","overlay-opacity":"","overlay-gradient":""},"tablet":{"background-color":"","background-image":"","background-repeat":"repeat","background-position":"center center","background-size":"auto","background-attachment":"scroll","background-type":"","background-media":"","overlay-type":"","overlay-color":"","overlay-opacity":"","overlay-gradient":""},"mobile":{"background-color":"","background-image":"","background-repeat":"repeat","background-position":"center center","background-size":"auto","background-attachment":"scroll","background-type":"","background-media":"","overlay-type":"","overlay-color":"","overlay-opacity":"","overlay-gradient":""}},"ast-content-background-meta":{"desktop":{"background-color":"var(--ast-global-color-5)","background-image":"","background-repeat":"repeat","background-position":"center center","background-size":"auto","background-attachment":"scroll","background-type":"","background-media":"","overlay-type":"","overlay-color":"","overlay-opacity":"","overlay-gradient":""},"tablet":{"background-color":"var(--ast-global-color-5)","background-image":"","background-repeat":"repeat","background-position":"center center","background-size":"auto","background-attachment":"scroll","background-type":"","background-media":"","overlay-type":"","overlay-color":"","overlay-opacity":"","overlay-gradient":""},"mobile":{"background-color":"var(--ast-global-color-5)","background-image":"","background-repeat":"repeat","background-position":"center center","background-size":"auto","background-attachment":"scroll","background-type":"","background-media":"","overlay-type":"","overlay-color":"","overlay-opacity":"","overlay-gradient":""}},"footnotes":""},"categories":[75,29],"tags":[208,2259,672,2414,2415,2215],"class_list":["post-19511","post","type-post","status-publish","format-standard","has-post-thumbnail","hentry","category-pee020","category-se-baixllobregat6","tag-adolescents","tag-covid19","tag-joves","tag-makers","tag-mascaretes","tag-reporteducacio"],"post_mailing_queue_ids":[],"_links":{"self":[{"href":"https:\/\/serveiseducatius.xtec.cat\/baixllobregat6\/wp-json\/wp\/v2\/posts\/19511","targetHints":{"allow":["GET"]}}],"collection":[{"href":"https:\/\/serveiseducatius.xtec.cat\/baixllobregat6\/wp-json\/wp\/v2\/posts"}],"about":[{"href":"https:\/\/serveiseducatius.xtec.cat\/baixllobregat6\/wp-json\/wp\/v2\/types\/post"}],"author":[{"embeddable":true,"href":"https:\/\/serveiseducatius.xtec.cat\/baixllobregat6\/wp-json\/wp\/v2\/users\/1"}],"replies":[{"embeddable":true,"href":"https:\/\/serveiseducatius.xtec.cat\/baixllobregat6\/wp-json\/wp\/v2\/comments?post=19511"}],"version-history":[{"count":2,"href":"https:\/\/serveiseducatius.xtec.cat\/baixllobregat6\/wp-json\/wp\/v2\/posts\/19511\/revisions"}],"predecessor-version":[{"id":19514,"href":"https:\/\/serveiseducatius.xtec.cat\/baixllobregat6\/wp-json\/wp\/v2\/posts\/19511\/revisions\/19514"}],"wp:featuredmedia":[{"embeddable":true,"href":"https:\/\/serveiseducatius.xtec.cat\/baixllobregat6\/wp-json\/wp\/v2\/media\/19512"}],"wp:attachment":[{"href":"https:\/\/serveiseducatius.xtec.cat\/baixllobregat6\/wp-json\/wp\/v2\/media?parent=19511"}],"wp:term":[{"taxonomy":"category","embeddable":true,"href":"https:\/\/serveiseducatius.xtec.cat\/baixllobregat6\/wp-json\/wp\/v2\/categories?post=19511"},{"taxonomy":"post_tag","embeddable":true,"href":"https:\/\/serveiseducatius.xtec.cat\/baixllobregat6\/wp-json\/wp\/v2\/tags?post=19511"}],"curies":[{"name":"wp","href":"https:\/\/api.w.org\/{rel}","templated":true}]}}