{"id":19406,"date":"2020-07-11T18:40:08","date_gmt":"2020-07-11T16:40:08","guid":{"rendered":"http:\/\/serveiseducatius.xtec.cat\/baixllobregat6\/?p=19406"},"modified":"2020-07-19T15:00:12","modified_gmt":"2020-07-19T13:00:12","slug":"presentacio-del-projecte-hort-sostenible-aportat-per-la-comunitat-de-practica-de-cultura-digital-de-reporteducacio-a-la-jornada-territorial-de-cultura-digital","status":"publish","type":"post","link":"https:\/\/serveiseducatius.xtec.cat\/baixllobregat6\/se-baixllobregat6\/presentacio-del-projecte-hort-sostenible-aportat-per-la-comunitat-de-practica-de-cultura-digital-de-reporteducacio-a-la-jornada-territorial-de-cultura-digital\/","title":{"rendered":"Presentaci\u00f3 del projecte &#8220;Hort sostenible&#8221; aportat per la Comunitat de pr\u00e0ctica de Cultura digital de @reporteducacio a la Jornada Territorial de Cultura Digital"},"content":{"rendered":"<p>El 10 de juliol es va portar a terme la <a href=\"https:\/\/twitter.com\/reportEducacio\/status\/1281508372563611649\" target=\"_blank\" rel=\"noopener noreferrer\"><strong>Jornada<\/strong> <strong>de la Xarxa Territorial de Cultura Digital<\/strong><\/a>, una xarxa a escala nacional que aplega totes les que hi ha presents a les diferents demarcacions dels serveis educatius del Departament d&#8217;Educaci\u00f3.A la Jornada es van presentar projectes de centres educatius en els quals, durant el curs, s&#8217;han fet accions cap a la Transformaci\u00f3 Digital del centre educatiu i tamb\u00e9 projectes elaborats com els que particularment us volem fer arribar at\u00e8s que pertany al que es va seleccionar de la Comunitat de pr\u00e0ctica de Cultura digital del Servei Educatiu Baix Llobregat-6.<!--more--><\/p>\n<p><iframe loading=\"lazy\" src=\"https:\/\/docs.google.com\/presentation\/d\/e\/2PACX-1vStIC3fOb_SwQeGI-8walD4BHuPYxy21rfw_FmoDutGYFPwyhhkpmWQlunXXbV3uWL4_c7twzhb0HPJ\/embed?start=false&amp;loop=false&amp;delayms=5000\" width=\"960\" height=\"569\" frameborder=\"0\"><\/iframe><\/p>\n<p>Aqu\u00ed podeu consultar el <a href=\"https:\/\/blocs.xtec.cat\/jornadatdxtcd\/programa\/\" target=\"_blank\" rel=\"noopener noreferrer\">programa de la jornada<\/a>, per\u00f2 en concret us deixem el <strong>Track 3<\/strong> on podreu recuperar des del minut<strong> 2:06:57 <\/strong>fins el\u00a0<strong>2:23:15<\/strong>\u00a0la intervenci\u00f3 del grup &#8220;Hort Sostenible&#8221;.<\/p>\n<p><iframe loading=\"lazy\" src=\"https:\/\/www.youtube.com\/embed\/TNzkNUEnHh4\" width=\"1050\" height=\"735\" frameborder=\"0\"><\/iframe><\/p>\n","protected":false},"excerpt":{"rendered":"<p>El 10 de juliol es va portar a terme la Jornada de la Xarxa Territorial de Cultura Digital, una xarxa a escala nacional que aplega totes les que hi ha presents a les diferents demarcacions dels serveis educatius del Departament d&#8217;Educaci\u00f3.A la Jornada es van presentar projectes de centres educatius en els quals, durant el [&hellip;]<\/p>\n","protected":false},"author":1,"featured_media":0,"comment_status":"open","ping_status":"closed","sticky":false,"template":"","format":"standard","meta":{"_bbp_topic_count":0,"_bbp_reply_count":0,"_bbp_total_topic_count":0,"_bbp_total_reply_count":0,"_bbp_voice_count":0,"_bbp_anonymous_reply_count":0,"_bbp_topic_count_hidden":0,"_bbp_reply_count_hidden":0,"_bbp_forum_subforum_count":0,"site-sidebar-layout":"default","site-content-layout":"","ast-site-content-layout":"","site-content-style":"default","site-sidebar-style":"default","ast-global-header-display":"","ast-banner-title-visibility":"","ast-main-header-display":"","ast-hfb-above-header-display":"","ast-hfb-below-header-display":"","ast-hfb-mobile-header-display":"","site-post-title":"","ast-breadcrumbs-content":"","ast-featured-img":"","footer-sml-layout":"","theme-transparent-header-meta":"","adv-header-id-meta":"","stick-header-meta":"","header-above-stick-meta":"","header-main-stick-meta":"","header-below-stick-meta":"","astra-migrate-meta-layouts":"default","ast-page-background-enabled":"default","ast-page-background-meta":{"desktop":{"background-color":"var(--ast-global-color-4)","background-image":"","background-repeat":"repeat","background-position":"center center","background-size":"auto","background-attachment":"scroll","background-type":"","background-media":"","overlay-type":"","overlay-color":"","overlay-opacity":"","overlay-gradient":""},"tablet":{"background-color":"","background-image":"","background-repeat":"repeat","background-position":"center center","background-size":"auto","background-attachment":"scroll","background-type":"","background-media":"","overlay-type":"","overlay-color":"","overlay-opacity":"","overlay-gradient":""},"mobile":{"background-color":"","background-image":"","background-repeat":"repeat","background-position":"center center","background-size":"auto","background-attachment":"scroll","background-type":"","background-media":"","overlay-type":"","overlay-color":"","overlay-opacity":"","overlay-gradient":""}},"ast-content-background-meta":{"desktop":{"background-color":"var(--ast-global-color-5)","background-image":"","background-repeat":"repeat","background-position":"center center","background-size":"auto","background-attachment":"scroll","background-type":"","background-media":"","overlay-type":"","overlay-color":"","overlay-opacity":"","overlay-gradient":""},"tablet":{"background-color":"var(--ast-global-color-5)","background-image":"","background-repeat":"repeat","background-position":"center center","background-size":"auto","background-attachment":"scroll","background-type":"","background-media":"","overlay-type":"","overlay-color":"","overlay-opacity":"","overlay-gradient":""},"mobile":{"background-color":"var(--ast-global-color-5)","background-image":"","background-repeat":"repeat","background-position":"center center","background-size":"auto","background-attachment":"scroll","background-type":"","background-media":"","overlay-type":"","overlay-color":"","overlay-opacity":"","overlay-gradient":""}},"footnotes":""},"categories":[163,29],"tags":[328,2074,446,495,1562,505,508,511,603,2389,2215,109,1623],"class_list":["post-19406","post","type-post","status-publish","format-standard","hentry","category-formacio","category-se-baixllobregat6","tag-collegi-sant-vicenc","tag-cultura-digital","tag-educacio-primaria","tag-escola-jacint-verdaguer","tag-escola-la-garalda","tag-escola-puig-dagulles","tag-escola-sant-josep","tag-escola-santa-maria-de-cervello","tag-hort-escolar","tag-ods","tag-reporteducacio","tag-robotica","tag-tic-e"],"post_mailing_queue_ids":[],"_links":{"self":[{"href":"https:\/\/serveiseducatius.xtec.cat\/baixllobregat6\/wp-json\/wp\/v2\/posts\/19406","targetHints":{"allow":["GET"]}}],"collection":[{"href":"https:\/\/serveiseducatius.xtec.cat\/baixllobregat6\/wp-json\/wp\/v2\/posts"}],"about":[{"href":"https:\/\/serveiseducatius.xtec.cat\/baixllobregat6\/wp-json\/wp\/v2\/types\/post"}],"author":[{"embeddable":true,"href":"https:\/\/serveiseducatius.xtec.cat\/baixllobregat6\/wp-json\/wp\/v2\/users\/1"}],"replies":[{"embeddable":true,"href":"https:\/\/serveiseducatius.xtec.cat\/baixllobregat6\/wp-json\/wp\/v2\/comments?post=19406"}],"version-history":[{"count":4,"href":"https:\/\/serveiseducatius.xtec.cat\/baixllobregat6\/wp-json\/wp\/v2\/posts\/19406\/revisions"}],"predecessor-version":[{"id":19473,"href":"https:\/\/serveiseducatius.xtec.cat\/baixllobregat6\/wp-json\/wp\/v2\/posts\/19406\/revisions\/19473"}],"wp:attachment":[{"href":"https:\/\/serveiseducatius.xtec.cat\/baixllobregat6\/wp-json\/wp\/v2\/media?parent=19406"}],"wp:term":[{"taxonomy":"category","embeddable":true,"href":"https:\/\/serveiseducatius.xtec.cat\/baixllobregat6\/wp-json\/wp\/v2\/categories?post=19406"},{"taxonomy":"post_tag","embeddable":true,"href":"https:\/\/serveiseducatius.xtec.cat\/baixllobregat6\/wp-json\/wp\/v2\/tags?post=19406"}],"curies":[{"name":"wp","href":"https:\/\/api.w.org\/{rel}","templated":true}]}}