{"id":19379,"date":"2020-07-06T13:07:41","date_gmt":"2020-07-06T11:07:41","guid":{"rendered":"http:\/\/serveiseducatius.xtec.cat\/baixllobregat6\/?p=19379"},"modified":"2020-07-06T13:07:41","modified_gmt":"2020-07-06T11:07:41","slug":"premis-extraordinaris-de-batxillerat-inscripcions-del-8-al-12-de-juliol","status":"publish","type":"post","link":"https:\/\/serveiseducatius.xtec.cat\/baixllobregat6\/se-baixllobregat6\/premis-extraordinaris-de-batxillerat-inscripcions-del-8-al-12-de-juliol\/","title":{"rendered":"Premis Extraordinaris de Batxillerat: inscripcions del 8 al 12 de juliol"},"content":{"rendered":"<p><strong><img loading=\"lazy\" decoding=\"async\" class=\"alignleft wp-image-19380 size-full\" src=\"https:\/\/serveiseducatius.xtec.cat\/baixllobregat6\/wp-content\/uploads\/usu778\/2020\/07\/guarantee.png\" alt=\"\" width=\"120\" height=\"120\" \/>Els Premis Extraordinaris de Batxillerat s\u00f3n un est\u00edmul m\u00e9s per als alumnes i un reconeixement oficial dels seus m\u00e8rits que demostra una preparaci\u00f3 d&#8217;excel\u00b7l\u00e8ncia en els estudis de batxillerat. S\u00f3n tamb\u00e9 una mostra de la const\u00e0ncia i comprom\u00eds pel treball compartit entre estudiant, professorat i fam\u00edlia.<\/strong><\/p>\n<p>Convocat\u00f2ria del curs\u00a0<strong>2019-2020<\/strong><\/p>\n<p>Les proves es portaran a terme el\u00a0<strong>17 de setembre de 2020<\/strong>, a les 8.30 hores, de manera simult\u00e0nia al centres que consten a la Resoluci\u00f3. No s\u2019admetran alumnes que es presentin a una seu diferent d&#8217;aquella que consti a la sol\u00b7licitud d\u2019inscripci\u00f3.<!--more--><\/p>\n<p>Les\u00a0<strong>proves<\/strong>\u00a0consten de tres parts:<\/p>\n<ol>\n<li><strong>Comentari cr\u00edtic<\/strong>\u00a0sobre un tema d\u2019inter\u00e8s general de la realitat social, hist\u00f2rica o cultural. L\u2019alumne ha de desenvolupar les idees a partir dels sabers adquirits en tots els \u00e0mbits de coneixement del batxillerat. En el plantejament de la prova es pot incloure documentaci\u00f3 de partida i indicacions espec\u00edfiques. Es valorar\u00e0 la coher\u00e8ncia argumentativa i la capacitat de relaci\u00f3 d\u2019idees, la creativitat i la capacitat cr\u00edtica. Tamb\u00e9 es tindran en compte les capacitats ling\u00fc\u00edstiques de comprensi\u00f3 i expressi\u00f3 escrita (exposici\u00f3 clara i ordenada de les idees, construcci\u00f3 sint\u00e0ctica correcta, riquesa l\u00e8xica i correcci\u00f3 ortogr\u00e0fica).<\/li>\n<\/ol>\n<p>L\u2019alumne disposa de 90 minuts per a aquest exercici. T\u00e9 un valor m\u00e0xim de 20 punts. En cas d\u2019empat, constitueix el primer criteri de desempat.<\/p>\n<ol>\n<li><strong>Llengua estrangera<\/strong>. Consisteix a exposar el propi punt de vista sobre un tema en la primera llengua estrangera cursada per l\u2019alumne (alemany, angl\u00e8s, franc\u00e8s o itali\u00e0). Es valoren la capacitat anal\u00edtica, la creativitat i l\u2019originalitat de les idees, el rigor argumental, aix\u00ed com la flu\u00efdesa en l&#8217;expressi\u00f3 escrita i el domini del vocabulari i de la sintaxi.<\/li>\n<\/ol>\n<p>L\u2019alumne disposa de 75 minuts. T\u00e9 un valor m\u00e0xim de 10 punts.<\/p>\n<ol>\n<li><strong>Mat\u00e8ria de modalitat<\/strong>. Consisteix a respondre q\u00fcestions proposades sobre una de les mat\u00e8ries de modalitat seg\u00fcents, en funci\u00f3 de la modalitat de batxillerat cursada per l\u2019alumne. Per a la modalitat d\u2019arts: An\u00e0lisi Musical, Dibuix Art\u00edstic, Dibuix T\u00e8cnic i Fonaments de les Arts. Per a la modalitat de ci\u00e8ncies i tecnologia: Biologia, Ci\u00e8ncies de la Terra, Dibuix T\u00e8cnic, F\u00edsica, Matem\u00e0tiques, Qu\u00edmica i Tecnologia Industrial. Per a la modalitat d\u2019humanitats i ci\u00e8ncies socials: Economia d\u2019Empresa, Grec, Llat\u00ed i Matem\u00e0tiques Aplicades a les Ci\u00e8ncies Socials.<\/li>\n<\/ol>\n<p>L\u2019alumne disposa de 90 minuts. T\u00e9 un valor m\u00e0xim de 10 punts. En cas d\u2019empat, constitueix el segon criteri de desempat.<\/p>\n<p>Els alumnes han de fer la\u00a0<a href=\"https:\/\/aplicacions.gestioeducativa.gencat.cat\/pls\/apex\/f?p=2016008:101::::::\" target=\"_blank\" rel=\"noopener noreferrer\">inscripci\u00f3<\/a>\u00a0a les proves entre el 8 i el 12 de juliol de 2020.<\/p>\n<p>Els centres educatius hauran de validar les inscripcions entre el 13 i el 15 de juliol de 2020.<\/p>\n<p><a href=\"https:\/\/www.google.com\/url?q=https:\/\/dogc.gencat.cat\/ca\/pdogc_canals_interns\/pdogc_resultats_fitxa\/?action%3Dfitxa%26documentId%3D877117%26language%3Dca_ES&amp;source=gmail&amp;ust=1594094956986000&amp;usg=AFQjCNGGkKBNOAU9GMb0hb90CLAGraUwjQ\" target=\"_blank\" rel=\"noopener noreferrer\">RESOLUCI\u00d3 EDU\/1570\/2020<\/a>, de 30 de juny, per la qual s&#8217;obre la convocat\u00f2ria per a la concessi\u00f3 dels Premis Extraordinaris de Batxillerat corresponents al curs 2019-2020.<\/p>\n","protected":false},"excerpt":{"rendered":"<p>Els Premis Extraordinaris de Batxillerat s\u00f3n un est\u00edmul m\u00e9s per als alumnes i un reconeixement oficial dels seus m\u00e8rits que demostra una preparaci\u00f3 d&#8217;excel\u00b7l\u00e8ncia en els estudis de batxillerat. S\u00f3n tamb\u00e9 una mostra de la const\u00e0ncia i comprom\u00eds pel treball compartit entre estudiant, professorat i fam\u00edlia. Convocat\u00f2ria del curs\u00a02019-2020 Les proves es portaran a terme [&hellip;]<\/p>\n","protected":false},"author":1,"featured_media":19380,"comment_status":"open","ping_status":"closed","sticky":false,"template":"","format":"standard","meta":{"_bbp_topic_count":0,"_bbp_reply_count":0,"_bbp_total_topic_count":0,"_bbp_total_reply_count":0,"_bbp_voice_count":0,"_bbp_anonymous_reply_count":0,"_bbp_topic_count_hidden":0,"_bbp_reply_count_hidden":0,"_bbp_forum_subforum_count":0,"site-sidebar-layout":"default","site-content-layout":"","ast-site-content-layout":"","site-content-style":"default","site-sidebar-style":"default","ast-global-header-display":"","ast-banner-title-visibility":"","ast-main-header-display":"","ast-hfb-above-header-display":"","ast-hfb-below-header-display":"","ast-hfb-mobile-header-display":"","site-post-title":"","ast-breadcrumbs-content":"","ast-featured-img":"","footer-sml-layout":"","theme-transparent-header-meta":"","adv-header-id-meta":"","stick-header-meta":"","header-above-stick-meta":"","header-main-stick-meta":"","header-below-stick-meta":"","astra-migrate-meta-layouts":"default","ast-page-background-enabled":"default","ast-page-background-meta":{"desktop":{"background-color":"var(--ast-global-color-4)","background-image":"","background-repeat":"repeat","background-position":"center center","background-size":"auto","background-attachment":"scroll","background-type":"","background-media":"","overlay-type":"","overlay-color":"","overlay-opacity":"","overlay-gradient":""},"tablet":{"background-color":"","background-image":"","background-repeat":"repeat","background-position":"center center","background-size":"auto","background-attachment":"scroll","background-type":"","background-media":"","overlay-type":"","overlay-color":"","overlay-opacity":"","overlay-gradient":""},"mobile":{"background-color":"","background-image":"","background-repeat":"repeat","background-position":"center center","background-size":"auto","background-attachment":"scroll","background-type":"","background-media":"","overlay-type":"","overlay-color":"","overlay-opacity":"","overlay-gradient":""}},"ast-content-background-meta":{"desktop":{"background-color":"var(--ast-global-color-5)","background-image":"","background-repeat":"repeat","background-position":"center center","background-size":"auto","background-attachment":"scroll","background-type":"","background-media":"","overlay-type":"","overlay-color":"","overlay-opacity":"","overlay-gradient":""},"tablet":{"background-color":"var(--ast-global-color-5)","background-image":"","background-repeat":"repeat","background-position":"center center","background-size":"auto","background-attachment":"scroll","background-type":"","background-media":"","overlay-type":"","overlay-color":"","overlay-opacity":"","overlay-gradient":""},"mobile":{"background-color":"var(--ast-global-color-5)","background-image":"","background-repeat":"repeat","background-position":"center center","background-size":"auto","background-attachment":"scroll","background-type":"","background-media":"","overlay-type":"","overlay-color":"","overlay-opacity":"","overlay-gradient":""}},"footnotes":""},"categories":[1036,29],"tags":[222,268,389,524,2376,2215],"class_list":["post-19379","post","type-post","status-publish","format-standard","has-post-thumbnail","hentry","category-activitat-dels-centres","category-se-baixllobregat6","tag-alumnes","tag-batxillerat","tag-departament-deducacio","tag-estudiants","tag-premis-extraordinaris","tag-reporteducacio"],"post_mailing_queue_ids":[],"_links":{"self":[{"href":"https:\/\/serveiseducatius.xtec.cat\/baixllobregat6\/wp-json\/wp\/v2\/posts\/19379","targetHints":{"allow":["GET"]}}],"collection":[{"href":"https:\/\/serveiseducatius.xtec.cat\/baixllobregat6\/wp-json\/wp\/v2\/posts"}],"about":[{"href":"https:\/\/serveiseducatius.xtec.cat\/baixllobregat6\/wp-json\/wp\/v2\/types\/post"}],"author":[{"embeddable":true,"href":"https:\/\/serveiseducatius.xtec.cat\/baixllobregat6\/wp-json\/wp\/v2\/users\/1"}],"replies":[{"embeddable":true,"href":"https:\/\/serveiseducatius.xtec.cat\/baixllobregat6\/wp-json\/wp\/v2\/comments?post=19379"}],"version-history":[{"count":1,"href":"https:\/\/serveiseducatius.xtec.cat\/baixllobregat6\/wp-json\/wp\/v2\/posts\/19379\/revisions"}],"predecessor-version":[{"id":19381,"href":"https:\/\/serveiseducatius.xtec.cat\/baixllobregat6\/wp-json\/wp\/v2\/posts\/19379\/revisions\/19381"}],"wp:featuredmedia":[{"embeddable":true,"href":"https:\/\/serveiseducatius.xtec.cat\/baixllobregat6\/wp-json\/wp\/v2\/media\/19380"}],"wp:attachment":[{"href":"https:\/\/serveiseducatius.xtec.cat\/baixllobregat6\/wp-json\/wp\/v2\/media?parent=19379"}],"wp:term":[{"taxonomy":"category","embeddable":true,"href":"https:\/\/serveiseducatius.xtec.cat\/baixllobregat6\/wp-json\/wp\/v2\/categories?post=19379"},{"taxonomy":"post_tag","embeddable":true,"href":"https:\/\/serveiseducatius.xtec.cat\/baixllobregat6\/wp-json\/wp\/v2\/tags?post=19379"}],"curies":[{"name":"wp","href":"https:\/\/api.w.org\/{rel}","templated":true}]}}