{"id":19342,"date":"2020-07-02T13:30:54","date_gmt":"2020-07-02T11:30:54","guid":{"rendered":"http:\/\/serveiseducatius.xtec.cat\/baixllobregat6\/?p=19342"},"modified":"2020-07-02T13:49:12","modified_gmt":"2020-07-02T11:49:12","slug":"instruccions-del-departament-deducaciocat-per-al-curs-2020-2021-dels-centres-educatius-de-catalunya","status":"publish","type":"post","link":"https:\/\/serveiseducatius.xtec.cat\/baixllobregat6\/se-baixllobregat6\/instruccions-del-departament-deducaciocat-per-al-curs-2020-2021-dels-centres-educatius-de-catalunya\/","title":{"rendered":"Departament d&#8217;@Educaciocat: Instruccions del  per al curs 2020-2021 dels centres educatius de Catalunya"},"content":{"rendered":"<p><img loading=\"lazy\" decoding=\"async\" class=\"alignleft wp-image-19343 size-full\" src=\"https:\/\/serveiseducatius.xtec.cat\/baixllobregat6\/wp-content\/uploads\/usu778\/2020\/07\/expired.png\" alt=\"\" width=\"120\" height=\"120\" \/>Aquest document t\u00e9 com a finalitat facilitar la tasca organitzativa i pedag\u00f2gica dels centres educatius i orientar en la presa de decisions per preparar el nou curs escolar, d\u2019acord amb catorze criteris generals amb la base que l\u2019activitat docent presencial constitueix l\u2019opci\u00f3 m\u00e9s desitjable i, per aix\u00f2, tindr\u00e0 un car\u00e0cter prioritari en tots aquells contextos on sigui possible. No obstant aix\u00f2, la doc\u00e8ncia virtual tamb\u00e9 es considera un complement en l\u2019educaci\u00f3 postobligat\u00f2ria.<\/p>\n<p>Es parteix de l\u2019oportunitat de valorar el nostre sistema educatiu. Un sistema que pensa en el benestar del seu alumnat i de les seves fam\u00edlies. \u00c9s el moment de la col\u00b7laboraci\u00f3 i el comprom\u00eds a tots els nivells, de la professionalitat i de la imaginaci\u00f3, del treball en equip i de la recerca d&#8217;aliances, de la complicitat de l\u2019entorn per adequar el curr\u00edculum en el marc del Projecte educatiu de cada centre. De repensar qu\u00e8 fem i com ho fem. En definitiva, de dissenyar unes estrat\u00e8gies educatives que donin resposta a les necessitats i als drets de l\u2019alumnat i, molt especialment, del que viu en entorns desafavorits, el que ha patit amb m\u00e9s cruesa els efectes de la pand\u00e8mia.<\/p>\n<p><!--more--><\/p>\n<p><iframe loading=\"lazy\" src=\"https:\/\/drive.google.com\/file\/d\/1j6zXgldeuz03ZVP0sM2ZS_Qt0OV8CPH3\/preview\" width=\"800\" height=\"1100\"><\/iframe><\/p>\n","protected":false},"excerpt":{"rendered":"<p>Aquest document t\u00e9 com a finalitat facilitar la tasca organitzativa i pedag\u00f2gica dels centres educatius i orientar en la presa de decisions per preparar el nou curs escolar, d\u2019acord amb catorze criteris generals amb la base que l\u2019activitat docent presencial constitueix l\u2019opci\u00f3 m\u00e9s desitjable i, per aix\u00f2, tindr\u00e0 un car\u00e0cter prioritari en tots aquells contextos [&hellip;]<\/p>\n","protected":false},"author":1,"featured_media":19343,"comment_status":"open","ping_status":"closed","sticky":false,"template":"","format":"standard","meta":{"_bbp_topic_count":0,"_bbp_reply_count":0,"_bbp_total_topic_count":0,"_bbp_total_reply_count":0,"_bbp_voice_count":0,"_bbp_anonymous_reply_count":0,"_bbp_topic_count_hidden":0,"_bbp_reply_count_hidden":0,"_bbp_forum_subforum_count":0,"site-sidebar-layout":"default","site-content-layout":"","ast-site-content-layout":"","site-content-style":"default","site-sidebar-style":"default","ast-global-header-display":"","ast-banner-title-visibility":"","ast-main-header-display":"","ast-hfb-above-header-display":"","ast-hfb-below-header-display":"","ast-hfb-mobile-header-display":"","site-post-title":"","ast-breadcrumbs-content":"","ast-featured-img":"","footer-sml-layout":"","theme-transparent-header-meta":"","adv-header-id-meta":"","stick-header-meta":"","header-above-stick-meta":"","header-main-stick-meta":"","header-below-stick-meta":"","astra-migrate-meta-layouts":"default","ast-page-background-enabled":"default","ast-page-background-meta":{"desktop":{"background-color":"var(--ast-global-color-4)","background-image":"","background-repeat":"repeat","background-position":"center center","background-size":"auto","background-attachment":"scroll","background-type":"","background-media":"","overlay-type":"","overlay-color":"","overlay-opacity":"","overlay-gradient":""},"tablet":{"background-color":"","background-image":"","background-repeat":"repeat","background-position":"center center","background-size":"auto","background-attachment":"scroll","background-type":"","background-media":"","overlay-type":"","overlay-color":"","overlay-opacity":"","overlay-gradient":""},"mobile":{"background-color":"","background-image":"","background-repeat":"repeat","background-position":"center center","background-size":"auto","background-attachment":"scroll","background-type":"","background-media":"","overlay-type":"","overlay-color":"","overlay-opacity":"","overlay-gradient":""}},"ast-content-background-meta":{"desktop":{"background-color":"var(--ast-global-color-5)","background-image":"","background-repeat":"repeat","background-position":"center center","background-size":"auto","background-attachment":"scroll","background-type":"","background-media":"","overlay-type":"","overlay-color":"","overlay-opacity":"","overlay-gradient":""},"tablet":{"background-color":"var(--ast-global-color-5)","background-image":"","background-repeat":"repeat","background-position":"center center","background-size":"auto","background-attachment":"scroll","background-type":"","background-media":"","overlay-type":"","overlay-color":"","overlay-opacity":"","overlay-gradient":""},"mobile":{"background-color":"var(--ast-global-color-5)","background-image":"","background-repeat":"repeat","background-position":"center center","background-size":"auto","background-attachment":"scroll","background-type":"","background-media":"","overlay-type":"","overlay-color":"","overlay-opacity":"","overlay-gradient":""}},"footnotes":""},"categories":[1585,29],"tags":[268,305,313,2370,446,447,556,854,2215],"class_list":["post-19342","post","type-post","status-publish","format-standard","has-post-thumbnail","hentry","category-gestio","category-se-baixllobregat6","tag-batxillerat","tag-centres-educatius-2","tag-cicles-formatius","tag-educacio-hibrida","tag-educacio-primaria","tag-educacio-secundaria","tag-formacio-professional","tag-professorat","tag-reporteducacio"],"post_mailing_queue_ids":[],"_links":{"self":[{"href":"https:\/\/serveiseducatius.xtec.cat\/baixllobregat6\/wp-json\/wp\/v2\/posts\/19342","targetHints":{"allow":["GET"]}}],"collection":[{"href":"https:\/\/serveiseducatius.xtec.cat\/baixllobregat6\/wp-json\/wp\/v2\/posts"}],"about":[{"href":"https:\/\/serveiseducatius.xtec.cat\/baixllobregat6\/wp-json\/wp\/v2\/types\/post"}],"author":[{"embeddable":true,"href":"https:\/\/serveiseducatius.xtec.cat\/baixllobregat6\/wp-json\/wp\/v2\/users\/1"}],"replies":[{"embeddable":true,"href":"https:\/\/serveiseducatius.xtec.cat\/baixllobregat6\/wp-json\/wp\/v2\/comments?post=19342"}],"version-history":[{"count":3,"href":"https:\/\/serveiseducatius.xtec.cat\/baixllobregat6\/wp-json\/wp\/v2\/posts\/19342\/revisions"}],"predecessor-version":[{"id":19347,"href":"https:\/\/serveiseducatius.xtec.cat\/baixllobregat6\/wp-json\/wp\/v2\/posts\/19342\/revisions\/19347"}],"wp:featuredmedia":[{"embeddable":true,"href":"https:\/\/serveiseducatius.xtec.cat\/baixllobregat6\/wp-json\/wp\/v2\/media\/19343"}],"wp:attachment":[{"href":"https:\/\/serveiseducatius.xtec.cat\/baixllobregat6\/wp-json\/wp\/v2\/media?parent=19342"}],"wp:term":[{"taxonomy":"category","embeddable":true,"href":"https:\/\/serveiseducatius.xtec.cat\/baixllobregat6\/wp-json\/wp\/v2\/categories?post=19342"},{"taxonomy":"post_tag","embeddable":true,"href":"https:\/\/serveiseducatius.xtec.cat\/baixllobregat6\/wp-json\/wp\/v2\/tags?post=19342"}],"curies":[{"name":"wp","href":"https:\/\/api.w.org\/{rel}","templated":true}]}}