{"id":19308,"date":"2020-06-20T12:21:53","date_gmt":"2020-06-20T10:21:53","guid":{"rendered":"http:\/\/serveiseducatius.xtec.cat\/baixllobregat6\/?p=19308"},"modified":"2020-06-20T12:23:09","modified_gmt":"2020-06-20T10:23:09","slug":"flama-del-canigo-2020-festa-nacional-dels-paisos-catalans","status":"publish","type":"post","link":"https:\/\/serveiseducatius.xtec.cat\/baixllobregat6\/se-baixllobregat6\/flama-del-canigo-2020-festa-nacional-dels-paisos-catalans\/","title":{"rendered":"Flama del Canig\u00f3 2020. Festa Nacional dels Pa\u00efsos Catalans"},"content":{"rendered":"<p><iframe loading=\"lazy\" src=\"https:\/\/www.youtube.com\/embed\/pIjFukOWFMs\" width=\"560\" height=\"315\" frameborder=\"0\"><\/iframe><\/p>\n<p>Un any m\u00e9s renovem la\u00a0<strong>Flama del Canig\u00f3<\/strong>, i ho fem en una situaci\u00f3 adversa i plena d\u2019incerteses. Malgrat les dificultats, una petita gran xarxa col\u00b7lectiva fa possible, tamb\u00e9 aquest any, que la flama que es regenera al cim del Canig\u00f3 arribi a tots els indrets de casa nostra. A cada ciutat, a cada vila, a cada barri, a cada balc\u00f3.\u00a0<strong>Treballant col\u00b7lectivament per un objectiu com\u00fa.\u00a0<\/strong><!--more--><\/p>\n<p>Un projecte que demostra, com tants altres, com \u00e9s aquest pa\u00eds.\u00a0<strong>Un pa\u00eds que t\u00e9 la seva principal fortalesa en la gent que el conformem<\/strong>. Ho hem vist, tamb\u00e9, aquests darrers mesos, en la manera com hem afrontat la pand\u00e8mia: tothom assumint el seu paper, la seva part de responsabilitat individual i col\u00b7lectiva. S\u00f3n moments en qu\u00e8\u00a0<strong>la solidaritat i el suport mutu<\/strong>\u00a0s\u2019han convertit en la base per seguir endavant.<\/p>\n<p>\u00c9s evident que aquesta situaci\u00f3 ha estat un cop fort per a tothom, aqu\u00ed i arreu del planeta. Canvis d\u2019h\u00e0bits, increment de les desigualtats, q\u00fcestionament de drets i llibertats,\u00a0<strong>p\u00e8rdua de gent estimada\u2026<\/strong><\/p>\n<p>Enguany aprofitem aquest moment de l\u2019encesa de la Flama a cada rac\u00f3 del pa\u00eds, no nom\u00e9s per reivindicar la\u00a0<strong>unitat de la llengua<\/strong>\u00a0i la lluita pels drets i les llibertats dels\u00a0<strong>Pa\u00efsos Catalans<\/strong>, sin\u00f3 tamb\u00e9 per\u00a0<strong>recordar totes aquelles persones que ja no hi s\u00f3n<\/strong>\u00a0i que trobem i trobarem a faltar.<\/p>\n<p>Volem destacar tota aquella gent que manteniu encesa la Flama, dia rere dia, any rere any.\u00a0<strong>Una Flama que, passi el que passi, no s\u2019apaga mai\u00a0<\/strong><\/p>\n<p>Visca la Flama del Canig\u00f3! Visca els Pa\u00efsos Catalans!<\/p>\n<p>| <a href=\"https:\/\/www.omnium.cat\/ca\/projectes\/flama-canigo\/\" target=\"_blank\" rel=\"noopener noreferrer\"><strong>M\u00e9s info<\/strong><\/a> |<\/p>\n","protected":false},"excerpt":{"rendered":"<p>Un any m\u00e9s renovem la\u00a0Flama del Canig\u00f3, i ho fem en una situaci\u00f3 adversa i plena d\u2019incerteses. Malgrat les dificultats, una petita gran xarxa col\u00b7lectiva fa possible, tamb\u00e9 aquest any, que la flama que es regenera al cim del Canig\u00f3 arribi a tots els indrets de casa nostra. A cada ciutat, a cada vila, a [&hellip;]<\/p>\n","protected":false},"author":1,"featured_media":19309,"comment_status":"open","ping_status":"closed","sticky":false,"template":"","format":"standard","meta":{"_bbp_topic_count":0,"_bbp_reply_count":0,"_bbp_total_topic_count":0,"_bbp_total_reply_count":0,"_bbp_voice_count":0,"_bbp_anonymous_reply_count":0,"_bbp_topic_count_hidden":0,"_bbp_reply_count_hidden":0,"_bbp_forum_subforum_count":0,"site-sidebar-layout":"default","site-content-layout":"","ast-site-content-layout":"","site-content-style":"default","site-sidebar-style":"default","ast-global-header-display":"","ast-banner-title-visibility":"","ast-main-header-display":"","ast-hfb-above-header-display":"","ast-hfb-below-header-display":"","ast-hfb-mobile-header-display":"","site-post-title":"","ast-breadcrumbs-content":"","ast-featured-img":"","footer-sml-layout":"","theme-transparent-header-meta":"","adv-header-id-meta":"","stick-header-meta":"","header-above-stick-meta":"","header-main-stick-meta":"","header-below-stick-meta":"","astra-migrate-meta-layouts":"default","ast-page-background-enabled":"default","ast-page-background-meta":{"desktop":{"background-color":"var(--ast-global-color-4)","background-image":"","background-repeat":"repeat","background-position":"center center","background-size":"auto","background-attachment":"scroll","background-type":"","background-media":"","overlay-type":"","overlay-color":"","overlay-opacity":"","overlay-gradient":""},"tablet":{"background-color":"","background-image":"","background-repeat":"repeat","background-position":"center center","background-size":"auto","background-attachment":"scroll","background-type":"","background-media":"","overlay-type":"","overlay-color":"","overlay-opacity":"","overlay-gradient":""},"mobile":{"background-color":"","background-image":"","background-repeat":"repeat","background-position":"center center","background-size":"auto","background-attachment":"scroll","background-type":"","background-media":"","overlay-type":"","overlay-color":"","overlay-opacity":"","overlay-gradient":""}},"ast-content-background-meta":{"desktop":{"background-color":"var(--ast-global-color-5)","background-image":"","background-repeat":"repeat","background-position":"center center","background-size":"auto","background-attachment":"scroll","background-type":"","background-media":"","overlay-type":"","overlay-color":"","overlay-opacity":"","overlay-gradient":""},"tablet":{"background-color":"var(--ast-global-color-5)","background-image":"","background-repeat":"repeat","background-position":"center center","background-size":"auto","background-attachment":"scroll","background-type":"","background-media":"","overlay-type":"","overlay-color":"","overlay-opacity":"","overlay-gradient":""},"mobile":{"background-color":"var(--ast-global-color-5)","background-image":"","background-repeat":"repeat","background-position":"center center","background-size":"auto","background-attachment":"scroll","background-type":"","background-media":"","overlay-type":"","overlay-color":"","overlay-opacity":"","overlay-gradient":""}},"footnotes":""},"categories":[68,75,29],"tags":[2363,703,708,794,2215,939],"class_list":["post-19308","post","type-post","status-publish","format-standard","has-post-thumbnail","hentry","category-clic","category-pee020","category-se-baixllobregat6","tag-flama-del-canigo","tag-llengua-catalana","tag-llibertat","tag-paisos-catalans","tag-reporteducacio","tag-solidaritat"],"post_mailing_queue_ids":[],"_links":{"self":[{"href":"https:\/\/serveiseducatius.xtec.cat\/baixllobregat6\/wp-json\/wp\/v2\/posts\/19308","targetHints":{"allow":["GET"]}}],"collection":[{"href":"https:\/\/serveiseducatius.xtec.cat\/baixllobregat6\/wp-json\/wp\/v2\/posts"}],"about":[{"href":"https:\/\/serveiseducatius.xtec.cat\/baixllobregat6\/wp-json\/wp\/v2\/types\/post"}],"author":[{"embeddable":true,"href":"https:\/\/serveiseducatius.xtec.cat\/baixllobregat6\/wp-json\/wp\/v2\/users\/1"}],"replies":[{"embeddable":true,"href":"https:\/\/serveiseducatius.xtec.cat\/baixllobregat6\/wp-json\/wp\/v2\/comments?post=19308"}],"version-history":[{"count":3,"href":"https:\/\/serveiseducatius.xtec.cat\/baixllobregat6\/wp-json\/wp\/v2\/posts\/19308\/revisions"}],"predecessor-version":[{"id":19312,"href":"https:\/\/serveiseducatius.xtec.cat\/baixllobregat6\/wp-json\/wp\/v2\/posts\/19308\/revisions\/19312"}],"wp:featuredmedia":[{"embeddable":true,"href":"https:\/\/serveiseducatius.xtec.cat\/baixllobregat6\/wp-json\/wp\/v2\/media\/19309"}],"wp:attachment":[{"href":"https:\/\/serveiseducatius.xtec.cat\/baixllobregat6\/wp-json\/wp\/v2\/media?parent=19308"}],"wp:term":[{"taxonomy":"category","embeddable":true,"href":"https:\/\/serveiseducatius.xtec.cat\/baixllobregat6\/wp-json\/wp\/v2\/categories?post=19308"},{"taxonomy":"post_tag","embeddable":true,"href":"https:\/\/serveiseducatius.xtec.cat\/baixllobregat6\/wp-json\/wp\/v2\/tags?post=19308"}],"curies":[{"name":"wp","href":"https:\/\/api.w.org\/{rel}","templated":true}]}}