{"id":19299,"date":"2020-06-20T10:44:20","date_gmt":"2020-06-20T08:44:20","guid":{"rendered":"http:\/\/serveiseducatius.xtec.cat\/baixllobregat6\/?p=19299"},"modified":"2020-06-20T11:09:24","modified_gmt":"2020-06-20T09:09:24","slug":"la-nova-versio-de-la-gramatica-essencial-de-la-llengua-catalana-incorpora-fitxers-daudio-en-els-quatre-principals-dialectes","status":"publish","type":"post","link":"https:\/\/serveiseducatius.xtec.cat\/baixllobregat6\/se-baixllobregat6\/la-nova-versio-de-la-gramatica-essencial-de-la-llengua-catalana-incorpora-fitxers-daudio-en-els-quatre-principals-dialectes\/","title":{"rendered":"La nova versi\u00f3 de la gram\u00e0tica essencial de la Llengua catalana incorpora fitxers d&#8217;\u00e0udio en els quatre dialectes"},"content":{"rendered":"<p><img loading=\"lazy\" decoding=\"async\" class=\"alignleft wp-image-19305 size-thumbnail\" src=\"https:\/\/serveiseducatius.xtec.cat\/baixllobregat6\/wp-content\/uploads\/usu778\/2020\/06\/Captura-de-Pantalla-2020-06-20-a-les-11.05.58-150x150.png\" alt=\"\" width=\"150\" height=\"150\" \/>La Gram\u00e0tica essencial de la llengua catalana (GEIEC) \u00e9s una versi\u00f3 redu\u00efda i adaptada per a la consulta en l\u00ednia de la Gram\u00e0tica de la llengua catalana de l\u2019Institut d\u2019Estudis Catalans.<\/p>\n<p>La GEIEC t\u00e9 com a objectiu general fer accessible a un p\u00fablic ampli la descripci\u00f3 i la normativa gramaticals contingudes en la Gram\u00e0tica de la llengua catalana. L\u2019adaptaci\u00f3 s\u2019ha realitzat tant pel que fa al contingut i la forma d\u2019expressi\u00f3 d\u2019aquest, com a l\u2019estructuraci\u00f3 i el format, a fi de facilitar-ne la consulta a trav\u00e9s d\u2019Internet.<\/p>\n<p>Per a assolir aquest objectiu, s\u2019ha partit del text de la Gram\u00e0tica de la llengua catalana (GIEC) i s\u2019han realitzat diverses actuacions generals complement\u00e0ries, que es descriuen succintament a continuaci\u00f3 i s\u2019amplien en apartats successius. <!--more--><\/p>\n<p><span style=\"color: #00ccff;\"><strong>a) Resum i reorganitzaci\u00f3 dels continguts<\/strong>.<\/span> La GEIEC compr\u00e8n trenta-dos cap\u00edtols i en extensi\u00f3 supera lleugerament el 50 % de la GIEC. En el proc\u00e9s de reelaboraci\u00f3 del contingut, s\u2019han eliminat o sintetitzat aspectes relacionats amb informaci\u00f3 no fonamental. Aix\u00f2 ha implicat l\u2019eliminaci\u00f3 dels cap\u00edtols de conceptes b\u00e0sics de la GIEC (cap\u00edtols 1, 6 i 13) i la uni\u00f3 o la separaci\u00f3 d\u2019alguns cap\u00edtols o apartats. D\u2019altra banda, s\u2019ha procedit al resum i a la reorganitzaci\u00f3 del contingut perqu\u00e8 la numeraci\u00f3 dels apartats tingui un m\u00e0xim de tres d\u00edgits.<\/p>\n<p><span style=\"color: #00ccff;\"><strong>b) Simplificaci\u00f3 expositiva i terminol\u00f2gica<\/strong><\/span>. S\u2019ha revisat el text per a afavorir una exposici\u00f3 simplificada sempre que no es perd\u00e9s adequaci\u00f3 descriptiva. Per a facilitar la comprensi\u00f3 del text, s\u2019ha redu\u00eft la terminologia gramatical. A m\u00e9s, s\u2019ha procurat fer m\u00e9s visibles els aspectes relacionats amb l\u2019\u00fas formal mitjan\u00e7ant la presentaci\u00f3 de la norma des dels registres formals i la simplificaci\u00f3 de les marques normatives i descriptives, amb l\u2019objectiu de mostrar la prioritzaci\u00f3 d\u2019opcions d\u2019una manera m\u00e9s directa i entenedora per al p\u00fablic general.<\/p>\n<p><span style=\"color: #00ccff;\"><strong>c) Addici\u00f3 d\u2019elements de suport<\/strong>.<\/span> La principal aportaci\u00f3 de la GEIEC no \u00e9s la reducci\u00f3 o par\u00e0frasi dels continguts de la GIEC, sin\u00f3 la incorporaci\u00f3 al text d\u2019elements de suport diversos que faciliten la consulta. En primer lloc, el contingut dels apartats i els subapartats es presenta en quadres resum (vegeu l\u2019apartat 3.1), que permeten anar al contingut concret que se cerca d\u2019una manera r\u00e0pida. En segon lloc, s\u2019ha creat un glossari terminol\u00f2gic, que permet resoldre dubtes III metaling\u00fc\u00edstics durant la consulta. A m\u00e9s, s\u2019han introdu\u00eft marques diverses amb qu\u00e8 es destaquen els termes definits, es fan remissions internes a altres apartats o cap\u00edtols de la GEIEC, es fan remissions externes a la Gram\u00e0tica de la llengua catalana (GIEC) i a l\u2019Ortografia catalana (OIEC), i es destaquen els passatges que contenen informaci\u00f3 rellevant des del punt de vista normatiu i de l\u2019\u00fas (vegeu l\u2019apartat 3.4). Hi ha un cercador de Google que permet fer cerques de mots i de cadenes de mots en l\u2019obra. Finalment, s\u2019hi han incl\u00f2s fitxers de so, que il\u00b7lustren els fen\u00f2mens fon\u00e8tics descrits (vegeu l\u2019apartat 3.3 i l\u2019annex 3).<\/p>\n<h5><strong><span class=\"fade-in one\"><a class=\"botons_entrada\" href=\"https:\/\/geiec.iec.cat\/docs\/presentacio_GEIECact2.rev.pdf\" target=\"_blank\" rel=\"noopener noreferrer\"><span class=\"botons_entrada\">Presentaci\u00f3<\/span><\/a><\/span> |\u00a0<span class=\"fade-in two\"><a class=\"botons_entrada\" href=\"https:\/\/geiec.iec.cat\/gramatica.asp\" target=\"_blank\" rel=\"noopener noreferrer\"><span class=\"botons_entrada\">Sumari<\/span><\/a><\/span><span class=\"fade-in three\"> |\u00a0<a class=\"botons_entrada\" href=\"https:\/\/geiec.iec.cat\/veure_taules.asp\" target=\"_blank\" rel=\"noopener noreferrer\"><span class=\"botons_entrada\">Quadres<\/span>\u00a0<\/a>| <\/span><span class=\"fade-in four\"><a class=\"botons_entrada\" href=\"https:\/\/geiec.iec.cat\/veure_glossari.asp\" target=\"_blank\" rel=\"noopener noreferrer\"><span class=\"botons_entrada\">Glossari<\/span><\/a><\/span><\/strong><\/h5>\n","protected":false},"excerpt":{"rendered":"<p>La Gram\u00e0tica essencial de la llengua catalana (GEIEC) \u00e9s una versi\u00f3 redu\u00efda i adaptada per a la consulta en l\u00ednia de la Gram\u00e0tica de la llengua catalana de l\u2019Institut d\u2019Estudis Catalans. La GEIEC t\u00e9 com a objectiu general fer accessible a un p\u00fablic ampli la descripci\u00f3 i la normativa gramaticals contingudes en la Gram\u00e0tica de [&hellip;]<\/p>\n","protected":false},"author":1,"featured_media":19305,"comment_status":"open","ping_status":"closed","sticky":false,"template":"","format":"standard","meta":{"_bbp_topic_count":0,"_bbp_reply_count":0,"_bbp_total_topic_count":0,"_bbp_total_reply_count":0,"_bbp_voice_count":0,"_bbp_anonymous_reply_count":0,"_bbp_topic_count_hidden":0,"_bbp_reply_count_hidden":0,"_bbp_forum_subforum_count":0,"site-sidebar-layout":"default","site-content-layout":"","ast-site-content-layout":"","site-content-style":"default","site-sidebar-style":"default","ast-global-header-display":"","ast-banner-title-visibility":"","ast-main-header-display":"","ast-hfb-above-header-display":"","ast-hfb-below-header-display":"","ast-hfb-mobile-header-display":"","site-post-title":"","ast-breadcrumbs-content":"","ast-featured-img":"","footer-sml-layout":"","theme-transparent-header-meta":"","adv-header-id-meta":"","stick-header-meta":"","header-above-stick-meta":"","header-main-stick-meta":"","header-below-stick-meta":"","astra-migrate-meta-layouts":"default","ast-page-background-enabled":"default","ast-page-background-meta":{"desktop":{"background-color":"var(--ast-global-color-4)","background-image":"","background-repeat":"repeat","background-position":"center center","background-size":"auto","background-attachment":"scroll","background-type":"","background-media":"","overlay-type":"","overlay-color":"","overlay-opacity":"","overlay-gradient":""},"tablet":{"background-color":"","background-image":"","background-repeat":"repeat","background-position":"center center","background-size":"auto","background-attachment":"scroll","background-type":"","background-media":"","overlay-type":"","overlay-color":"","overlay-opacity":"","overlay-gradient":""},"mobile":{"background-color":"","background-image":"","background-repeat":"repeat","background-position":"center center","background-size":"auto","background-attachment":"scroll","background-type":"","background-media":"","overlay-type":"","overlay-color":"","overlay-opacity":"","overlay-gradient":""}},"ast-content-background-meta":{"desktop":{"background-color":"var(--ast-global-color-5)","background-image":"","background-repeat":"repeat","background-position":"center center","background-size":"auto","background-attachment":"scroll","background-type":"","background-media":"","overlay-type":"","overlay-color":"","overlay-opacity":"","overlay-gradient":""},"tablet":{"background-color":"var(--ast-global-color-5)","background-image":"","background-repeat":"repeat","background-position":"center center","background-size":"auto","background-attachment":"scroll","background-type":"","background-media":"","overlay-type":"","overlay-color":"","overlay-opacity":"","overlay-gradient":""},"mobile":{"background-color":"var(--ast-global-color-5)","background-image":"","background-repeat":"repeat","background-position":"center center","background-size":"auto","background-attachment":"scroll","background-type":"","background-media":"","overlay-type":"","overlay-color":"","overlay-opacity":"","overlay-gradient":""}},"footnotes":""},"categories":[29,1025],"tags":[294,2362,1711,703,2215],"class_list":["post-19299","post","type-post","status-publish","format-standard","has-post-thumbnail","hentry","category-se-baixllobregat6","category-recursos-en-linia","tag-catala","tag-filologia","tag-gramatica","tag-llengua-catalana","tag-reporteducacio"],"post_mailing_queue_ids":[],"_links":{"self":[{"href":"https:\/\/serveiseducatius.xtec.cat\/baixllobregat6\/wp-json\/wp\/v2\/posts\/19299","targetHints":{"allow":["GET"]}}],"collection":[{"href":"https:\/\/serveiseducatius.xtec.cat\/baixllobregat6\/wp-json\/wp\/v2\/posts"}],"about":[{"href":"https:\/\/serveiseducatius.xtec.cat\/baixllobregat6\/wp-json\/wp\/v2\/types\/post"}],"author":[{"embeddable":true,"href":"https:\/\/serveiseducatius.xtec.cat\/baixllobregat6\/wp-json\/wp\/v2\/users\/1"}],"replies":[{"embeddable":true,"href":"https:\/\/serveiseducatius.xtec.cat\/baixllobregat6\/wp-json\/wp\/v2\/comments?post=19299"}],"version-history":[{"count":3,"href":"https:\/\/serveiseducatius.xtec.cat\/baixllobregat6\/wp-json\/wp\/v2\/posts\/19299\/revisions"}],"predecessor-version":[{"id":19307,"href":"https:\/\/serveiseducatius.xtec.cat\/baixllobregat6\/wp-json\/wp\/v2\/posts\/19299\/revisions\/19307"}],"wp:featuredmedia":[{"embeddable":true,"href":"https:\/\/serveiseducatius.xtec.cat\/baixllobregat6\/wp-json\/wp\/v2\/media\/19305"}],"wp:attachment":[{"href":"https:\/\/serveiseducatius.xtec.cat\/baixllobregat6\/wp-json\/wp\/v2\/media?parent=19299"}],"wp:term":[{"taxonomy":"category","embeddable":true,"href":"https:\/\/serveiseducatius.xtec.cat\/baixllobregat6\/wp-json\/wp\/v2\/categories?post=19299"},{"taxonomy":"post_tag","embeddable":true,"href":"https:\/\/serveiseducatius.xtec.cat\/baixllobregat6\/wp-json\/wp\/v2\/tags?post=19299"}],"curies":[{"name":"wp","href":"https:\/\/api.w.org\/{rel}","templated":true}]}}