{"id":19265,"date":"2020-06-15T15:10:30","date_gmt":"2020-06-15T13:10:30","guid":{"rendered":"http:\/\/serveiseducatius.xtec.cat\/baixllobregat6\/?p=19265"},"modified":"2020-06-15T15:13:45","modified_gmt":"2020-06-15T13:13:45","slug":"la-xarxa-de-competencies-basiques-del-departament-deducacio-millora-els-resultats-de-lavaluacio-de-quart-deso","status":"publish","type":"post","link":"https:\/\/serveiseducatius.xtec.cat\/baixllobregat6\/politicaeducativa\/la-xarxa-de-competencies-basiques-del-departament-deducacio-millora-els-resultats-de-lavaluacio-de-quart-deso\/","title":{"rendered":"La Xarxa de Compet\u00e8ncies B\u00e0siques del Departament d&#8217;Educaci\u00f3, millora els resultats de l\u2019avaluaci\u00f3 de quart d\u2019ESO?"},"content":{"rendered":"<p><img loading=\"lazy\" decoding=\"async\" class=\"alignleft wp-image-19268 \" src=\"https:\/\/serveiseducatius.xtec.cat\/baixllobregat6\/wp-content\/uploads\/usu778\/2020\/06\/xarxacb.png\" alt=\"\" width=\"593\" height=\"305\" \/>De ben segur que m\u00e9s d&#8217;un cop el professorat d&#8217;Educaci\u00f3 secund\u00e0ria us he plantejat aquesta q\u00fcesti\u00f3. Ara, el <em><strong>Tast de dades n\u00famero <\/strong><strong>16<\/strong><\/em>, de juny del 2020, publicat pel <a href=\"http:\/\/csda.gencat.cat\/ca\/arees_d_actuacio\/publicacions\/tast-dades\/2020-juny\/\" target=\"_blank\" rel=\"noopener noreferrer\"><strong>Consell Superior d&#8217;Avaluaci\u00f3<\/strong><\/a> de Catalunya ens respon.<\/p>\n<p><!--more--><\/p>\n<p><iframe loading=\"lazy\" src=\"https:\/\/drive.google.com\/file\/d\/1OnGtleDGKbLbpPhROk8BYlWZVf5HVNHi\/preview\" width=\"800\" height=\"1100\"><span data-mce-type=\"bookmark\" style=\"display: inline-block; width: 0px; overflow: hidden; line-height: 0;\" class=\"mce_SELRES_start\">\ufeff<\/span><\/iframe><\/p>\n","protected":false},"excerpt":{"rendered":"<p>De ben segur que m\u00e9s d&#8217;un cop el professorat d&#8217;Educaci\u00f3 secund\u00e0ria us he plantejat aquesta q\u00fcesti\u00f3. Ara, el Tast de dades n\u00famero 16, de juny del 2020, publicat pel Consell Superior d&#8217;Avaluaci\u00f3 de Catalunya ens respon.<\/p>\n","protected":false},"author":1,"featured_media":19268,"comment_status":"open","ping_status":"closed","sticky":false,"template":"","format":"standard","meta":{"_bbp_topic_count":0,"_bbp_reply_count":0,"_bbp_total_topic_count":0,"_bbp_total_reply_count":0,"_bbp_voice_count":0,"_bbp_anonymous_reply_count":0,"_bbp_topic_count_hidden":0,"_bbp_reply_count_hidden":0,"_bbp_forum_subforum_count":0,"site-sidebar-layout":"default","site-content-layout":"","ast-site-content-layout":"","site-content-style":"default","site-sidebar-style":"default","ast-global-header-display":"","ast-banner-title-visibility":"","ast-main-header-display":"","ast-hfb-above-header-display":"","ast-hfb-below-header-display":"","ast-hfb-mobile-header-display":"","site-post-title":"","ast-breadcrumbs-content":"","ast-featured-img":"","footer-sml-layout":"","theme-transparent-header-meta":"","adv-header-id-meta":"","stick-header-meta":"","header-above-stick-meta":"","header-main-stick-meta":"","header-below-stick-meta":"","astra-migrate-meta-layouts":"default","ast-page-background-enabled":"default","ast-page-background-meta":{"desktop":{"background-color":"var(--ast-global-color-4)","background-image":"","background-repeat":"repeat","background-position":"center center","background-size":"auto","background-attachment":"scroll","background-type":"","background-media":"","overlay-type":"","overlay-color":"","overlay-opacity":"","overlay-gradient":""},"tablet":{"background-color":"","background-image":"","background-repeat":"repeat","background-position":"center center","background-size":"auto","background-attachment":"scroll","background-type":"","background-media":"","overlay-type":"","overlay-color":"","overlay-opacity":"","overlay-gradient":""},"mobile":{"background-color":"","background-image":"","background-repeat":"repeat","background-position":"center center","background-size":"auto","background-attachment":"scroll","background-type":"","background-media":"","overlay-type":"","overlay-color":"","overlay-opacity":"","overlay-gradient":""}},"ast-content-background-meta":{"desktop":{"background-color":"var(--ast-global-color-5)","background-image":"","background-repeat":"repeat","background-position":"center center","background-size":"auto","background-attachment":"scroll","background-type":"","background-media":"","overlay-type":"","overlay-color":"","overlay-opacity":"","overlay-gradient":""},"tablet":{"background-color":"var(--ast-global-color-5)","background-image":"","background-repeat":"repeat","background-position":"center center","background-size":"auto","background-attachment":"scroll","background-type":"","background-media":"","overlay-type":"","overlay-color":"","overlay-opacity":"","overlay-gradient":""},"mobile":{"background-color":"var(--ast-global-color-5)","background-image":"","background-repeat":"repeat","background-position":"center center","background-size":"auto","background-attachment":"scroll","background-type":"","background-media":"","overlay-type":"","overlay-color":"","overlay-opacity":"","overlay-gradient":""}},"footnotes":""},"categories":[1586,1927,1,29],"tags":[220,262,338,2358,854,2359,2215],"class_list":["post-19265","post","type-post","status-publish","format-standard","has-post-thumbnail","hentry","category-avaluacio","category-curriculum","category-politicaeducativa","category-se-baixllobregat6","tag-alumnat","tag-avaluacio","tag-competencies-basiques","tag-consell-superior-davaluacio-de-catalunya","tag-professorat","tag-proves-de-quart-deso","tag-reporteducacio"],"post_mailing_queue_ids":[],"_links":{"self":[{"href":"https:\/\/serveiseducatius.xtec.cat\/baixllobregat6\/wp-json\/wp\/v2\/posts\/19265","targetHints":{"allow":["GET"]}}],"collection":[{"href":"https:\/\/serveiseducatius.xtec.cat\/baixllobregat6\/wp-json\/wp\/v2\/posts"}],"about":[{"href":"https:\/\/serveiseducatius.xtec.cat\/baixllobregat6\/wp-json\/wp\/v2\/types\/post"}],"author":[{"embeddable":true,"href":"https:\/\/serveiseducatius.xtec.cat\/baixllobregat6\/wp-json\/wp\/v2\/users\/1"}],"replies":[{"embeddable":true,"href":"https:\/\/serveiseducatius.xtec.cat\/baixllobregat6\/wp-json\/wp\/v2\/comments?post=19265"}],"version-history":[{"count":3,"href":"https:\/\/serveiseducatius.xtec.cat\/baixllobregat6\/wp-json\/wp\/v2\/posts\/19265\/revisions"}],"predecessor-version":[{"id":19274,"href":"https:\/\/serveiseducatius.xtec.cat\/baixllobregat6\/wp-json\/wp\/v2\/posts\/19265\/revisions\/19274"}],"wp:featuredmedia":[{"embeddable":true,"href":"https:\/\/serveiseducatius.xtec.cat\/baixllobregat6\/wp-json\/wp\/v2\/media\/19268"}],"wp:attachment":[{"href":"https:\/\/serveiseducatius.xtec.cat\/baixllobregat6\/wp-json\/wp\/v2\/media?parent=19265"}],"wp:term":[{"taxonomy":"category","embeddable":true,"href":"https:\/\/serveiseducatius.xtec.cat\/baixllobregat6\/wp-json\/wp\/v2\/categories?post=19265"},{"taxonomy":"post_tag","embeddable":true,"href":"https:\/\/serveiseducatius.xtec.cat\/baixllobregat6\/wp-json\/wp\/v2\/tags?post=19265"}],"curies":[{"name":"wp","href":"https:\/\/api.w.org\/{rel}","templated":true}]}}