{"id":19247,"date":"2020-06-08T12:08:19","date_gmt":"2020-06-08T10:08:19","guid":{"rendered":"http:\/\/serveiseducatius.xtec.cat\/baixllobregat6\/?p=19247"},"modified":"2020-06-08T12:16:35","modified_gmt":"2020-06-08T10:16:35","slug":"acasallegimenveualta","status":"publish","type":"post","link":"https:\/\/serveiseducatius.xtec.cat\/baixllobregat6\/se-baixllobregat6\/acasallegimenveualta\/","title":{"rendered":"#acasallegimenveualta, la proposta del XVI CLVA"},"content":{"rendered":"<p><img loading=\"lazy\" decoding=\"async\" class=\"size-full wp-image-19250 alignleft\" src=\"https:\/\/serveiseducatius.xtec.cat\/baixllobregat6\/wp-content\/uploads\/usu778\/2020\/06\/CLVA2020.png\" alt=\"\" width=\"520\" height=\"300\" \/>La setzena edici\u00f3 del <a href=\"http:\/\/www.lecturaenveualta.cat\/\" target=\"_blank\" rel=\"noopener noreferrer\">Certamen de lectura en veu alta<\/a> que organitza la <a href=\"http:\/\/grupenciclopedia.cat\/fundacio-enciclopedia-catalana\/\" target=\"_blank\" rel=\"noopener noreferrer\">Fundaci\u00f3 Enciclop\u00e8dia Catalana<\/a>, es va haver de reconvertir degut a l&#8217;emerg\u00e8ncia sanit\u00e0ria de la COVID-19.<\/p>\n<p>Als centres que pr\u00e8viament s&#8217;havien inscrit per participar a les fases territorials que de la m\u00e0 dels Centres de Recursos Pedag\u00f2gics s&#8217;organitzaven als diferents Serveis Territorials d&#8217;Educaci\u00f3 se&#8217;ls va proposar que enviessin v\u00eddeos dels seus alumnes llegint en veu alta des de casa seva.<br \/>\n<!--more--><br \/>\nEls v\u00eddeos que es van rebre a la coordinaci\u00f3 del Certamen es van penjar en un <a href=\"https:\/\/www.youtube.com\/channel\/UCIsCTHiQmsrUSEX5XxdgfMg\" target=\"_blank\" rel=\"noopener noreferrer\">canal de Youtube<\/a> agrupats segons les categories: <em>Grumets Vermells, Grumets Verds, Timoners, Corsaris i Tropa de Corsaris<\/em>.<\/p>\n<p>De la demarcaci\u00f3 del Servei Educatiu Baix Llobregat-6 hi van participar alumnes de l&#8217;<a href=\"https:\/\/agora.xtec.cat\/escolasantamariacervello\/\" target=\"_blank\" rel=\"noopener noreferrer\">Escola Santa Maria de Cervell\u00f3<\/a> (Cervell\u00f3) i de l&#8217;<a href=\"http:\/\/agora.xtec.cat\/iesgabrielamistral\/\" target=\"_blank\" rel=\"noopener noreferrer\">Institut Gabriela Mistral<\/a> (Sant Vicen\u00e7 dels Horts).<\/p>\n<p>A continuaci\u00f3 us mostrem els v\u00eddeos d&#8217;aquest centres.<\/p>\n<h4>Escola Santa Maria de Cervell\u00f3<\/h4>\n<h5>Grumets Vermells <em>(Cicle mitj\u00e0 d&#8217;educaci\u00f3 prim\u00e0ria)<\/em><\/h5>\n<p><strong>Hera Saiz<\/strong> llegeix un fragment de\u00a0<em>Contes de bona nit per a nenes rebels.<\/em><\/p>\n<p>https:\/\/youtu.be\/7A3ZWxWD_zY<\/p>\n<p><strong>\u00cdngrid Mart\u00ednez<\/strong> llegeix un fragment d&#8217;<em>El cas de les llaminaduries misterioses.<\/em><\/p>\n<p>https:\/\/youtu.be\/6ERP1rM2X4s<\/p>\n<h5>Grumets Verds <em>(Cicle superior d&#8217;educaci\u00f3 prim\u00e0ria)<\/em><\/h5>\n<p><strong>Guerau Arr\u00e9bola<\/strong> llegeix un fragment de <em>Priscilla Kram.<\/em><\/p>\n<p>https:\/\/youtu.be\/FQ6jFHovmMU<\/p>\n<p><strong>Li Wen He<\/strong> llegeix un fragment de\u00a0<em>Diari d&#8217;una penjada. Una estrella poc glamurosa.<\/em><\/p>\n<p>https:\/\/youtu.be\/_H-gv6BbMd8<\/p>\n<h4>Institut Gabriela Mistral<\/h4>\n<h5>Corsaris\u00a0<em>(Primer cicle d&#8217;ESO)<\/em><\/h5>\n<p><strong>Saoussane Ziati<\/strong> llegeix un fragment de <em>Promise.<\/em><\/p>\n<p>https:\/\/youtu.be\/QL0xZybwjFs<\/p>\n<p><strong>Nora Picanyol<\/strong> llegeix un fragment d&#8217;<em>Aloma.<\/em><\/p>\n<p>https:\/\/youtu.be\/jHnD3PWVdc0<\/p>\n<h5>Tropa de corsaris <em>(Segon cicle d&#8217;ESO)<\/em><\/h5>\n<p><strong>Al\u00edcia<\/strong> <strong>Torres<\/strong> llegeix un fragment de\u00a0<em>Harry Potter i la cambra secreta<\/em>.<\/p>\n<p>https:\/\/youtu.be\/J0_9TVV70xE<\/p>\n","protected":false},"excerpt":{"rendered":"<p>La setzena edici\u00f3 del Certamen de lectura en veu alta que organitza la Fundaci\u00f3 Enciclop\u00e8dia Catalana, es va haver de reconvertir degut a l&#8217;emerg\u00e8ncia sanit\u00e0ria de la COVID-19. Als centres que pr\u00e8viament s&#8217;havien inscrit per participar a les fases territorials que de la m\u00e0 dels Centres de Recursos Pedag\u00f2gics s&#8217;organitzaven als diferents Serveis Territorials d&#8217;Educaci\u00f3 [&hellip;]<\/p>\n","protected":false},"author":1,"featured_media":19250,"comment_status":"open","ping_status":"closed","sticky":false,"template":"","format":"standard","meta":{"_bbp_topic_count":0,"_bbp_reply_count":0,"_bbp_total_topic_count":0,"_bbp_total_reply_count":0,"_bbp_voice_count":0,"_bbp_anonymous_reply_count":0,"_bbp_topic_count_hidden":0,"_bbp_reply_count_hidden":0,"_bbp_forum_subforum_count":0,"site-sidebar-layout":"default","site-content-layout":"","ast-site-content-layout":"","site-content-style":"default","site-sidebar-style":"default","ast-global-header-display":"","ast-banner-title-visibility":"","ast-main-header-display":"","ast-hfb-above-header-display":"","ast-hfb-below-header-display":"","ast-hfb-mobile-header-display":"","site-post-title":"","ast-breadcrumbs-content":"","ast-featured-img":"","footer-sml-layout":"","theme-transparent-header-meta":"","adv-header-id-meta":"","stick-header-meta":"","header-above-stick-meta":"","header-main-stick-meta":"","header-below-stick-meta":"","astra-migrate-meta-layouts":"default","ast-page-background-enabled":"default","ast-page-background-meta":{"desktop":{"background-color":"var(--ast-global-color-4)","background-image":"","background-repeat":"repeat","background-position":"center center","background-size":"auto","background-attachment":"scroll","background-type":"","background-media":"","overlay-type":"","overlay-color":"","overlay-opacity":"","overlay-gradient":""},"tablet":{"background-color":"","background-image":"","background-repeat":"repeat","background-position":"center center","background-size":"auto","background-attachment":"scroll","background-type":"","background-media":"","overlay-type":"","overlay-color":"","overlay-opacity":"","overlay-gradient":""},"mobile":{"background-color":"","background-image":"","background-repeat":"repeat","background-position":"center center","background-size":"auto","background-attachment":"scroll","background-type":"","background-media":"","overlay-type":"","overlay-color":"","overlay-opacity":"","overlay-gradient":""}},"ast-content-background-meta":{"desktop":{"background-color":"var(--ast-global-color-5)","background-image":"","background-repeat":"repeat","background-position":"center center","background-size":"auto","background-attachment":"scroll","background-type":"","background-media":"","overlay-type":"","overlay-color":"","overlay-opacity":"","overlay-gradient":""},"tablet":{"background-color":"var(--ast-global-color-5)","background-image":"","background-repeat":"repeat","background-position":"center center","background-size":"auto","background-attachment":"scroll","background-type":"","background-media":"","overlay-type":"","overlay-color":"","overlay-opacity":"","overlay-gradient":""},"mobile":{"background-color":"var(--ast-global-color-5)","background-image":"","background-repeat":"repeat","background-position":"center center","background-size":"auto","background-attachment":"scroll","background-type":"","background-media":"","overlay-type":"","overlay-color":"","overlay-opacity":"","overlay-gradient":""}},"footnotes":""},"categories":[72,29],"tags":[2310,311,312,2301,511,631,100,694,2215],"class_list":["post-19247","post","type-post","status-publish","format-standard","has-post-thumbnail","hentry","category-lectura-en-veu-alta","category-se-baixllobregat6","tag-certamen-de-lectura-en-veu-alta","tag-cicle-mitja","tag-cicle-superior","tag-educacio-secundaria-obligatoria","tag-escola-santa-maria-de-cervello","tag-ins-gabriela-mistral","tag-lectura","tag-literatura-infantil-i-juvenil","tag-reporteducacio"],"post_mailing_queue_ids":[],"_links":{"self":[{"href":"https:\/\/serveiseducatius.xtec.cat\/baixllobregat6\/wp-json\/wp\/v2\/posts\/19247","targetHints":{"allow":["GET"]}}],"collection":[{"href":"https:\/\/serveiseducatius.xtec.cat\/baixllobregat6\/wp-json\/wp\/v2\/posts"}],"about":[{"href":"https:\/\/serveiseducatius.xtec.cat\/baixllobregat6\/wp-json\/wp\/v2\/types\/post"}],"author":[{"embeddable":true,"href":"https:\/\/serveiseducatius.xtec.cat\/baixllobregat6\/wp-json\/wp\/v2\/users\/1"}],"replies":[{"embeddable":true,"href":"https:\/\/serveiseducatius.xtec.cat\/baixllobregat6\/wp-json\/wp\/v2\/comments?post=19247"}],"version-history":[{"count":3,"href":"https:\/\/serveiseducatius.xtec.cat\/baixllobregat6\/wp-json\/wp\/v2\/posts\/19247\/revisions"}],"predecessor-version":[{"id":19255,"href":"https:\/\/serveiseducatius.xtec.cat\/baixllobregat6\/wp-json\/wp\/v2\/posts\/19247\/revisions\/19255"}],"wp:featuredmedia":[{"embeddable":true,"href":"https:\/\/serveiseducatius.xtec.cat\/baixllobregat6\/wp-json\/wp\/v2\/media\/19250"}],"wp:attachment":[{"href":"https:\/\/serveiseducatius.xtec.cat\/baixllobregat6\/wp-json\/wp\/v2\/media?parent=19247"}],"wp:term":[{"taxonomy":"category","embeddable":true,"href":"https:\/\/serveiseducatius.xtec.cat\/baixllobregat6\/wp-json\/wp\/v2\/categories?post=19247"},{"taxonomy":"post_tag","embeddable":true,"href":"https:\/\/serveiseducatius.xtec.cat\/baixllobregat6\/wp-json\/wp\/v2\/tags?post=19247"}],"curies":[{"name":"wp","href":"https:\/\/api.w.org\/{rel}","templated":true}]}}