{"id":19157,"date":"2020-05-29T14:25:25","date_gmt":"2020-05-29T12:25:25","guid":{"rendered":"http:\/\/serveiseducatius.xtec.cat\/baixllobregat6\/?p=19157"},"modified":"2020-05-30T13:38:16","modified_gmt":"2020-05-30T11:38:16","slug":"la-situacio-de-laillament-prolongat-els-seus-efectes-sobre-la-infancia-i-la-adolescncia-amb-alberto-lasa","status":"publish","type":"post","link":"https:\/\/serveiseducatius.xtec.cat\/baixllobregat6\/se-baixllobregat6\/la-situacio-de-laillament-prolongat-els-seus-efectes-sobre-la-infancia-i-la-adolescncia-amb-alberto-lasa\/","title":{"rendered":"La situaci\u00f3 de l\u2019a\u00efllament prolongat. Els seus efectes sobre la inf\u00e0ncia i l&#8217;adolesc\u00e8ncia"},"content":{"rendered":"<p><img loading=\"lazy\" decoding=\"async\" class=\"alignnone size-large wp-image-19173\" src=\"https:\/\/serveiseducatius.xtec.cat\/baixllobregat6\/wp-content\/uploads\/usu778\/2020\/05\/Captura-de-Pantalla-2020-05-29-a-les-14.23.10-1024x457.png\" alt=\"\" width=\"1024\" height=\"457\" srcset=\"https:\/\/serveiseducatius.xtec.cat\/baixllobregat6\/wp-content\/uploads\/usu778\/2020\/05\/Captura-de-Pantalla-2020-05-29-a-les-14.23.10-1024x457.png 1024w, https:\/\/serveiseducatius.xtec.cat\/baixllobregat6\/wp-content\/uploads\/usu778\/2020\/05\/Captura-de-Pantalla-2020-05-29-a-les-14.23.10-520x232.png 520w, https:\/\/serveiseducatius.xtec.cat\/baixllobregat6\/wp-content\/uploads\/usu778\/2020\/05\/Captura-de-Pantalla-2020-05-29-a-les-14.23.10-768x343.png 768w, https:\/\/serveiseducatius.xtec.cat\/baixllobregat6\/wp-content\/uploads\/usu778\/2020\/05\/Captura-de-Pantalla-2020-05-29-a-les-14.23.10.png 1380w\" sizes=\"auto, (max-width: 1024px) 100vw, 1024px\" \/><\/p>\n<p id=\"tw-target-text\" class=\"tw-data-text tw-text-large XcVN5d tw-ta\" dir=\"ltr\" data-placeholder=\"Translation\">Els professionals dels EAP, SIEI i del CRETDIC dels serveis territorials al Baix Llobregat del Departament d&#8217;Educaci\u00f3 van destinar la trobada d&#8217;intercanvi d&#8217;experi\u00e8ncies del mes de maig a l&#8217;an\u00e0lisi sobre el futur retrobament a les pr\u00e0ctiques educatives, en els centres educatius, tan bon punt la situaci\u00f3 sanit\u00e0ria ho faci possible.<\/p>\n<p dir=\"ltr\" data-placeholder=\"Translation\">A continuaci\u00f3 se us ofereix una presentaci\u00f3 que aborda aquest tema i que recull de documentaci\u00f3 que us pot aportar elements de reflexi\u00f3 en la situaci\u00f3 complexa que s&#8217;albira, especialment en l&#8217;inici del primer trimestre del curs 2020-2021.<\/p>\n<p dir=\"ltr\" data-placeholder=\"Translation\"><!--more--><\/p>\n<p><iframe loading=\"lazy\" src=\"https:\/\/drive.google.com\/file\/d\/1Bz8zM3-Tfk7FRjW-j3nvNPiXCC_NAEaZ\/preview\" width=\"1024\" height=\"457\"><\/iframe><\/p>\n<p>Aixi mateix, se us presenta aquest clip d&#8217;an\u00e0lisi de la situaci\u00f3 i que va a c\u00e0rrec del Dr. Alberto Lasa, psiquiatre i psicoanalista, exprofessor de Psiquiatria de Nens i Adolescents i de Psicopatologia del Desenvolupament de la Facultat de Medicina de l\u2019<a href=\"https:\/\/www.ehu.eus\/es\/\" target=\"_blank\" rel=\"noopener noreferrer\"><strong>Euskal Herriko Unibertsitatea<\/strong><\/a>, exprofessor de Psicopatologia i de Psicoter\u00e0pies Psicoanal\u00edtiques a la Facultat de Psicologia de la\u00a0<a href=\"https:\/\/www.deusto.es\/cs\/Satellite\/deusto\/es\/universidad-deusto\" target=\"_blank\" rel=\"noopener noreferrer\"><strong>Universitat de Deusto<\/strong><\/a>\u00a0i expresident de\u00a0<a href=\"https:\/\/www.sepypna.com\/\" target=\"_blank\" rel=\"noopener noreferrer\"><strong>SEPYPNA<\/strong><\/a>-Societat Espanyola de Psiquiatria i Psicoter\u00e0pia de Nens i Adolescents.<\/p>\n<p><iframe loading=\"lazy\" src=\"https:\/\/www.youtube.com\/embed\/H2j7eRtJHNM\" width=\"1024\" height=\"570\" frameborder=\"0\"><\/iframe><\/p>\n","protected":false},"excerpt":{"rendered":"<p>Els professionals dels EAP, SIEI i del CRETDIC dels serveis territorials al Baix Llobregat del Departament d&#8217;Educaci\u00f3 van destinar la trobada d&#8217;intercanvi d&#8217;experi\u00e8ncies del mes de maig a l&#8217;an\u00e0lisi sobre el futur retrobament a les pr\u00e0ctiques educatives, en els centres educatius, tan bon punt la situaci\u00f3 sanit\u00e0ria ho faci possible. A continuaci\u00f3 se us ofereix [&hellip;]<\/p>\n","protected":false},"author":1,"featured_media":19173,"comment_status":"open","ping_status":"closed","sticky":false,"template":"","format":"standard","meta":{"_bbp_topic_count":0,"_bbp_reply_count":0,"_bbp_total_topic_count":0,"_bbp_total_reply_count":0,"_bbp_voice_count":0,"_bbp_anonymous_reply_count":0,"_bbp_topic_count_hidden":0,"_bbp_reply_count_hidden":0,"_bbp_forum_subforum_count":0,"site-sidebar-layout":"default","site-content-layout":"","ast-site-content-layout":"","site-content-style":"default","site-sidebar-style":"default","ast-global-header-display":"","ast-banner-title-visibility":"","ast-main-header-display":"","ast-hfb-above-header-display":"","ast-hfb-below-header-display":"","ast-hfb-mobile-header-display":"","site-post-title":"","ast-breadcrumbs-content":"","ast-featured-img":"","footer-sml-layout":"","theme-transparent-header-meta":"","adv-header-id-meta":"","stick-header-meta":"","header-above-stick-meta":"","header-main-stick-meta":"","header-below-stick-meta":"","astra-migrate-meta-layouts":"default","ast-page-background-enabled":"default","ast-page-background-meta":{"desktop":{"background-color":"var(--ast-global-color-4)","background-image":"","background-repeat":"repeat","background-position":"center center","background-size":"auto","background-attachment":"scroll","background-type":"","background-media":"","overlay-type":"","overlay-color":"","overlay-opacity":"","overlay-gradient":""},"tablet":{"background-color":"","background-image":"","background-repeat":"repeat","background-position":"center center","background-size":"auto","background-attachment":"scroll","background-type":"","background-media":"","overlay-type":"","overlay-color":"","overlay-opacity":"","overlay-gradient":""},"mobile":{"background-color":"","background-image":"","background-repeat":"repeat","background-position":"center center","background-size":"auto","background-attachment":"scroll","background-type":"","background-media":"","overlay-type":"","overlay-color":"","overlay-opacity":"","overlay-gradient":""}},"ast-content-background-meta":{"desktop":{"background-color":"var(--ast-global-color-5)","background-image":"","background-repeat":"repeat","background-position":"center center","background-size":"auto","background-attachment":"scroll","background-type":"","background-media":"","overlay-type":"","overlay-color":"","overlay-opacity":"","overlay-gradient":""},"tablet":{"background-color":"var(--ast-global-color-5)","background-image":"","background-repeat":"repeat","background-position":"center center","background-size":"auto","background-attachment":"scroll","background-type":"","background-media":"","overlay-type":"","overlay-color":"","overlay-opacity":"","overlay-gradient":""},"mobile":{"background-color":"var(--ast-global-color-5)","background-image":"","background-repeat":"repeat","background-position":"center center","background-size":"auto","background-attachment":"scroll","background-type":"","background-media":"","overlay-type":"","overlay-color":"","overlay-opacity":"","overlay-gradient":""}},"footnotes":""},"categories":[1040,29],"tags":[220,2291,410,446,447,2215,2287],"class_list":["post-19157","post","type-post","status-publish","format-standard","has-post-thumbnail","hentry","category-diversitat-en-xarxa","category-se-baixllobregat6","tag-alumnat","tag-centres-educatius-en-linia","tag-diversitat","tag-educacio-primaria","tag-educacio-secundaria","tag-reporteducacio","tag-serveiseducatiusenlinia"],"post_mailing_queue_ids":[],"_links":{"self":[{"href":"https:\/\/serveiseducatius.xtec.cat\/baixllobregat6\/wp-json\/wp\/v2\/posts\/19157","targetHints":{"allow":["GET"]}}],"collection":[{"href":"https:\/\/serveiseducatius.xtec.cat\/baixllobregat6\/wp-json\/wp\/v2\/posts"}],"about":[{"href":"https:\/\/serveiseducatius.xtec.cat\/baixllobregat6\/wp-json\/wp\/v2\/types\/post"}],"author":[{"embeddable":true,"href":"https:\/\/serveiseducatius.xtec.cat\/baixllobregat6\/wp-json\/wp\/v2\/users\/1"}],"replies":[{"embeddable":true,"href":"https:\/\/serveiseducatius.xtec.cat\/baixllobregat6\/wp-json\/wp\/v2\/comments?post=19157"}],"version-history":[{"count":4,"href":"https:\/\/serveiseducatius.xtec.cat\/baixllobregat6\/wp-json\/wp\/v2\/posts\/19157\/revisions"}],"predecessor-version":[{"id":19205,"href":"https:\/\/serveiseducatius.xtec.cat\/baixllobregat6\/wp-json\/wp\/v2\/posts\/19157\/revisions\/19205"}],"wp:featuredmedia":[{"embeddable":true,"href":"https:\/\/serveiseducatius.xtec.cat\/baixllobregat6\/wp-json\/wp\/v2\/media\/19173"}],"wp:attachment":[{"href":"https:\/\/serveiseducatius.xtec.cat\/baixllobregat6\/wp-json\/wp\/v2\/media?parent=19157"}],"wp:term":[{"taxonomy":"category","embeddable":true,"href":"https:\/\/serveiseducatius.xtec.cat\/baixllobregat6\/wp-json\/wp\/v2\/categories?post=19157"},{"taxonomy":"post_tag","embeddable":true,"href":"https:\/\/serveiseducatius.xtec.cat\/baixllobregat6\/wp-json\/wp\/v2\/tags?post=19157"}],"curies":[{"name":"wp","href":"https:\/\/api.w.org\/{rel}","templated":true}]}}