{"id":19116,"date":"2020-05-20T15:24:49","date_gmt":"2020-05-20T13:24:49","guid":{"rendered":"http:\/\/serveiseducatius.xtec.cat\/baixllobregat6\/?p=19116"},"modified":"2020-05-27T18:45:25","modified_gmt":"2020-05-27T16:45:25","slug":"la-prova-dacces-a-la-universitat-pau-sallargara-un-dia-mes-per-complir-amb-les-mesures-sanitaries-necessaries-arran-de-la-covid","status":"publish","type":"post","link":"https:\/\/serveiseducatius.xtec.cat\/baixllobregat6\/se-baixllobregat6\/la-prova-dacces-a-la-universitat-pau-sallargara-un-dia-mes-per-complir-amb-les-mesures-sanitaries-necessaries-arran-de-la-covid\/","title":{"rendered":"La prova d&#8217;acc\u00e9s a la universitat (PAU) s&#8217;allargar\u00e0 un dia m\u00e9s per complir amb les mesures sanit\u00e0ries necess\u00e0ries arran de la COVID"},"content":{"rendered":"<p><img loading=\"lazy\" decoding=\"async\" class=\"alignnone size-large wp-image-19117\" src=\"https:\/\/serveiseducatius.xtec.cat\/baixllobregat6\/wp-content\/uploads\/usu778\/2020\/05\/PAUYTqDDSWoAAjKA5-1024x576.jpeg\" alt=\"\" width=\"1024\" height=\"576\" srcset=\"https:\/\/serveiseducatius.xtec.cat\/baixllobregat6\/wp-content\/uploads\/usu778\/2020\/05\/PAUYTqDDSWoAAjKA5-1024x576.jpeg 1024w, https:\/\/serveiseducatius.xtec.cat\/baixllobregat6\/wp-content\/uploads\/usu778\/2020\/05\/PAUYTqDDSWoAAjKA5-520x293.jpeg 520w, https:\/\/serveiseducatius.xtec.cat\/baixllobregat6\/wp-content\/uploads\/usu778\/2020\/05\/PAUYTqDDSWoAAjKA5-768x432.jpeg 768w, https:\/\/serveiseducatius.xtec.cat\/baixllobregat6\/wp-content\/uploads\/usu778\/2020\/05\/PAUYTqDDSWoAAjKA5.jpeg 1919w\" sizes=\"auto, (max-width: 1024px) 100vw, 1024px\" \/><\/p>\n<ul>\n<li>Els ex\u00e0mens tindran lloc els dies 7, 8, 9 i 10 de juliol en universitats i centres de secund\u00e0ria<\/li>\n<li>La PAP per accedir als graus en Educaci\u00f3 Infantil i en Educaci\u00f3 Prim\u00e0ria s\u2019endarrereix al 15 de juliol<\/li>\n<li>Les PAU per a m\u00e9s grans de 25 i 45 anys tamb\u00e9 canvien de data i es faran el 18 de juliol<\/li>\n<\/ul>\n<p><!--more--><\/p>\n<p>La convocat\u00f2ria ordin\u00e0ria de la prova d\u2019acc\u00e9s a la universitat (PAU) prevista inicialment per als dies 7, 8 i 9 de juliol, s\u2019allargar\u00e0 un dia m\u00e9s fins al 10 de juliol donades les circumst\u00e0ncies excepcionals causades per la COVID-19,. La decisi\u00f3 de realitzar les proves en quatres dies respon a la necessitat de fer una nova distribuci\u00f3 de les franges hor\u00e0ries per tal de donar compliment a les mesures de seguretat imposades per les autoritats sanit\u00e0ries. Els propers dies es far\u00e0 p\u00fablic al web, l\u2019horari dels ex\u00e0mens.<\/p>\n<p>Els ex\u00e0mens de la PAU es realitzaran en universitats, com \u00e9s habitual, per\u00f2 tamb\u00e9 en centres de secund\u00e0ria, p\u00fablics i concertats, despr\u00e9s de l\u2019acord entre el Departament d\u2019Empresa i Coneixement \u2013responsable de l\u2019organitzaci\u00f3 de les proves mitjan\u00e7ant el Consell Interuniversitari de Catalunya (CIC) de la Secretaria d\u2019Universitats i Recerca\u2013 i el Departament d\u2019Educaci\u00f3 per habilitar m\u00e9s espais i afavorir l\u2019acompliment de les mesures de seguretat i d\u2019higiene establertes per les autoritats sanit\u00e0ries per fer front a la COVID-19. La definici\u00f3 del nou mapa geogr\u00e0fic i territorial de la PAU 2020, en el qual s\u2019hi est\u00e0 treballant, no es traduir\u00e0 en qu\u00e8 que cada alumne s\u2019examini en el centre on cursa batxillerat, sin\u00f3 que es treballa en una nova distribuci\u00f3 de l\u2019alumnat prioritzant criteris de proximitat per tal de reduir en la mesura del possible els despla\u00e7aments, tant d\u2019alumnat com de professorat.<\/p>\n<p>Una altra de les mesures excepcionals a causa de la pand\u00e8mia per COVID-19 adoptada per la comissi\u00f3 organitzadora de la PAU, on estan representades les universitats p\u00fabliques del sistema universitari catal\u00e0, \u00e9s l\u2019aplicaci\u00f3 d\u2019uns criteris de flexibilitzaci\u00f3 en l\u2019opcionalitat dels ex\u00e0mens PAU per garantir que l\u2019alumnat pugui assumir el conjunt de la prova proposada amb independ\u00e8ncia de les circumst\u00e0ncies en qu\u00e8 hagi tingut acc\u00e9s al proc\u00e9s d\u2019ensenyament i aprenentatge en el darrer trimestre del curs escolar.<\/p>\n<p>D\u2019altra banda, des de divendres est\u00e0 obert el termini de matriculaci\u00f3 a la convocat\u00f2ria ordin\u00e0ria de la PAU que s\u2019allargar\u00e0 fins al 15 de juny incl\u00f2s. Aquest termini ser\u00e0 excepcionalment el mateix per a \u2018alumnat de matr\u00edcula lliure (que van acabar el batxillerat amb anterioritat al curs actual i es presenten a pujar nota de PAU o fer la prova per primera<\/p>\n<p>vegada, o que provenen de sistemes educatius estrangers), per als de segon de Batxillerat i per als de Cicles Formatius de Grau Superior (CFGS). El proc\u00e9s de matriculaci\u00f3 es fa al Portal d\u2019acc\u00e9s a la universitat.<\/p>\n<p>Noves dates PAP i PAU per a m\u00e9s grans de 25 i 45 anys<\/p>\n<p>Ateses les circumst\u00e0ncies excepcionals i per garantir la seguretat de tothom, es modifica tamb\u00e9 el calendari de les Proves d\u2019Acc\u00e9s a la Universitat per a m\u00e9s grans de 25 i 45 anys, aix\u00ed com de les Proves d\u2019aptitud personal (PAP).<\/p>\n<p>Pel que fa a la PAP per accedir als graus en Educaci\u00f3 Infantil i en Educaci\u00f3 Prim\u00e0ria, prevista inicialment per al 19 de juny, la prova s\u2019endarrereix finalment al dimecres 15 de juliol.<\/p>\n<p>Respecte a les PAP establertes per accedir a alguns graus universitaris, es realitzaran d\u2019acord amb els seg\u00fcent calendari:<\/p>\n<p>Traducci\u00f3 i interpretaci\u00f3 (angl\u00e8s): dissabte 11 de juliol (UAB i UPF)<br \/>\nCinema i mitjans audiovisuals: entre el 13 i el 15 de juliol (ESCAC \u2013 UB)<br \/>\nProducci\u00f3 M\u00fasica i So per a la Ind\u00fastria de l&#8217;Entreteniment: dilluns 13 de juliol (ENTI \u2013 UB)<br \/>\nPilot d&#8217;Aviaci\u00f3 Comercial i Operacions A\u00e8ries: dilluns 13 de juliol (CESDA \u2013 URV)<br \/>\nCi\u00e8ncies de l\u2019Activitat F\u00edsica i de l\u2019Esport (CAFE):<br \/>\nCAFE UVic-UCC: dilluns 13 de juliol<br \/>\nCAFE INEFC UB: dimarts 14 de juliol<br \/>\nCAFE INEFC UdL: dimecres 15 de juliol<br \/>\nCAFE Tecnocampus UPF: dijous 16 de juliol<br \/>\nM\u00e0rqueting (doc\u00e8ncia en angl\u00e8s): dijous 16 de juliol (ESIC \u2013 URV)<br \/>\nLes Proves Acc\u00e9s a la Universitat per a m\u00e9s grans 25 i 45 anys, previstes inicialment per al 20 i 27 de juny per a la Fase General i la Fase Espec\u00edfica respectivament, passen a celebrar-se el mateix dia totes dues, dissabte 18 de juliol. Al mat\u00ed es faran els ex\u00e0mens corresponents a la Fase General, i la tarda els de la Fase Espec\u00edfica.<\/p>\n","protected":false},"excerpt":{"rendered":"<p>Els ex\u00e0mens tindran lloc els dies 7, 8, 9 i 10 de juliol en universitats i centres de secund\u00e0ria La PAP per accedir als graus en Educaci\u00f3 Infantil i en Educaci\u00f3 Prim\u00e0ria s\u2019endarrereix al 15 de juliol Les PAU per a m\u00e9s grans de 25 i 45 anys tamb\u00e9 canvien de data i es faran [&hellip;]<\/p>\n","protected":false},"author":1,"featured_media":19117,"comment_status":"open","ping_status":"closed","sticky":false,"template":"","format":"standard","meta":{"_bbp_topic_count":0,"_bbp_reply_count":0,"_bbp_total_topic_count":0,"_bbp_total_reply_count":0,"_bbp_voice_count":0,"_bbp_anonymous_reply_count":0,"_bbp_topic_count_hidden":0,"_bbp_reply_count_hidden":0,"_bbp_forum_subforum_count":0,"site-sidebar-layout":"default","site-content-layout":"","ast-site-content-layout":"","site-content-style":"default","site-sidebar-style":"default","ast-global-header-display":"","ast-banner-title-visibility":"","ast-main-header-display":"","ast-hfb-above-header-display":"","ast-hfb-below-header-display":"","ast-hfb-mobile-header-display":"","site-post-title":"","ast-breadcrumbs-content":"","ast-featured-img":"","footer-sml-layout":"","theme-transparent-header-meta":"","adv-header-id-meta":"","stick-header-meta":"","header-above-stick-meta":"","header-main-stick-meta":"","header-below-stick-meta":"","astra-migrate-meta-layouts":"default","ast-page-background-enabled":"default","ast-page-background-meta":{"desktop":{"background-color":"var(--ast-global-color-4)","background-image":"","background-repeat":"repeat","background-position":"center center","background-size":"auto","background-attachment":"scroll","background-type":"","background-media":"","overlay-type":"","overlay-color":"","overlay-opacity":"","overlay-gradient":""},"tablet":{"background-color":"","background-image":"","background-repeat":"repeat","background-position":"center center","background-size":"auto","background-attachment":"scroll","background-type":"","background-media":"","overlay-type":"","overlay-color":"","overlay-opacity":"","overlay-gradient":""},"mobile":{"background-color":"","background-image":"","background-repeat":"repeat","background-position":"center center","background-size":"auto","background-attachment":"scroll","background-type":"","background-media":"","overlay-type":"","overlay-color":"","overlay-opacity":"","overlay-gradient":""}},"ast-content-background-meta":{"desktop":{"background-color":"var(--ast-global-color-5)","background-image":"","background-repeat":"repeat","background-position":"center center","background-size":"auto","background-attachment":"scroll","background-type":"","background-media":"","overlay-type":"","overlay-color":"","overlay-opacity":"","overlay-gradient":""},"tablet":{"background-color":"var(--ast-global-color-5)","background-image":"","background-repeat":"repeat","background-position":"center center","background-size":"auto","background-attachment":"scroll","background-type":"","background-media":"","overlay-type":"","overlay-color":"","overlay-opacity":"","overlay-gradient":""},"mobile":{"background-color":"var(--ast-global-color-5)","background-image":"","background-repeat":"repeat","background-position":"center center","background-size":"auto","background-attachment":"scroll","background-type":"","background-media":"","overlay-type":"","overlay-color":"","overlay-opacity":"","overlay-gradient":""}},"footnotes":""},"categories":[1036,29],"tags":[222,268,2291,524,806,2344,2215,987],"class_list":["post-19116","post","type-post","status-publish","format-standard","has-post-thumbnail","hentry","category-activitat-dels-centres","category-se-baixllobregat6","tag-alumnes","tag-batxillerat","tag-centres-educatius-en-linia","tag-estudiants","tag-pau","tag-proves-dacces-a-la-universitat","tag-reporteducacio","tag-universitat"],"post_mailing_queue_ids":[],"_links":{"self":[{"href":"https:\/\/serveiseducatius.xtec.cat\/baixllobregat6\/wp-json\/wp\/v2\/posts\/19116","targetHints":{"allow":["GET"]}}],"collection":[{"href":"https:\/\/serveiseducatius.xtec.cat\/baixllobregat6\/wp-json\/wp\/v2\/posts"}],"about":[{"href":"https:\/\/serveiseducatius.xtec.cat\/baixllobregat6\/wp-json\/wp\/v2\/types\/post"}],"author":[{"embeddable":true,"href":"https:\/\/serveiseducatius.xtec.cat\/baixllobregat6\/wp-json\/wp\/v2\/users\/1"}],"replies":[{"embeddable":true,"href":"https:\/\/serveiseducatius.xtec.cat\/baixllobregat6\/wp-json\/wp\/v2\/comments?post=19116"}],"version-history":[{"count":3,"href":"https:\/\/serveiseducatius.xtec.cat\/baixllobregat6\/wp-json\/wp\/v2\/posts\/19116\/revisions"}],"predecessor-version":[{"id":19143,"href":"https:\/\/serveiseducatius.xtec.cat\/baixllobregat6\/wp-json\/wp\/v2\/posts\/19116\/revisions\/19143"}],"wp:featuredmedia":[{"embeddable":true,"href":"https:\/\/serveiseducatius.xtec.cat\/baixllobregat6\/wp-json\/wp\/v2\/media\/19117"}],"wp:attachment":[{"href":"https:\/\/serveiseducatius.xtec.cat\/baixllobregat6\/wp-json\/wp\/v2\/media?parent=19116"}],"wp:term":[{"taxonomy":"category","embeddable":true,"href":"https:\/\/serveiseducatius.xtec.cat\/baixllobregat6\/wp-json\/wp\/v2\/categories?post=19116"},{"taxonomy":"post_tag","embeddable":true,"href":"https:\/\/serveiseducatius.xtec.cat\/baixllobregat6\/wp-json\/wp\/v2\/tags?post=19116"}],"curies":[{"name":"wp","href":"https:\/\/api.w.org\/{rel}","templated":true}]}}