{"id":19014,"date":"2020-05-13T10:07:02","date_gmt":"2020-05-13T08:07:02","guid":{"rendered":"http:\/\/serveiseducatius.xtec.cat\/baixllobregat6\/?p=19014"},"modified":"2020-05-15T09:52:02","modified_gmt":"2020-05-15T07:52:02","slug":"17-de-maig-dia-internacional-contra-lhomofobia-la-transfobia-i-la-bifobia-bibliografia-i-filmografia-tematica-seleccionada-per-la-biblioteca-del-departament-deducaciocat","status":"publish","type":"post","link":"https:\/\/serveiseducatius.xtec.cat\/baixllobregat6\/se-baixllobregat6\/17-de-maig-dia-internacional-contra-lhomofobia-la-transfobia-i-la-bifobia-bibliografia-i-filmografia-tematica-seleccionada-per-la-biblioteca-del-departament-deducaciocat\/","title":{"rendered":"17 de maig: Dia Internacional contra l&#8217;Homof\u00f2bia, la Transf\u00f2bia i la Bif\u00f2bia. Bibliografia i filmografia tem\u00e0tica seleccionada per la Biblioteca del Departament d&#8217;@Educaciocat"},"content":{"rendered":"<p><img loading=\"lazy\" decoding=\"async\" class=\"alignnone size-large wp-image-19016\" src=\"https:\/\/serveiseducatius.xtec.cat\/baixllobregat6\/wp-content\/uploads\/usu778\/2020\/05\/Outlook-mdejbioi-1024x576.png\" alt=\"\" width=\"1024\" height=\"576\" srcset=\"https:\/\/serveiseducatius.xtec.cat\/baixllobregat6\/wp-content\/uploads\/usu778\/2020\/05\/Outlook-mdejbioi-1024x576.png 1024w, https:\/\/serveiseducatius.xtec.cat\/baixllobregat6\/wp-content\/uploads\/usu778\/2020\/05\/Outlook-mdejbioi-520x293.png 520w, https:\/\/serveiseducatius.xtec.cat\/baixllobregat6\/wp-content\/uploads\/usu778\/2020\/05\/Outlook-mdejbioi-768x432.png 768w, https:\/\/serveiseducatius.xtec.cat\/baixllobregat6\/wp-content\/uploads\/usu778\/2020\/05\/Outlook-mdejbioi.png 1920w\" sizes=\"auto, (max-width: 1024px) 100vw, 1024px\" \/><\/p>\n<p>El 17 de maig \u00e9s el\u00a0<a href=\"https:\/\/treballiaferssocials.gencat.cat\/ca\/ambits_tematics\/lgbti\/diesinternacionalsLGTBI\/dicontrahomofobia\/\" target=\"_blank\" rel=\"noopener noreferrer\"><strong>Dia Internacional contra l&#8217;Homof\u00f2bia, la Transf\u00f2bia i la Bif\u00f2bia<\/strong><\/a>, que commemora la decis\u200b\u200bi\u00f3 del 1990 de l\u2019<strong>Organitzaci\u00f3 Mundial de la Salut<\/strong> d\u2019eliminar l\u2019homosexualitat de la llista de trastorns mentals. Cada vegada m\u00e9s els responsables pol\u00edtics, els l\u00edders d\u2019opini\u00f3, els mitjans de comunicaci\u00f3 i el p\u00fablic en general tenim el repte d\u2019afrontar la necessitat urgent de combatre la viol\u00e8ncia i la discriminaci\u00f3 contra les persones LGBTI i de construir societats inclusives, enriquides amb la seva diversitat<\/p>\n<p>Des de la <strong>Biblioteca del Departament d&#8217;Educaci\u00f3<\/strong>, en ocasi\u00f3 d&#8217;aquesta celebraci\u00f3, han preparat una breu bibliografia i filmografia tem\u00e0tica especial per aquests temps de confinament, ja que tots els llibres i pel\u00b7l\u00edcules s\u00f3n accessibles en l\u00ednia.<\/p>\n<p>&nbsp;<!--more--><\/p>\n<div>\n<div>L&#8217;objectiu d&#8217;aquest recull \u00e9s apropar-nos des d&#8217;un\u00a0vessant literari\u00a0i audiovisual a la q\u00fcesti\u00f3 LGBTI.<\/div>\n<div><\/div>\n<div>\n<ul>\n<li style=\"list-style-type: none;\">\n<ul>\n<li><strong>Documents\u00a0prestables des de la plataforma\u00a0<\/strong><a href=\"https:\/\/catalunya.ebiblio.es\/opac\/?locale=ca\" target=\"_blank\" rel=\"noopener noreferrer\"><strong>eBiblio\u200b<\/strong><\/a><strong> de les biblioteques p\u00fabliques\u00a0<\/strong><\/li>\n<\/ul>\n<\/li>\n<\/ul>\n<div><strong>\u200bLITERATURA PER A ADULTS *<\/strong><\/div>\n<div>\n<p><strong>\u200b<\/strong><\/p>\n<table class=\"ms-rteTable-2\" style=\"width: 1112px; border-style: hidden; height: 2167px;\" cellspacing=\"0\">\n<tbody>\n<tr class=\"ms-rteTableEvenRow-2\" style=\"height: 755px;\">\n<td class=\"ms-rteTableEvenCol-2\" style=\"width: 436px; height: 755px;\">\n<div>\u200b<img decoding=\"async\" class=\"ms-rteImage-2\" src=\"https:\/\/espai.educacio.gencat.cat\/Recursos\/Biblioteca\/Activitats-Biblioteca\/Activitats\/PublishingImages\/Pagines\/default\/Captura%20de%20pantalla%202020-05-08%20a%20las%207.25.12.png\" alt=\"Captura de pantalla 2020-05-08 a las 7.25.12.png\" \/><\/div>\n<div><a href=\"https:\/\/catalunya.ebiblio.es\/opac?id=00104451\" target=\"_blank\" rel=\"noopener noreferrer\">\u200bA Virginia le gustaba Vita<\/a><\/div>\n<div>Pilar Bellver<br \/>\nMadrid: Dos Bigotes, 2017.<\/div>\n<div><\/div>\n<div>Hist\u00f2ria d&#8217;amor real entre Vita Sackville-West i Virginia Woolf recreada en la imaginaci\u00f3 de Bellver, que aconsegueix que admirem l&#8217;apassionat sentit de la llibertat de les seves protagonistes.\u200b<\/div>\n<\/td>\n<td class=\"ms-rteTableOddCol-2\" style=\"width: 312px; height: 755px;\">\n<div>\u200b\u200b\u200b<img decoding=\"async\" class=\"ms-rteImage-2\" src=\"https:\/\/espai.educacio.gencat.cat\/Recursos\/Biblioteca\/Activitats-Biblioteca\/Activitats\/PublishingImages\/Pagines\/default\/Rebassa.png\" alt=\"Rebassa.png\" \/><\/div>\n<div><a href=\"https:\/\/catalunya.ebiblio.es\/opac?id=00103381\" target=\"_blank\" rel=\"noopener noreferrer\">Eren ells\u200b<\/a><\/div>\n<div>Carles Rebassa.<br \/>\nBarcelona: Angle, 2016.<\/div>\n<div><\/div>\n<div>\n<p>Un grup d&#8217;adolescents cerquen la seva identitat en un univers propi, de relacions ocultes i exaltades, viscudes amb l&#8217;emoci\u00f3 a flor de pell.<\/p>\n<\/div>\n<\/td>\n<td class=\"ms-rteTableEvenCol-2\" style=\"width: 364px; height: 755px;\">\n<div>\u200b<img decoding=\"async\" class=\"ms-rteImage-2\" src=\"https:\/\/espai.educacio.gencat.cat\/Recursos\/Biblioteca\/Activitats-Biblioteca\/Activitats\/PublishingImages\/Pagines\/default\/Escrito.png\" alt=\"Escrito.png\" \/>\u200b<\/div>\n<div><a href=\"https:\/\/catalunya.ebiblio.es\/opac?id=00117484\" target=\"_blank\" rel=\"noopener noreferrer\">Escrito en el cuerpo<\/a><br \/>\nJeanette Winterson.<br \/>\nBarcelona: Lumen, 2017.<\/div>\n<div><\/div>\n<div>La novel\u00b7la \u00e9s una topografia del desig que pren cos en dos amants, la mesura de la fidelitat i del lla\u00e7 conjugal.<\/div>\n<\/td>\n<\/tr>\n<tr class=\"ms-rteTableOddRow-2\" style=\"height: 797px;\">\n<td class=\"ms-rteTableEvenCol-2\" style=\"width: 436px; height: 797px;\">\n<div>\u200b<img decoding=\"async\" class=\"ms-rteImage-2\" src=\"https:\/\/espai.educacio.gencat.cat\/Recursos\/Biblioteca\/Activitats-Biblioteca\/Activitats\/PublishingImages\/Pagines\/default\/Winterson.png\" alt=\"Winterson.png\" \/><\/div>\n<div><a href=\"https:\/\/catalunya.ebiblio.es\/opac?id=00105545\" target=\"_blank\" rel=\"noopener noreferrer\">Los hu\u00e9spedes de pago<\/a><br \/>\nSarah Waters<br \/>\nBarcelona: Anagrama, 2017.<\/div>\n<div><\/div>\n<div>Anglaterra, anys vint. La Frances Wray \u00e9s una dona de 26 anys i un passat escandal\u00f3s. Viu amb la mare, una v\u00eddua que ha perdut a dos fills. De classe alta, veuen com la seva capacitat econ\u00f2mica disminueix fins que es veuen obligades a llogar una planta de casa seva.<\/div>\n<\/td>\n<td class=\"ms-rteTableOddCol-2\" style=\"width: 312px; height: 797px;\">\n<div>\u200b<img decoding=\"async\" class=\"ms-rteImage-2\" src=\"https:\/\/espai.educacio.gencat.cat\/Recursos\/Biblioteca\/Activitats-Biblioteca\/Activitats\/PublishingImages\/Pagines\/default\/Malandar.png\" alt=\"Malandar.png\" \/><\/div>\n<div><a href=\"https:\/\/catalunya.ebiblio.es\/opac?id=00141999\" target=\"_blank\" rel=\"noopener noreferrer\">Malandar<\/a><br \/>\nEduardo Mendicutti<br \/>\nBarcelona: Tusquets, 2018.<\/div>\n<div><\/div>\n<div>Als vuit anys el Toni, el Miguel i l&#8217;Elena es fan amics. A poc a poc, el Toni i el Miguel van descobrint una especial relaci\u00f3 entre tots dos que es prolongar\u00e0 tota la seva vida.<\/div>\n<\/td>\n<td class=\"ms-rteTableEvenCol-2\" style=\"width: 364px; height: 797px;\">\n<div>\u200b<img decoding=\"async\" class=\"ms-rteImage-2\" src=\"https:\/\/espai.educacio.gencat.cat\/Recursos\/Biblioteca\/Activitats-Biblioteca\/Activitats\/PublishingImages\/Pagines\/default\/Villena.png\" alt=\"Villena.png\" \/><\/div>\n<div><a href=\"https:\/\/catalunya.ebiblio.es\/opac?id=00171865\" target=\"_blank\" rel=\"noopener noreferrer\">Malditos\u200b<\/a><br \/>\nLuis Antonio de Villena<br \/>\nBarcelona: Bruguera, 2010.<\/div>\n<div><\/div>\n<div>Homenatge a una \u00e8poca i a uns personatges memorables: el llegendari Madrid de la \u00abmoguda\u00bb dels anys setanta. Un grup de joves descobreixen la nit, la droga, l&#8217;alcohol, l&#8217;homosexualitat i l&#8217;amor en totes les seves facetes.<\/div>\n<\/td>\n<\/tr>\n<tr class=\"ms-rteTableEvenRow-2\" style=\"height: 615px;\">\n<td class=\"ms-rteTableEvenCol-2\" style=\"width: 436px; height: 615px;\">\n<div>\u200b<img decoding=\"async\" class=\"ms-rteImage-2\" src=\"https:\/\/espai.educacio.gencat.cat\/Recursos\/Biblioteca\/Activitats-Biblioteca\/Activitats\/PublishingImages\/Pagines\/default\/Ca%C3%B1ete.png\" alt=\"Ca\u00f1ete.png\" \/><\/div>\n<div><a href=\"https:\/\/catalunya.ebiblio.es\/opac?id=00543743\" target=\"_blank\" rel=\"noopener noreferrer\">Una nueva felicidad\u200b<\/a><br \/>\nCurro Ca\u00f1ete<br \/>\nBarcelona: Destino, 2016.<\/div>\n<div><\/div>\n<div>Un testimoni commovedor sobre la import\u00e0ncia de ser valent a la vida. La hist\u00f2ria d&#8217;un viatge extraordinari cap a la llibertat i l&#8217;amor.<\/div>\n<\/td>\n<td class=\"ms-rteTableOddCol-2\" style=\"width: 312px; height: 615px;\">\n<div>\u200b<img decoding=\"async\" class=\"ms-rteImage-2\" src=\"https:\/\/espai.educacio.gencat.cat\/Recursos\/Biblioteca\/Activitats-Biblioteca\/Activitats\/PublishingImages\/Pagines\/default\/Chirbes.png\" alt=\"Chirbes.png\" \/><\/div>\n<div><a href=\"https:\/\/catalunya.ebiblio.es\/opac?id=00083417\" target=\"_blank\" rel=\"noopener noreferrer\">Paris-Austerlitz<\/a><br \/>\nRafael Chirbes<br \/>\nBarcelona: Anagrama, 2016.<\/div>\n<div><\/div>\n<div>El narrador d&#8217;aquesta hist\u00f2ria, un jove pintor madrileny de fam\u00edlia benestant i afiliat al Partit Comunista, rememora els passos que l&#8217;han portat a l&#8217;\u00faltim trajecte de la seva relaci\u00f3 amb el Michel.<\/div>\n<\/td>\n<td class=\"ms-rteTableEvenCol-2\" style=\"width: 364px; height: 615px;\">\n<div>\u200b<img decoding=\"async\" class=\"ms-rteImage-2\" src=\"https:\/\/espai.educacio.gencat.cat\/Recursos\/Biblioteca\/Activitats-Biblioteca\/Activitats\/PublishingImages\/Pagines\/default\/Izaguirre.png\" alt=\"Izaguirre.png\" \/><\/div>\n<div><a href=\"https:\/\/catalunya.ebiblio.es\/opac?id=00141965\" target=\"_blank\" rel=\"noopener noreferrer\">Tiempo de tormentas<\/a><br \/>\nBoris Izaguirre<br \/>\nBarcelona: Planeta, 2018.<\/div>\n<div><\/div>\n<div>Novel\u00b7la de car\u00e0cter autobiogr\u00e0fic. L&#8217;autor fa un recorregut per la seva vida, des de seva inf\u00e0ncia a Caracas fins el salt a la fama a Espanya.\u200b<\/div>\n<\/td>\n<\/tr>\n<\/tbody>\n<\/table>\n<p>\u200b<span style=\"font-family: inherit; font-size: 1em;\">\u200b<\/span><\/p>\n<\/div>\n<\/div>\n<\/div>\n<p><!--more--><\/p>\n<p><!--more--><\/p>\n<div>\n<div><strong>LITERATURA JUVENIL *<\/strong><\/div>\n<div><strong>\u00a0<\/strong><\/div>\n<div>\n<table class=\"ms-rteTable-2\" style=\"height: 2092px; width: 1109px;\" cellspacing=\"0\">\n<tbody>\n<tr class=\"ms-rteTableEvenRow-2\" style=\"height: 698px;\">\n<td class=\"ms-rteTableEvenCol-2\" style=\"height: 698px; width: 478.4px;\">\n<div>\u200b<img decoding=\"async\" class=\"ms-rteImage-2\" src=\"https:\/\/espai.educacio.gencat.cat\/Recursos\/Biblioteca\/Activitats-Biblioteca\/Activitats\/PublishingImages\/Pagines\/default\/Normal.png\" alt=\"Normal.png\" \/><\/div>\n<div><a href=\"https:\/\/catalunya.ebiblio.es\/opac?id=00083353\" target=\"_blank\" rel=\"noopener noreferrer\">L&#8217;art de ser normal<\/a><br \/>\nLisa Williamson<br \/>\nBarcelona: Fanbooks, 2016.<\/div>\n<div><\/div>\n<div>Una hist\u00f2ria sobre la lluita per la normalitat de ser diferents. En el seu primer dia de curs, en Leo nom\u00e9s t\u00e9 un objectiu: passar desapercebut i que ning\u00fa s&#8217;assabenti del seu passat. Per\u00f2 les coses es compliquen: la noia m\u00e9s guapa de la classe s&#8217;enamora d&#8217;ell i, a m\u00e9s a m\u00e9s, comen\u00e7a a fer-se amic d&#8217;en David, el raret de la classe. \u200b<\/div>\n<\/td>\n<td class=\"ms-rteTableOddCol-2\" style=\"height: 698px; width: 292.8px;\">\n<div>\u200b<img decoding=\"async\" class=\"ms-rteImage-2\" src=\"https:\/\/espai.educacio.gencat.cat\/Recursos\/Biblioteca\/Activitats-Biblioteca\/Activitats\/PublishingImages\/Pagines\/default\/boy%20meets.png\" alt=\"boy meets.png\" \/><\/div>\n<div><a href=\"https:\/\/catalunya.ebiblio.es\/opac?id=00104358\" target=\"_blank\" rel=\"noopener noreferrer\">Boy meets boy<\/a><br \/>\nDavid Levithan<br \/>\nMadrid: Alfaguara, 2016.<\/div>\n<div><\/div>\n<div>Aquesta \u00e9s la revolucion\u00e0ria hist\u00f2ria del Paul, una com\u00e8dia rom\u00e0ntica, alegre i significativa, sobre trobar l&#8217;amor, perdre&#8217;l i fer el que es necessiti per recuperar-lo en un m\u00f3n esbojarradament meravell\u00f3s.<\/div>\n<div>(Premi Lambda de Literatura)<\/div>\n<\/td>\n<td class=\"ms-rteTableEvenCol-2\" style=\"height: 698px; width: 336px;\">\n<div>\u200b<img decoding=\"async\" class=\"ms-rteImage-2\" src=\"https:\/\/espai.educacio.gencat.cat\/Recursos\/Biblioteca\/Activitats-Biblioteca\/Activitats\/PublishingImages\/Pagines\/default\/Fuego.png\" alt=\"Fuego.png\" \/><\/div>\n<div><a href=\"https:\/\/catalunya.ebiblio.es\/opac?id=00103502\" target=\"_blank\" rel=\"noopener noreferrer\">El fuego en el que ardo<\/a><br \/>\nMike Lightwood<br \/>\nPlataforma, 2016.<\/div>\n<div><\/div>\n<div>\n<p>El protagonista viu un infern per culpa dels que no l&#8217;accepten com \u00e9s. Per\u00f2 quan les coses es compliquen, coneix un noi de ciutat amb una visi\u00f3 de la vida totalment diferent, que l&#8217;ajudar\u00e0 a decidir si vol seguir igual o evolucionar.<\/p>\n<\/div>\n<\/td>\n<\/tr>\n<tr class=\"ms-rteTableOddRow-2\" style=\"height: 646px;\">\n<td class=\"ms-rteTableEvenCol-2\" style=\"height: 646px; width: 478.4px;\">\n<div>\u200b<img decoding=\"async\" class=\"ms-rteImage-2\" src=\"https:\/\/espai.educacio.gencat.cat\/Recursos\/Biblioteca\/Activitats-Biblioteca\/Activitats\/PublishingImages\/Pagines\/default\/George.png\" alt=\"George.png\" \/>\u200b<\/div>\n<div><a href=\"https:\/\/catalunya.ebiblio.es\/opac?id=00094509\" target=\"_blank\" rel=\"noopener noreferrer\">George simplemente s\u00e9 t\u00fa mismo<\/a><br \/>\nAlex Gino<br \/>\nBarcelona : Nube de Tinta, 2016.<\/div>\n<div><\/div>\n<div>Quan la gent veu al George, creu que \u00e9s un nen. Per\u00f2 el George sap que \u00e9s una nena i pensa que mai podr\u00e0 dir-li a ning\u00fa que ella, en realitat, \u00e9s una nena.<\/div>\n<\/td>\n<td class=\"ms-rteTableOddCol-2\" style=\"height: 646px; width: 292.8px;\">\n<div>\u200b<img decoding=\"async\" class=\"ms-rteImage-2\" src=\"https:\/\/espai.educacio.gencat.cat\/Recursos\/Biblioteca\/Activitats-Biblioteca\/Activitats\/PublishingImages\/Pagines\/default\/Jonas.png\" alt=\"Jonas.png\" \/><\/div>\n<div><a href=\"https:\/\/catalunya.ebiblio.es\/opac?id=00083409\" target=\"_blank\" rel=\"noopener noreferrer\">Jon\u00e0s<\/a><br \/>\nIsabel-Clara Sim\u00f3<br \/>\nBarcelona: La Butxaca, 2017.<\/div>\n<div><\/div>\n<div>L&#8217;\u00c0lex viatja a Nova York i\u00a0coneix al Jon\u00e0s. Descobreix la seva sexualitat oculta i l&#8217;amor sorgeix entre tots dos. Per\u00f2 la mort de la mare el fa tornar a Barcelona i la situaci\u00f3 pren un gir dram\u00e0tic.<\/div>\n<\/td>\n<td class=\"ms-rteTableEvenCol-2\" style=\"height: 646px; width: 336px;\">\n<div>\u200b<img decoding=\"async\" class=\"ms-rteImage-2\" src=\"https:\/\/espai.educacio.gencat.cat\/Recursos\/Biblioteca\/Activitats-Biblioteca\/Activitats\/PublishingImages\/Pagines\/default\/Solo%20tu.png\" alt=\"Solo tu.png\" \/><\/div>\n<div><a href=\"https:\/\/catalunya.ebiblio.es\/opac?id=00131363\" target=\"_blank\" rel=\"noopener noreferrer\">S\u00f3lo t\u00fa me conoces<\/a>\u200b<br \/>\nN. LaCour; D.\u00a0Levithan<br \/>\nBarcelona: Destino, 2017.<\/div>\n<div><\/div>\n<div>La Kate i el Mark, dos companys de classe que mai s&#8217;han dirigit la paraula, coincideixen en una nit en la que res surt b\u00e9 per a cap dels dos. A partir d&#8217;aquest moment, la for\u00e7a de l&#8217;amistat els unir\u00e0 fins a esdevenir grans amics.<\/div>\n<\/td>\n<\/tr>\n<tr class=\"ms-rteTableEvenRow-2\" style=\"height: 748px;\">\n<td class=\"ms-rteTableEvenCol-2\" style=\"height: 748px; width: 478.4px;\">\n<div>\u200b<img decoding=\"async\" class=\"ms-rteImage-2\" src=\"https:\/\/espai.educacio.gencat.cat\/Recursos\/Biblioteca\/Activitats-Biblioteca\/Activitats\/PublishingImages\/Pagines\/default\/Ventajas.png\" alt=\"Ventajas.png\" \/><\/div>\n<div><a href=\"https:\/\/catalunya.ebiblio.es\/opac?id=00155613\" target=\"_blank\" rel=\"noopener noreferrer\">Las ventajas de ser un marginado\u200b<\/a><\/div>\n<div>Stephen Chbosky<br \/>\nMadrid: Alfaguara, 2012.<\/div>\n<div><\/div>\n<div>El Charlie t\u00e9 quinze anys i s&#8217;ha quedat sol despr\u00e9s del su\u00efcidi del seu millor amic. Viu amb els seus pares, la seva popular germana i un germ\u00e0 gran que \u00e9s una estrella del futbol americ\u00e0 i que est\u00e0 a punt de comen\u00e7ar la universitat.<\/div>\n<\/td>\n<td class=\"ms-rteTableOddCol-2\" style=\"height: 748px; width: 292.8px;\">\u200b\u200b\u200b<br \/>\n\u200b\u200b<\/td>\n<td class=\"ms-rteTableEvenCol-2\" style=\"height: 748px; width: 336px;\">\u200b<\/td>\n<\/tr>\n<\/tbody>\n<\/table>\n<\/div>\n<div><\/div>\n<div>\u200b* Selecci\u00f3 elaborada\u00a0a partir de les guies i bibliografies especialitzades\u00a0de les biblioteques p\u00fabliques.<\/div>\n<div><\/div>\n<div>\u200b\u200b<\/div>\n<div><strong>LLARGMETRATGES<\/strong><\/div>\n<div><\/div>\n<div>\n<table class=\"ms-rteTable-2\" style=\"width: 100%; border-style: hidden;\" width=\"100%\" cellspacing=\"0\">\n<tbody>\n<tr class=\"ms-rteTableEvenRow-2\">\n<td class=\"ms-rteTableEvenCol-2\" style=\"width: 34.1113%;\">\n<div>\u200b<img decoding=\"async\" class=\"ms-rteImage-2\" src=\"https:\/\/espai.educacio.gencat.cat\/Recursos\/Biblioteca\/Activitats-Biblioteca\/Activitats\/PublishingImages\/Pagines\/default\/Against.png\" alt=\"Against.png\" \/><\/div>\n<div>\n<div><a href=\"https:\/\/catalunya.ebiblio.es\/opac?id=00533632\" target=\"_blank\" rel=\"noopener noreferrer\">Against the law<\/a><br \/>\nDirigida per Fergus O&#8217;Brien<br \/>\nBBC, 2017.<\/div>\n<div><\/div>\n<div>Deu anys abans de la despenalitzaci\u00f3 parcial de l&#8217;homosexualitat a la Gran Bretanya, el periodista Peter Wildeblood i els seus amics Lord Montagu i Michael Pirr-Rivers s\u00f3n declarats culpables i empresonats per indec\u00e8ncia i sodomia.<\/div>\n<\/div>\n<\/td>\n<td class=\"ms-rteTableOddCol-2\" style=\"width: 30.8797%;\">\n<div>\u200b<img decoding=\"async\" class=\"ms-rteImage-2\" src=\"https:\/\/espai.educacio.gencat.cat\/Recursos\/Biblioteca\/Activitats-Biblioteca\/Activitats\/PublishingImages\/Pagines\/default\/Armari.png\" alt=\"Armari.png\" \/><\/div>\n<div><a href=\"https:\/\/catalunya.ebiblio.es\/opac?id=00534114\" target=\"_blank\" rel=\"noopener noreferrer\">Dins l\u2019armari<\/a><br \/>\nDirigida per Sophia Luvar\u00e0<br \/>\nWitfilm, 2015.<\/div>\n<div><\/div>\n<div>En una societat xinesa on l&#8217;homosexualitat \u00e9s inacceptable, l&#8217;Andy i la Cherry lluiten per satisfer les expectatives dels seus pares.<\/div>\n<\/td>\n<td class=\"ms-rteTableEvenCol-2\" style=\"width: 34.9192%;\">\n<div>\u200b<img decoding=\"async\" class=\"ms-rteImage-2\" src=\"https:\/\/espai.educacio.gencat.cat\/Recursos\/Biblioteca\/Activitats-Biblioteca\/Activitats\/PublishingImages\/Pagines\/default\/dolan.png\" alt=\"dolan.png\" \/><\/div>\n<div><a href=\"https:\/\/catalunya.ebiblio.es\/opac?id=00535558\" target=\"_blank\" rel=\"noopener noreferrer\">Laurence anyway\u200b<\/a><br \/>\nDirigida per Xavier Dolan<br \/>\nLyla Films,\u00a02012.<\/div>\n<div><\/div>\n<div>El Laurence \u00e9s un professor de literatura que viu un apassionat roman\u00e7 amb la Fred, encara que un bon dia li confessa que se sent com una dona atrapada en un cos d&#8217;home. I emprendr\u00e0 la transformaci\u00f3, encara que no per aix\u00f2 deixar\u00e0 d&#8217;estimar-la.<\/div>\n<\/td>\n<\/tr>\n<tr class=\"ms-rteTableOddRow-2\">\n<td class=\"ms-rteTableEvenCol-2\" style=\"width: 34.1113%;\">\n<div>\u200b<img decoding=\"async\" class=\"ms-rteImage-2\" src=\"https:\/\/espai.educacio.gencat.cat\/Recursos\/Biblioteca\/Activitats-Biblioteca\/Activitats\/PublishingImages\/Pagines\/default\/BBC.png\" alt=\"BBC.png\" \/><\/div>\n<div>\n<div><a href=\"https:\/\/catalunya.ebiblio.es\/opac?id=00536081\" target=\"_blank\" rel=\"noopener noreferrer\">Pride<\/a><br \/>\nDirigida per Matthew Warchus<br \/>\nBBC Films, 2014.<\/div>\n<div><\/div>\n<div>Estiu de 1984. Margaret Thatcher governa i el Sindicat Nacional de Miners (NUM) ha convocat una vaga. Durant la manifestaci\u00f3 de l&#8217;Orgull Gai a Londres, un grup de lesbianes i gais es dedica a recaptar fons per ajudar a les fam\u00edlies dels miners.<\/div>\n<\/div>\n<\/td>\n<td class=\"ms-rteTableOddCol-2\" style=\"width: 30.8797%;\">\n<div>\u200b<img decoding=\"async\" class=\"ms-rteImage-2\" src=\"https:\/\/espai.educacio.gencat.cat\/Recursos\/Biblioteca\/Activitats-Biblioteca\/Activitats\/PublishingImages\/Pagines\/default\/sciamma.png\" alt=\"sciamma.png\" \/><\/div>\n<div><a href=\"https:\/\/catalunya.ebiblio.es\/opac?id=00536436\" target=\"_blank\" rel=\"noopener noreferrer\">Tomboy<\/a><br \/>\nDirigida per C\u00e9line Sciamma<br \/>\nKarma, 2015.<\/div>\n<div><\/div>\n<div>Una fam\u00edlia francesa amb dues filles, la Laure i la Jeanne, es muden a un nou ve\u00efnat.\u00a0Amb el seu pentinat i les seves maneres masculines, la Laure decideix fer creure als seus nous amics del barri que \u00e9s un noi, en Mikael.<\/div>\n<\/td>\n<td class=\"ms-rteTableEvenCol-2\" style=\"width: 34.9192%;\">\u200b<\/td>\n<\/tr>\n<\/tbody>\n<\/table>\n<\/div>\n<div>\u200b<\/div>\n<div>\n<ul>\n<li>\u200b\u200b<strong>Documents accessibles des d&#8217;altres plataformes gratu\u00eftes<\/strong><\/li>\n<\/ul>\n<div><strong>CURTMETRATGES<\/strong><\/div>\n<\/div>\n<div><strong>\u00a0<\/strong><\/div>\n<div>\n<table class=\"ms-rteTable-2\" style=\"height: 1172px; width: 1109px; border-style: hidden;\" cellspacing=\"0\">\n<tbody>\n<tr class=\"ms-rteTableEvenRow-2\" style=\"height: 305px;\">\n<td class=\"ms-rteTableEvenCol-2\" style=\"height: 305px; width: 179.2px;\">\n<div>\u200b<img decoding=\"async\" class=\"ms-rteImage-2\" src=\"https:\/\/espai.educacio.gencat.cat\/Recursos\/Biblioteca\/Activitats-Biblioteca\/Activitats\/PublishingImages\/2_Colell.png\" alt=\"2_Colell.png\" \/>\u200b<\/div>\n<div>Diversitat en curt:\u00a0<a href=\"https:\/\/www.ccma.cat\/tv3\/alacarta\/diversitat-en-curt\/aniversari-de-judith-colell\/video\/5611060\/\" target=\"_blank\" rel=\"noopener noreferrer\">Aniversari<\/a><\/div>\n<div>\n<div>Dirigida per Judith Colell<\/div>\n<div>CCMA\u200b, 2016.<\/div>\n<\/div>\n<div><\/div>\n<div>La hist\u00f2ria d&#8217;una nena que sempre ha desitjat ser nen.<\/div>\n<\/td>\n<td class=\"ms-rteTableOddCol-2\" style=\"height: 305px; width: 524px;\">\n<div>\n<div>\u200b\u200b\u200b\u200b<img decoding=\"async\" class=\"ms-rteImage-2\" src=\"https:\/\/espai.educacio.gencat.cat\/Recursos\/Biblioteca\/Activitats-Biblioteca\/Activitats\/PublishingImages\/Pagines\/default\/3_Lacuesta.png\" alt=\"3_Lacuesta.png\" \/><\/div>\n<div>\u200b\u200b\u200bDiversitat en curt:\u00a0<a href=\"https:\/\/www.ccma.cat\/tv3\/alacarta\/diversitat-en-curt\/autoretrat-en-rosa-i-blau-disaki-lacuesta\/video\/5611061\/\" target=\"_blank\" rel=\"noopener noreferrer\">Besar-te com un home<\/a><\/div>\n<\/div>\n<div>Dirigida per Isaki Lacuesta<\/div>\n<div>\n<p>CCMA\u200b, 2016.\u200b\u200b<\/p>\n<\/div>\n<div>Reflexi\u00f3 sobre l&#8217;homosexualitat a partir del primer pet\u00f3.\u200b<\/div>\n<\/td>\n<td class=\"ms-rteTableEvenCol-2\" style=\"height: 305px; width: 404px;\">\n<div>\n<p>\u200b\u200b\u200b<img decoding=\"async\" class=\"ms-rteImage-2\" src=\"https:\/\/espai.educacio.gencat.cat\/Recursos\/Biblioteca\/Activitats-Biblioteca\/Activitats\/PublishingImages\/Pagines\/default\/4_Subirana.png\" alt=\"4_Subirana.png\" \/><\/p>\n<div>Diversitat en curt:\u00a0<a href=\"https:\/\/www.ccma.cat\/tv3\/alacarta\/diversitat-en-curt\/jupiter-i-mart-de-carla-subirana\/video\/5611070\/\" target=\"_blank\" rel=\"noopener noreferrer\">J\u00fapiter i Mart\u200b<\/a>Dirigida per Carla Subirana<\/div>\n<\/div>\n<div>\n<div>CCMA\u200b, 2016\u200b.\u200b<\/div>\n<\/div>\n<div><\/div>\n<div>A partir d&#8217;aquests dos planetes brillants, la Bruna i el Josep parlen de la seva fam\u00edlia, formada per dues mares.<\/div>\n<\/td>\n<\/tr>\n<tr class=\"ms-rteTableOddRow-2\" style=\"height: 867px;\">\n<td class=\"ms-rteTableEvenCol-2\" style=\"height: 867px; width: 179.2px;\">\n<div>\n<p><img decoding=\"async\" class=\"ms-rteImage-2\" src=\"https:\/\/espai.educacio.gencat.cat\/Recursos\/Biblioteca\/Activitats-Biblioteca\/Activitats\/PublishingImages\/Pagines\/default\/5_Coixet.png\" alt=\"5_Coixet.png\" \/>\u200b<\/p>\n<\/div>\n<div>\n<div>Diversitat en curt:\u00a0<a href=\"https:\/\/www.ccma.cat\/tv3\/alacarta\/curtcircuit-33\/normal-disabel-coixet\/video\/5611058\/\" target=\"_blank\" rel=\"noopener noreferrer\">Normal<\/a><\/div>\n<div>Dirigida per Isabel Coixet<\/div>\n<div>CCMA\u200b, 2016.\u200b<\/div>\n<\/div>\n<div><\/div>\n<div>Des de l&#8217;est\u00e8tica de videoclip, Coixet fa una reflexi\u00f3 sobre el que \u00e9s o el que no \u00e9s &#8220;normal&#8221;.<\/div>\n<\/td>\n<td class=\"ms-rteTableOddCol-2\" style=\"height: 867px; width: 524px;\">\n<div>\u200b<img decoding=\"async\" class=\"ms-rteImage-2\" src=\"https:\/\/espai.educacio.gencat.cat\/Recursos\/Biblioteca\/Activitats-Biblioteca\/Activitats\/PublishingImages\/Pagines\/default\/Mai.png\" alt=\"Mai.png\" \/><\/div>\n<div>\n<div><a href=\"https:\/\/www.youtube.com\/watch?v=g4Nn5npg55k\" target=\"_blank\" rel=\"noopener noreferrer\">Mai<\/a><\/div>\n<div>Dirigida per M.\u00a0Gonz\u00e1lez de la Vega<\/div>\n<div>Premi al millor curtmetratge &#8211; Certamen de J\u00f3venes Creadores del Ayuntamiento de Madrid, 2017.<\/div>\n<\/div>\n<div><\/div>\n<div>La Carmeta, la Mari i la Pilar s\u00f3n tres ve\u00efnes de Sucs, un petit poble situat a la Plana de Lleida, que cada dia passen la tarda al banc de la cantonada. L&#8217;arribada d&#8217;una misteriosa parella de noies al poble es converteix en el tema principal de conversa entre les tres amigues.<\/div>\n<\/td>\n<td class=\"ms-rteTableEvenCol-2\" style=\"height: 867px; width: 404px;\">\n<div>\u200b<img decoding=\"async\" class=\"ms-rteImage-2\" src=\"https:\/\/espai.educacio.gencat.cat\/Recursos\/Biblioteca\/Activitats-Biblioteca\/Activitats\/PublishingImages\/Pagines\/default\/Tras%20la%20piel.png\" alt=\"Tras la piel.png\" \/><\/div>\n<div>\n<div><a href=\"https:\/\/www.youtube.com\/watch?v=7wTIpR1l6eA\" target=\"_blank\" rel=\"noopener noreferrer\">Tras la piel\u200b<\/a><\/div>\n<div>Dirigida per Antonio Ufarte<\/div>\n<div>Premi del P\u00fablic &#8211; Festival Internacional de cine de Valladolid 2017.<\/div>\n<\/div>\n<div><\/div>\n<div>Despr\u00e9s de molts anys fora de casa, la Duna torna al seu poble natal per retrobar-se amb el seu pare malalt. A la seva arribada s&#8217;enfrontar\u00e0 amb el rebuig i la incomprensi\u00f3 d&#8217;aquest per la seva transsexualitat.<\/div>\n<\/td>\n<\/tr>\n<\/tbody>\n<\/table>\n<\/div>\n<div>\u200b<\/div>\n<div>\u200b<\/div>\n<div><strong>MITJANS DE COMUNICACI\u00d3<\/strong><\/div>\n<div><\/div>\n<div>\n<table class=\"ms-rteTable-2\" width=\"100%\" cellspacing=\"0\">\n<tbody>\n<tr class=\"ms-rteTableEvenRow-2\">\n<td class=\"ms-rteTableEvenCol-2\">\n<div>\u200b<img decoding=\"async\" src=\"https:\/\/espai.educacio.gencat.cat\/Recursos\/Biblioteca\/Activitats-Biblioteca\/Activitats\/PublishingImages\/Pagines\/default\/idemtv.png\" alt=\"idemtv.png\" \/><\/div>\n<div><a href=\"http:\/\/www.idemtv.com\/\" target=\"_blank\" rel=\"noopener noreferrer\">idemTV\u200b<\/a>\u00a0\u00e9s una organitzaci\u00f3 sense \u00e0nim de lucre, formada per persones provinents de diferents \u00e0mbits laborals i professionals que uneixen la seva experi\u00e8ncia i formaci\u00f3 per a donar forma audiovisual i informativa a les not\u00edcies i esdeveniments que es produeixen en el sector del moviment LGTBIQ.<\/div>\n<\/td>\n<td class=\"ms-rteTableOddCol-2\">\n<div>\u200b<img decoding=\"async\" src=\"https:\/\/espai.educacio.gencat.cat\/Recursos\/Biblioteca\/Activitats-Biblioteca\/Activitats\/PublishingImages\/Pagines\/default\/Plurals%20singulars.png\" alt=\"Plurals singulars.png\" \/><\/div>\n<div><a href=\"https:\/\/www.rtve.es\/alacarta\/audios\/plurals-i-singulars-a-radio-4\/\" target=\"_blank\" rel=\"noopener noreferrer\">Programa<\/a>\u00a0a favor de la igualtat i contra qualsevol discriminaci\u00f3. Vol representar les reivindicacions i les aspiracions dels col.lectius LGTBi.\u200b\u200b<\/div>\n<\/td>\n<\/tr>\n<\/tbody>\n<\/table>\n<\/div>\n<div><\/div>\n<div><strong>RECURSOS<\/strong><\/div>\n<div><\/div>\n<div>\n<table class=\"ms-rteTable-2\" style=\"width: 100%; height: 380px;\" width=\"100%\" cellspacing=\"0\">\n<tbody>\n<tr class=\"ms-rteTableEvenRow-2\" style=\"height: 380px;\">\n<td class=\"ms-rteTableEvenCol-2\" style=\"width: 100%; height: 380px;\"><a href=\"http:\/\/xtec.gencat.cat\/ca\/centres\/celebracions\/2020\/dia-internacional-contra-lhomofobia-la-transfobia-i-la-bifobia\/\" target=\"_blank\" rel=\"noopener noreferrer\">XTEC\u200b<\/a><\/p>\n<p><a href=\"http:\/\/transexualia.org\/documentacion-apoyo\/#\" target=\"_blank\" rel=\"noopener noreferrer\">AET \u2013 Transexu\u200balia\u200b<\/a><\/p>\n<p><a href=\"http:\/\/www.ampgil.org\/ca\/guies\/guies.html\" target=\"_blank\" rel=\"noopener noreferrer\">Associaci\u00f3 de Pares i Mares de Gais, Lesbianes, Bisexuals i Transsexuals (AMPGIL)<\/a><\/p>\n<p><a href=\"https:\/\/transformalasalut.wordpress.com\/eines\/associacions-i-col%C2%B7lectius\/\" target=\"_blank\" rel=\"noopener noreferrer\">Associacions i col\u00b7lectius transg\u00e8nere\u200b<\/a><\/p>\n<p><a href=\"https:\/\/www.cogam.es\/que-hacemos\/servicios-lgtb\/educacion\/documentos-educativos\/\" target=\"_blank\" rel=\"noopener noreferrer\">Colectivo LGTB+ de Madrid\u200b<\/a><\/p>\n<p><a href=\"http:\/\/gaispositius.org\/publicacions\/documents\/\" target=\"_blank\" rel=\"noopener noreferrer\">Gais positius<\/a>\u200b<\/p>\n<p><a href=\"http:\/\/www.educatolerancia.com\/lgtbifobia-recursos-educativos\/\" target=\"_blank\" rel=\"noopener noreferrer\">Movimiento contra la Intolerancia<\/a><br \/>\n\u200b\u200b<br \/>\n<a href=\"https:\/\/och.cat\/recursos\/\" target=\"_blank\" rel=\"noopener noreferrer\">Observatori contra l&#8217;Homof\u00f2bia<\/a><\/p>\n<p><a href=\"http:\/\/www.talcomsom.org\/recursos\/\" target=\"_blank\" rel=\"noopener noreferrer\">Tal com som<\/a><\/td>\n<\/tr>\n<\/tbody>\n<\/table>\n<\/div>\n<div><\/div>\n<div><strong>ORGANITZACIONS INTERNACIONALS<\/strong><\/div>\n<div>\n<p>\u200b<\/p>\n<table class=\"ms-rteTable-2\" width=\"100%\" cellspacing=\"0\">\n<tbody>\n<tr class=\"ms-rteTableEvenRow-2\">\n<td class=\"ms-rteTableEvenCol-2\">\n<div><a href=\"https:\/\/www.ilga-europe.org\/\" target=\"_blank\" rel=\"noopener noreferrer\">LGBTI equality and human rights in Europe and Central Asia<\/a><\/div>\n<div><\/div>\n<div><a href=\"https:\/\/tgeu.org\/\" target=\"_blank\" rel=\"noopener noreferrer\">Transgender Europe<\/a>\u200b\u200b<\/div>\n<div><\/div>\n<div><a href=\"https:\/\/oiieurope.org\/\" target=\"_blank\" rel=\"noopener noreferrer\">Organisation Intersex International Europe\u200b<\/a><\/div>\n<\/td>\n<\/tr>\n<\/tbody>\n<\/table>\n<\/div>\n<div><\/div>\n<div><strong>MARC NORMATIU,\u00a0PROTOCOLS I INFORMES<\/strong><\/div>\n<div><\/div>\n<div>\n<table class=\"ms-rteTable-2\" width=\"100%\" cellspacing=\"0\">\n<tbody>\n<tr class=\"ms-rteTableEvenRow-2\">\n<td class=\"ms-rteTableEvenCol-2\">\n<div>\u200b<a href=\"https:\/\/portaldogc.gencat.cat\/utilsEADOP\/PDF\/6730\/1376345.pdf\" target=\"_blank\" rel=\"noopener noreferrer\">Llei 11\/2014,<\/a>\u00a0de 10 d\u2019octubre, per garantir els drets de lesbianes, gais, bisexuals, transg\u00e8neres i intersexuals i per erradicar l\u2019homof\u00f2bia, la bif\u00f2bia i la transf\u00f2bia<\/div>\n<div>\u200b\u200b<\/div>\n<div><a href=\"https:\/\/ajuntament.barcelona.cat\/lgtbi\/sites\/default\/files\/documentacio\/p_4.2_llei_homofobia_lf_llibret_cat_penjat.pdf\" target=\"_blank\" rel=\"noopener noreferrer\">Lectura f\u00e0cil de la Llei 11\/2014<\/a>. Barcelona: Ajuntament de Barcelona, 2015.<\/div>\n<div><\/div>\n<div><a href=\"https:\/\/www.youtube.com\/watch?v=6s9QCsM3Po8\" target=\"_blank\" rel=\"noopener noreferrer\">V\u00eddeo de la Llei 11\/2014 a Catalunya. El deure d&#8217;intervenci\u00f3 en casos de discriminaci\u00f3 de persones LGBTI+<\/a>. Barcelona: Escola d&#8217;Administraci\u00f3 de Catalunya i la Direcci\u00f3 General d&#8217;Igualtat de la Generalitat de Catalunya, 2015<\/div>\n<div><\/div>\n<div><a href=\"http:\/\/xtec.gencat.cat\/ca\/centres\/projeducatiu\/convivencia\/protocols\/assetjament-escolar-persones-lgbti\/index.html\" target=\"_blank\" rel=\"noopener noreferrer\">Protocol de prevenci\u00f3, detecci\u00f3 i intervenci\u00f3 enfront l\u2019assetjament escolar a persones LGBTI\u200b<\/a>. Barcelona: Departament d&#8217;Educaci\u00f3, 2017.<\/div>\n<div><\/div>\n<div><a href=\"https:\/\/treballiaferssocials.gencat.cat\/web\/.content\/03ambits_tematics\/09lgtbi\/Llei11_2014\/deure_intervencio\/protocolintervencio.pdf\" target=\"_blank\" rel=\"noopener noreferrer\">Protocol que desplega el deure d\u2019intervenci\u00f3 de les persones que treballen a les administracions p\u00fabliques de Catalunya per a fer efectiu l\u2019abordatge de l\u2019homof\u00f2bia, la bif\u00f2bia i la transf\u00f2bia a Catalunya\u200b<\/a>. Barcelona: Departament de Treball, Afers Socials i Fam\u00edlia, 2017.<\/div>\n<div><\/div>\n<div>\n<div><a href=\"https:\/\/rm.coe.int\/prems-125718-gbr-2575-safe-at-school-a4-web\/16809024f5\" target=\"_blank\" rel=\"noopener noreferrer\">Safe at school: education sector responses to violence based on sexual orientation, gender identity\/expression or sex characteristics in Europe\u200b<\/a>.\u00a0Estrasburg: Consell d&#8217;Europa, 2018.<\/div>\n<p>\u200b<\/p>\n<\/div>\n<div><\/div>\n<div>\n<p><em>Data d&#8221;elaboraci\u00f3: 11 de maig\u00a0de 2020<\/em>\u200b\u200b<\/p>\n<\/div>\n<\/td>\n<\/tr>\n<\/tbody>\n<\/table>\n<\/div>\n<\/div>\n","protected":false},"excerpt":{"rendered":"<p>El 17 de maig \u00e9s el\u00a0Dia Internacional contra l&#8217;Homof\u00f2bia, la Transf\u00f2bia i la Bif\u00f2bia, que commemora la decis\u200b\u200bi\u00f3 del 1990 de l\u2019Organitzaci\u00f3 Mundial de la Salut d\u2019eliminar l\u2019homosexualitat de la llista de trastorns mentals. Cada vegada m\u00e9s els responsables pol\u00edtics, els l\u00edders d\u2019opini\u00f3, els mitjans de comunicaci\u00f3 i el p\u00fablic en general tenim el repte [&hellip;]<\/p>\n","protected":false},"author":1,"featured_media":19016,"comment_status":"open","ping_status":"closed","sticky":false,"template":"","format":"standard","meta":{"_bbp_topic_count":0,"_bbp_reply_count":0,"_bbp_total_topic_count":0,"_bbp_total_reply_count":0,"_bbp_voice_count":0,"_bbp_anonymous_reply_count":0,"_bbp_topic_count_hidden":0,"_bbp_reply_count_hidden":0,"_bbp_forum_subforum_count":0,"site-sidebar-layout":"default","site-content-layout":"","ast-site-content-layout":"","site-content-style":"default","site-sidebar-style":"default","ast-global-header-display":"","ast-banner-title-visibility":"","ast-main-header-display":"","ast-hfb-above-header-display":"","ast-hfb-below-header-display":"","ast-hfb-mobile-header-display":"","site-post-title":"","ast-breadcrumbs-content":"","ast-featured-img":"","footer-sml-layout":"","theme-transparent-header-meta":"","adv-header-id-meta":"","stick-header-meta":"","header-above-stick-meta":"","header-main-stick-meta":"","header-below-stick-meta":"","astra-migrate-meta-layouts":"default","ast-page-background-enabled":"default","ast-page-background-meta":{"desktop":{"background-color":"var(--ast-global-color-4)","background-image":"","background-repeat":"repeat","background-position":"center center","background-size":"auto","background-attachment":"scroll","background-type":"","background-media":"","overlay-type":"","overlay-color":"","overlay-opacity":"","overlay-gradient":""},"tablet":{"background-color":"","background-image":"","background-repeat":"repeat","background-position":"center center","background-size":"auto","background-attachment":"scroll","background-type":"","background-media":"","overlay-type":"","overlay-color":"","overlay-opacity":"","overlay-gradient":""},"mobile":{"background-color":"","background-image":"","background-repeat":"repeat","background-position":"center center","background-size":"auto","background-attachment":"scroll","background-type":"","background-media":"","overlay-type":"","overlay-color":"","overlay-opacity":"","overlay-gradient":""}},"ast-content-background-meta":{"desktop":{"background-color":"var(--ast-global-color-5)","background-image":"","background-repeat":"repeat","background-position":"center center","background-size":"auto","background-attachment":"scroll","background-type":"","background-media":"","overlay-type":"","overlay-color":"","overlay-opacity":"","overlay-gradient":""},"tablet":{"background-color":"var(--ast-global-color-5)","background-image":"","background-repeat":"repeat","background-position":"center center","background-size":"auto","background-attachment":"scroll","background-type":"","background-media":"","overlay-type":"","overlay-color":"","overlay-opacity":"","overlay-gradient":""},"mobile":{"background-color":"var(--ast-global-color-5)","background-image":"","background-repeat":"repeat","background-position":"center center","background-size":"auto","background-attachment":"scroll","background-type":"","background-media":"","overlay-type":"","overlay-color":"","overlay-opacity":"","overlay-gradient":""}},"footnotes":""},"categories":[162,1078,29],"tags":[1436,2337,368,417,420,2338,2340,883,2341,922,2339],"class_list":["post-19014","post","type-post","status-publish","format-standard","has-post-thumbnail","hentry","category-actualitat","category-informacions","category-se-baixllobregat6","tag-biblioreport","tag-bifobia","tag-convivencia","tag-drets-civils","tag-drets-humans","tag-homofobia","tag-oms","tag-recursos-pedagogics","tag-salut-sexual","tag-sexualitat","tag-transfobia"],"post_mailing_queue_ids":[],"_links":{"self":[{"href":"https:\/\/serveiseducatius.xtec.cat\/baixllobregat6\/wp-json\/wp\/v2\/posts\/19014","targetHints":{"allow":["GET"]}}],"collection":[{"href":"https:\/\/serveiseducatius.xtec.cat\/baixllobregat6\/wp-json\/wp\/v2\/posts"}],"about":[{"href":"https:\/\/serveiseducatius.xtec.cat\/baixllobregat6\/wp-json\/wp\/v2\/types\/post"}],"author":[{"embeddable":true,"href":"https:\/\/serveiseducatius.xtec.cat\/baixllobregat6\/wp-json\/wp\/v2\/users\/1"}],"replies":[{"embeddable":true,"href":"https:\/\/serveiseducatius.xtec.cat\/baixllobregat6\/wp-json\/wp\/v2\/comments?post=19014"}],"version-history":[{"count":4,"href":"https:\/\/serveiseducatius.xtec.cat\/baixllobregat6\/wp-json\/wp\/v2\/posts\/19014\/revisions"}],"predecessor-version":[{"id":19054,"href":"https:\/\/serveiseducatius.xtec.cat\/baixllobregat6\/wp-json\/wp\/v2\/posts\/19014\/revisions\/19054"}],"wp:featuredmedia":[{"embeddable":true,"href":"https:\/\/serveiseducatius.xtec.cat\/baixllobregat6\/wp-json\/wp\/v2\/media\/19016"}],"wp:attachment":[{"href":"https:\/\/serveiseducatius.xtec.cat\/baixllobregat6\/wp-json\/wp\/v2\/media?parent=19014"}],"wp:term":[{"taxonomy":"category","embeddable":true,"href":"https:\/\/serveiseducatius.xtec.cat\/baixllobregat6\/wp-json\/wp\/v2\/categories?post=19014"},{"taxonomy":"post_tag","embeddable":true,"href":"https:\/\/serveiseducatius.xtec.cat\/baixllobregat6\/wp-json\/wp\/v2\/tags?post=19014"}],"curies":[{"name":"wp","href":"https:\/\/api.w.org\/{rel}","templated":true}]}}