{"id":19007,"date":"2020-05-10T12:42:04","date_gmt":"2020-05-10T10:42:04","guid":{"rendered":"http:\/\/serveiseducatius.xtec.cat\/baixllobregat6\/?p=19007"},"modified":"2020-05-12T13:00:39","modified_gmt":"2020-05-12T11:00:39","slug":"consideracions-de-loms-sobre-les-mesures-de-salut-publica-relacionades-amb-lescola-en-el-context-de-la-covid-19","status":"publish","type":"post","link":"https:\/\/serveiseducatius.xtec.cat\/baixllobregat6\/politicaeducativa\/consideracions-de-loms-sobre-les-mesures-de-salut-publica-relacionades-amb-lescola-en-el-context-de-la-covid-19\/","title":{"rendered":"Consideracions de l&#8217;OMS sobre les mesures de salut p\u00fablica relacionades amb l&#8217;escola en el context de la COVID-19"},"content":{"rendered":"<p><img loading=\"lazy\" decoding=\"async\" class=\"alignnone size-large wp-image-19009\" src=\"https:\/\/serveiseducatius.xtec.cat\/baixllobregat6\/wp-content\/uploads\/usu778\/2020\/05\/WHO-1024x329.jpg\" alt=\"\" width=\"1024\" height=\"329\" srcset=\"https:\/\/serveiseducatius.xtec.cat\/baixllobregat6\/wp-content\/uploads\/usu778\/2020\/05\/WHO-1024x329.jpg 1024w, https:\/\/serveiseducatius.xtec.cat\/baixllobregat6\/wp-content\/uploads\/usu778\/2020\/05\/WHO-520x167.jpg 520w, https:\/\/serveiseducatius.xtec.cat\/baixllobregat6\/wp-content\/uploads\/usu778\/2020\/05\/WHO-768x247.jpg 768w\" sizes=\"auto, (max-width: 1024px) 100vw, 1024px\" \/><\/p>\n<p>En resposta a la COVID-19, pa\u00efsos de tot el m\u00f3n han posat en marxa diverses mesures socials i de salut p\u00fablica (PHSM), com ara el confinament de la ciutadania,\u00a0restriccions de moviment, tancament d\u2019escoles i negocis i restriccions de viatges internacionals.<\/p>\n<p>L&#8217;<a href=\"https:\/\/www.who.int\/\" target=\"_blank\" rel=\"noopener noreferrer\"><strong>Organitzaci\u00f3 Mundial de la Salut<\/strong> <\/a>ha revisat la literatura cient\u00edfica que es va generant sobre la pand\u00e8mia i tamb\u00e9 mitjan\u00e7ant la discussi\u00f3 amb experts, els socis regionals i pr\u00e0ctiques de refer\u00e8ncia fetes en determinats pa\u00efsos, ha elaborat diverses guies sobre quines mesures adoptat segons cada context.<\/p>\n<p>En aquest cas, la guia s&#8217;adre\u00e7a als\u00a0 responsables de les administracions educatives amb capacitat de decisi\u00f3 i als educadors sobre com o quan es pot reobrir o tancar escoles en el context de COVID-19. Aquestes decisions tenen implicacions importants per a nens, pares o cuidadors, professors i altres membres del personal, comunitats i societat en general..<!--more--><\/p>\n<p><iframe loading=\"lazy\" src=\"https:\/\/drive.google.com\/file\/d\/1AfH665qAj6T6zGKhow0BLnJPmKVB2zHU\/preview\" width=\"640\" height=\"900\"><\/iframe><\/p>\n","protected":false},"excerpt":{"rendered":"<p>En resposta a la COVID-19, pa\u00efsos de tot el m\u00f3n han posat en marxa diverses mesures socials i de salut p\u00fablica (PHSM), com ara el confinament de la ciutadania,\u00a0restriccions de moviment, tancament d\u2019escoles i negocis i restriccions de viatges internacionals. L&#8217;Organitzaci\u00f3 Mundial de la Salut ha revisat la literatura cient\u00edfica que es va generant sobre [&hellip;]<\/p>\n","protected":false},"author":1,"featured_media":19009,"comment_status":"open","ping_status":"closed","sticky":false,"template":"","format":"standard","meta":{"_bbp_topic_count":0,"_bbp_reply_count":0,"_bbp_total_topic_count":0,"_bbp_total_reply_count":0,"_bbp_voice_count":0,"_bbp_anonymous_reply_count":0,"_bbp_topic_count_hidden":0,"_bbp_reply_count_hidden":0,"_bbp_forum_subforum_count":0,"site-sidebar-layout":"default","site-content-layout":"","ast-site-content-layout":"","site-content-style":"default","site-sidebar-style":"default","ast-global-header-display":"","ast-banner-title-visibility":"","ast-main-header-display":"","ast-hfb-above-header-display":"","ast-hfb-below-header-display":"","ast-hfb-mobile-header-display":"","site-post-title":"","ast-breadcrumbs-content":"","ast-featured-img":"","footer-sml-layout":"","theme-transparent-header-meta":"","adv-header-id-meta":"","stick-header-meta":"","header-above-stick-meta":"","header-main-stick-meta":"","header-below-stick-meta":"","astra-migrate-meta-layouts":"default","ast-page-background-enabled":"default","ast-page-background-meta":{"desktop":{"background-color":"var(--ast-global-color-4)","background-image":"","background-repeat":"repeat","background-position":"center center","background-size":"auto","background-attachment":"scroll","background-type":"","background-media":"","overlay-type":"","overlay-color":"","overlay-opacity":"","overlay-gradient":""},"tablet":{"background-color":"","background-image":"","background-repeat":"repeat","background-position":"center center","background-size":"auto","background-attachment":"scroll","background-type":"","background-media":"","overlay-type":"","overlay-color":"","overlay-opacity":"","overlay-gradient":""},"mobile":{"background-color":"","background-image":"","background-repeat":"repeat","background-position":"center center","background-size":"auto","background-attachment":"scroll","background-type":"","background-media":"","overlay-type":"","overlay-color":"","overlay-opacity":"","overlay-gradient":""}},"ast-content-background-meta":{"desktop":{"background-color":"var(--ast-global-color-5)","background-image":"","background-repeat":"repeat","background-position":"center center","background-size":"auto","background-attachment":"scroll","background-type":"","background-media":"","overlay-type":"","overlay-color":"","overlay-opacity":"","overlay-gradient":""},"tablet":{"background-color":"var(--ast-global-color-5)","background-image":"","background-repeat":"repeat","background-position":"center center","background-size":"auto","background-attachment":"scroll","background-type":"","background-media":"","overlay-type":"","overlay-color":"","overlay-opacity":"","overlay-gradient":""},"mobile":{"background-color":"var(--ast-global-color-5)","background-image":"","background-repeat":"repeat","background-position":"center center","background-size":"auto","background-attachment":"scroll","background-type":"","background-media":"","overlay-type":"","overlay-color":"","overlay-opacity":"","overlay-gradient":""}},"footnotes":""},"categories":[1036,1,29],"tags":[220,305,2259,446,447,537,2183,854,2215],"class_list":["post-19007","post","type-post","status-publish","format-standard","has-post-thumbnail","hentry","category-activitat-dels-centres","category-politicaeducativa","category-se-baixllobregat6","tag-alumnat","tag-centres-educatius-2","tag-covid19","tag-educacio-primaria","tag-educacio-secundaria","tag-families","tag-personal-dadministracio-i-serveis","tag-professorat","tag-reporteducacio"],"post_mailing_queue_ids":[],"_links":{"self":[{"href":"https:\/\/serveiseducatius.xtec.cat\/baixllobregat6\/wp-json\/wp\/v2\/posts\/19007","targetHints":{"allow":["GET"]}}],"collection":[{"href":"https:\/\/serveiseducatius.xtec.cat\/baixllobregat6\/wp-json\/wp\/v2\/posts"}],"about":[{"href":"https:\/\/serveiseducatius.xtec.cat\/baixllobregat6\/wp-json\/wp\/v2\/types\/post"}],"author":[{"embeddable":true,"href":"https:\/\/serveiseducatius.xtec.cat\/baixllobregat6\/wp-json\/wp\/v2\/users\/1"}],"replies":[{"embeddable":true,"href":"https:\/\/serveiseducatius.xtec.cat\/baixllobregat6\/wp-json\/wp\/v2\/comments?post=19007"}],"version-history":[{"count":3,"href":"https:\/\/serveiseducatius.xtec.cat\/baixllobregat6\/wp-json\/wp\/v2\/posts\/19007\/revisions"}],"predecessor-version":[{"id":19012,"href":"https:\/\/serveiseducatius.xtec.cat\/baixllobregat6\/wp-json\/wp\/v2\/posts\/19007\/revisions\/19012"}],"wp:featuredmedia":[{"embeddable":true,"href":"https:\/\/serveiseducatius.xtec.cat\/baixllobregat6\/wp-json\/wp\/v2\/media\/19009"}],"wp:attachment":[{"href":"https:\/\/serveiseducatius.xtec.cat\/baixllobregat6\/wp-json\/wp\/v2\/media?parent=19007"}],"wp:term":[{"taxonomy":"category","embeddable":true,"href":"https:\/\/serveiseducatius.xtec.cat\/baixllobregat6\/wp-json\/wp\/v2\/categories?post=19007"},{"taxonomy":"post_tag","embeddable":true,"href":"https:\/\/serveiseducatius.xtec.cat\/baixllobregat6\/wp-json\/wp\/v2\/tags?post=19007"}],"curies":[{"name":"wp","href":"https:\/\/api.w.org\/{rel}","templated":true}]}}