{"id":18998,"date":"2020-05-11T18:52:22","date_gmt":"2020-05-11T16:52:22","guid":{"rendered":"http:\/\/serveiseducatius.xtec.cat\/baixllobregat6\/?p=18998"},"modified":"2020-05-11T19:02:41","modified_gmt":"2020-05-11T17:02:41","slug":"informe-obrim-leducacio-mesures-de-xoc-i-reformes-prioritaries-davant-la-crisi-de-la-covid-19","status":"publish","type":"post","link":"https:\/\/serveiseducatius.xtec.cat\/baixllobregat6\/politicaeducativa\/informe-obrim-leducacio-mesures-de-xoc-i-reformes-prioritaries-davant-la-crisi-de-la-covid-19\/","title":{"rendered":"Obrim l&#8217;educaci\u00f3 Mesures de xoc i reformes priorit\u00e0ries davant la crisi de la COVID-19"},"content":{"rendered":"<p><img loading=\"lazy\" decoding=\"async\" class=\"alignleft wp-image-19000 \" src=\"https:\/\/serveiseducatius.xtec.cat\/baixllobregat6\/wp-content\/uploads\/usu778\/2020\/05\/ImatgeMesures.jpg\" alt=\"\" width=\"434\" height=\"626\" srcset=\"https:\/\/serveiseducatius.xtec.cat\/baixllobregat6\/wp-content\/uploads\/usu778\/2020\/05\/ImatgeMesures.jpg 393w, https:\/\/serveiseducatius.xtec.cat\/baixllobregat6\/wp-content\/uploads\/usu778\/2020\/05\/ImatgeMesures-360x520.jpg 360w\" sizes=\"auto, (max-width: 434px) 100vw, 434px\" \/>Informe promogut per la <strong><a href=\"https:\/\/www.fbofill.cat\/\" target=\"_blank\" rel=\"noopener noreferrer\">Fundaci\u00f3 Bofill<\/a><\/strong> de mesures educatives urgents per garantir el dret a l&#8217;educaci\u00f3 durant la crisi de la COVID19 per evitar les desigualtats, enfortir el sistema educatiu i garantir la recuperaci\u00f3 educativa dels propers anys.<\/p>\n<p><!--more--><\/p>\n<p>En un primer bloc, a&#8217;apunten <strong>10 paquets de \u201cmesures de xoc\u201d<\/strong>, dirigides a contenir les conseq\u00fc\u00e8ncies desigualadores de l\u2019abs\u00e8ncia de classes i les vacances d\u2019estiu. S\u00f3n un total de 30 mesures organitzades d\u2019acord amb tres moments i objectius d\u2019aplicaci\u00f3: a) finalitzaci\u00f3 del curs 2019-2020; b) per\u00edode d\u2019estiu; c) inici i seguiment del curs 2020-2021.<\/p>\n<p>En un segon bloc, es plantegen un conjunt de reptes i \u00e0mbits de reforma, que expliquen el perqu\u00e8 dels riscos i urg\u00e8ncies actual, i que considerem primordial abordar en paral\u00b7lel a les mesures de xoc m\u00e9s immediates. S\u00f3n <strong>10 \u00e0mbits de reforma prioritaris<\/strong>\u00a0(20 mesures), que s\u2019haurien d\u2019entomar amb fermesa ja des del curs 2020-2021 per tal de convertir el proper trienni en un per\u00edode d\u2019aut\u00e8ntic impuls i l\u2019equitat en l\u2019educaci\u00f3.<\/p>\n<p>L&#8217;objectiu \u00e9s generar un debat urgent que ha de permetre generar compromisos i cimentar les respostes de pol\u00edtica educativa que necessitem ara i per al futur.<\/p>\n<p>&nbsp;<\/p>\n<p>&nbsp;<\/p>\n<p><iframe loading=\"lazy\" src=\"https:\/\/drive.google.com\/file\/d\/1iQKOu6X_XpTCGBBVoTOo_Z19f8tlJ6Ar\/preview\" width=\"800\" height=\"1100\"><\/iframe><\/p>\n<p>|<a href=\"https:\/\/www.fbofill.cat\/obrim-leducacio-un-pais-de-noves-oportunitats\" target=\"_blank\" rel=\"noopener noreferrer\">M\u00e9s info sobre el <strong>Projecte Obrim l&#8217;Educaci\u00f3<\/strong><\/a><em>|<\/em><\/p>\n","protected":false},"excerpt":{"rendered":"<p>Informe promogut per la Fundaci\u00f3 Bofill de mesures educatives urgents per garantir el dret a l&#8217;educaci\u00f3 durant la crisi de la COVID19 per evitar les desigualtats, enfortir el sistema educatiu i garantir la recuperaci\u00f3 educativa dels propers anys.<\/p>\n","protected":false},"author":1,"featured_media":19000,"comment_status":"open","ping_status":"closed","sticky":false,"template":"","format":"standard","meta":{"_bbp_topic_count":0,"_bbp_reply_count":0,"_bbp_total_topic_count":0,"_bbp_total_reply_count":0,"_bbp_voice_count":0,"_bbp_anonymous_reply_count":0,"_bbp_topic_count_hidden":0,"_bbp_reply_count_hidden":0,"_bbp_forum_subforum_count":0,"site-sidebar-layout":"default","site-content-layout":"","ast-site-content-layout":"","site-content-style":"default","site-sidebar-style":"default","ast-global-header-display":"","ast-banner-title-visibility":"","ast-main-header-display":"","ast-hfb-above-header-display":"","ast-hfb-below-header-display":"","ast-hfb-mobile-header-display":"","site-post-title":"","ast-breadcrumbs-content":"","ast-featured-img":"","footer-sml-layout":"","theme-transparent-header-meta":"","adv-header-id-meta":"","stick-header-meta":"","header-above-stick-meta":"","header-main-stick-meta":"","header-below-stick-meta":"","astra-migrate-meta-layouts":"default","ast-page-background-enabled":"default","ast-page-background-meta":{"desktop":{"background-color":"var(--ast-global-color-4)","background-image":"","background-repeat":"repeat","background-position":"center center","background-size":"auto","background-attachment":"scroll","background-type":"","background-media":"","overlay-type":"","overlay-color":"","overlay-opacity":"","overlay-gradient":""},"tablet":{"background-color":"","background-image":"","background-repeat":"repeat","background-position":"center center","background-size":"auto","background-attachment":"scroll","background-type":"","background-media":"","overlay-type":"","overlay-color":"","overlay-opacity":"","overlay-gradient":""},"mobile":{"background-color":"","background-image":"","background-repeat":"repeat","background-position":"center center","background-size":"auto","background-attachment":"scroll","background-type":"","background-media":"","overlay-type":"","overlay-color":"","overlay-opacity":"","overlay-gradient":""}},"ast-content-background-meta":{"desktop":{"background-color":"var(--ast-global-color-5)","background-image":"","background-repeat":"repeat","background-position":"center center","background-size":"auto","background-attachment":"scroll","background-type":"","background-media":"","overlay-type":"","overlay-color":"","overlay-opacity":"","overlay-gradient":""},"tablet":{"background-color":"var(--ast-global-color-5)","background-image":"","background-repeat":"repeat","background-position":"center center","background-size":"auto","background-attachment":"scroll","background-type":"","background-media":"","overlay-type":"","overlay-color":"","overlay-opacity":"","overlay-gradient":""},"mobile":{"background-color":"var(--ast-global-color-5)","background-image":"","background-repeat":"repeat","background-position":"center center","background-size":"auto","background-attachment":"scroll","background-type":"","background-media":"","overlay-type":"","overlay-color":"","overlay-opacity":"","overlay-gradient":""}},"footnotes":""},"categories":[75,1,29],"tags":[220,2335,305,2291,2259,395,446,447,564,2334,854,2215,2336,2287,928,939],"class_list":["post-18998","post","type-post","status-publish","format-standard","has-post-thumbnail","hentry","category-pee020","category-politicaeducativa","category-se-baixllobregat6","tag-alumnat","tag-aministracio-educativa","tag-centres-educatius-2","tag-centres-educatius-en-linia","tag-covid19","tag-desigualtats-socials","tag-educacio-primaria","tag-educacio-secundaria","tag-fundacio-bofill","tag-obrim-leducacio","tag-professorat","tag-reporteducacio","tag-risc-dexclusio-social","tag-serveiseducatiusenlinia","tag-sistema-educatiu","tag-solidaritat"],"post_mailing_queue_ids":[],"_links":{"self":[{"href":"https:\/\/serveiseducatius.xtec.cat\/baixllobregat6\/wp-json\/wp\/v2\/posts\/18998","targetHints":{"allow":["GET"]}}],"collection":[{"href":"https:\/\/serveiseducatius.xtec.cat\/baixllobregat6\/wp-json\/wp\/v2\/posts"}],"about":[{"href":"https:\/\/serveiseducatius.xtec.cat\/baixllobregat6\/wp-json\/wp\/v2\/types\/post"}],"author":[{"embeddable":true,"href":"https:\/\/serveiseducatius.xtec.cat\/baixllobregat6\/wp-json\/wp\/v2\/users\/1"}],"replies":[{"embeddable":true,"href":"https:\/\/serveiseducatius.xtec.cat\/baixllobregat6\/wp-json\/wp\/v2\/comments?post=18998"}],"version-history":[{"count":3,"href":"https:\/\/serveiseducatius.xtec.cat\/baixllobregat6\/wp-json\/wp\/v2\/posts\/18998\/revisions"}],"predecessor-version":[{"id":19006,"href":"https:\/\/serveiseducatius.xtec.cat\/baixllobregat6\/wp-json\/wp\/v2\/posts\/18998\/revisions\/19006"}],"wp:featuredmedia":[{"embeddable":true,"href":"https:\/\/serveiseducatius.xtec.cat\/baixllobregat6\/wp-json\/wp\/v2\/media\/19000"}],"wp:attachment":[{"href":"https:\/\/serveiseducatius.xtec.cat\/baixllobregat6\/wp-json\/wp\/v2\/media?parent=18998"}],"wp:term":[{"taxonomy":"category","embeddable":true,"href":"https:\/\/serveiseducatius.xtec.cat\/baixllobregat6\/wp-json\/wp\/v2\/categories?post=18998"},{"taxonomy":"post_tag","embeddable":true,"href":"https:\/\/serveiseducatius.xtec.cat\/baixllobregat6\/wp-json\/wp\/v2\/tags?post=18998"}],"curies":[{"name":"wp","href":"https:\/\/api.w.org\/{rel}","templated":true}]}}