{"id":18968,"date":"2020-05-09T13:00:21","date_gmt":"2020-05-09T11:00:21","guid":{"rendered":"http:\/\/serveiseducatius.xtec.cat\/baixllobregat6\/?p=18968"},"modified":"2020-05-09T13:00:21","modified_gmt":"2020-05-09T11:00:21","slug":"laculturaacasa-una-proposta-de-patrimoni-cultural-de-la-generalitat-de-catalunya","status":"publish","type":"post","link":"https:\/\/serveiseducatius.xtec.cat\/baixllobregat6\/se-baixllobregat6\/laculturaacasa-una-proposta-de-patrimoni-cultural-de-la-generalitat-de-catalunya\/","title":{"rendered":"#LaCulturaaCasa, una proposta de Patrimoni Cultural de la Generalitat de Catalunya"},"content":{"rendered":"<p><img loading=\"lazy\" decoding=\"async\" class=\"size-full wp-image-18969 aligncenter\" src=\"https:\/\/serveiseducatius.xtec.cat\/baixllobregat6\/wp-content\/uploads\/usu778\/2020\/05\/patrimonigencat.png\" alt=\"\" width=\"900\" height=\"386\" srcset=\"https:\/\/serveiseducatius.xtec.cat\/baixllobregat6\/wp-content\/uploads\/usu778\/2020\/05\/patrimonigencat.png 900w, https:\/\/serveiseducatius.xtec.cat\/baixllobregat6\/wp-content\/uploads\/usu778\/2020\/05\/patrimonigencat-520x223.png 520w, https:\/\/serveiseducatius.xtec.cat\/baixllobregat6\/wp-content\/uploads\/usu778\/2020\/05\/patrimonigencat-768x329.png 768w\" sizes=\"auto, (max-width: 900px) 100vw, 900px\" \/><\/p>\n<p>L&#8217;<a href=\"http:\/\/patrimoni.gencat.cat\/ca\" target=\"_blank\" rel=\"noopener noreferrer\">Ag\u00e8ncia Catalana del Patrimoni Cultural<\/a> des del seu web presenta els principals elements del patrimoni cultural catal\u00e0: monuments, elements del patrimoni immaterial, personatges&#8230; Alguns dels apartats del seu web s\u00f3n d&#8217;inter\u00e8s per als centres educatius. A continuaci\u00f3 us en mostrem algun d&#8217;aquests apartats:<\/p>\n<h4><a href=\"http:\/\/patrimoni.gencat.cat\/ca\/timeline\/all\" target=\"_blank\" rel=\"noopener noreferrer\">Navega en el temps<\/a><\/h4>\n<p>Un fris cronol\u00f2gic que va des dels temps de la prehist\u00f2ria fins la Catalunya actual. Aquest fris es divideix en 13 grans per\u00edodes que inclouen un total de 302 elements patrimonials (esgl\u00e9sies, castells, personatges, pobles, indrets, museu&#8230;), cadascun dels quals t\u00e9 una breu descripci\u00f3.<\/p>\n<h4><a href=\"http:\/\/patrimoni.gencat.cat\/ca\/histories-patrimoni\" target=\"_blank\" rel=\"noopener noreferrer\">Hist\u00f2ries del patrimoni<\/a><\/h4>\n<p>El t\u00edtol d&#8217;aquests apartat \u00e9s ben aclaridor sobre el contingut que ofereix. S\u00f3n 19 hist\u00f2ries sobre elements del patrimoni cultural catal\u00e0. Abasten continguts tan diferents com la <strong><a href=\"http:\/\/patrimoni.gencat.cat\/ca\/histories\/past-female\" target=\"_blank\" rel=\"noopener noreferrer\">Roca dels Moros del Cogul<\/a><\/strong> a l&#8217;explicaci\u00f3 de per qu\u00e8 <strong><a href=\"http:\/\/patrimoni.gencat.cat\/ca\/histories\/barcelona-ciutat-de-dracs\" target=\"_blank\" rel=\"noopener noreferrer\">Barcelona \u00e9s una ciutat de dracs<\/a><\/strong>, passant per una reconstrucci\u00f3 en 3D al <strong><a href=\"http:\/\/patrimoni.gencat.cat\/ca\/histories\/el-patrimoni-en-3d\" target=\"_blank\" rel=\"noopener noreferrer\">poblat ib\u00e8ric d&#8217;Ullastret<\/a><\/strong> o ens ajuda a con\u00e8ixer alguns dels <strong><a href=\"http:\/\/patrimoni.gencat.cat\/ca\/histories\/els-artistes-del-romanic\" target=\"_blank\" rel=\"noopener noreferrer\">artistes del rom\u00e0nic catal\u00e0<\/a><\/strong>.<br \/>\n<!--more--><\/p>\n<h4><a href=\"https:\/\/sketchfab.com\/patrimonigencat\" target=\"_blank\" rel=\"noopener noreferrer\">Models 3D<\/a><\/h4>\n<p>S&#8217;hi mostra la reconstrucci\u00f3 en 3D d&#8217;entre altres elements patrimonials la del <a href=\"https:\/\/sketchfab.com\/3d-models\/claustre-de-la-seu-vella-de-lleida-fccfcc3fe7194562b9cecc59069f04b0\" target=\"_blank\" rel=\"noopener noreferrer\">Claustre<\/a> i la <a href=\"https:\/\/sketchfab.com\/3d-models\/porta-dels-apostols-seu-vella-de-lleida-b27f7f205f944d9486d0eb78415d3e43\" target=\"_blank\" rel=\"noopener noreferrer\">Porta dels Ap\u00f2stols<\/a> de la Seu Vella de Lleida, la <a href=\"https:\/\/sketchfab.com\/3d-models\/canonica-santa-maria-de-vilabertran-claustre-97630059ad924a569eb17bac841e00d5\" target=\"_blank\" rel=\"noopener noreferrer\">Can\u00f2nica de Santa Maria<\/a> Vilabertran, la <a href=\"https:\/\/sketchfab.com\/3d-models\/palau-moja-facana-a-la-rambla-c76c78d4f2b0402da02d3c8e11532df7\" target=\"_blank\" rel=\"noopener noreferrer\">fa\u00e7ana de la Rambla del Palau Moja<\/a> de Barcelona o la <a href=\"https:\/\/sketchfab.com\/3d-models\/capella-de-sant-jordi-palau-de-la-generalitat-17ac134428b24eda892557de6406a93f\" target=\"_blank\" rel=\"noopener noreferrer\">Capella de Sant Jordi<\/a> del Palau de la Generalitat de Catalunya.<\/p>\n<h4><a href=\"http:\/\/patrimoni.gencat.cat\/ca\/laculturaacasa\/monuments-i-jaciments\" target=\"_blank\" rel=\"noopener noreferrer\">Visites virtuals<\/a><\/h4>\n<p>I permet fer visites virtuals a trav\u00e9s del Google Street View als 32 elements patrimonials que s&#8217;han incl\u00f2s en el projecte endegat per Patrimoni Cultural. Aix\u00ed permet fer una visita virtual als monuments com la <a href=\"https:\/\/www.google.com\/maps\/@41.2559803,0.8102937,3a,75y,351.92h,102.32t\/data=!3m6!1e1!3m4!1s0Y-GsOwkqKsjzuuinur1gg!2e0!7i13312!8i6656\" target=\"_blank\" rel=\"noopener noreferrer\">Cartoixa d&#8217;Escaladei<\/a>, la <a href=\"https:\/\/www.google.com\/maps?ll=41.115848,1.238997&amp;spn=65.458633,129.550781&amp;layer=c&amp;cbp=12,241.71,,0,10.27&amp;panoid=LTDY1IzQ1k0C2CZkjd9R2w&amp;t=m&amp;z=4&amp;cbll=41.115848,1.238997+https:\/\/maps.google.com\/?ll%3D41.115786,1.238805&amp;spn=65.458633,129.550781&amp;layer=c&amp;cbp=12,55.97,,0,5.57&amp;panoid=XPCoM5lAIZE2HIDS6-XvVg&amp;t=m&amp;z=4&amp;cbll=41.115786,1.238805\" target=\"_blank\" rel=\"noopener noreferrer\">Necr\u00f2polis Paleocristiana de Tarragona<\/a> o el <a href=\"https:\/\/www.google.com\/maps\/@41.9139767,1.6854934,3a,75y,245.74h,94.81t\/data=!3m6!1e1!3m4!1siX4o_zrQ6FVh08xOXng_vw!2e0!7i13312!8i6656\" target=\"_blank\" rel=\"noopener noreferrer\">Castell de Cardona<\/a>. Tamb\u00e9 s&#8217;inclouen enlla\u00e7os a altres projectes com alguns tours virtuals per l&#8217;obra de Gaud\u00ed o per la T\u00e0rraco romana.<\/p>\n<h4><a href=\"http:\/\/patrimoni.gencat.cat\/ca\/laculturaacasa\/families-i-educacio\" target=\"_blank\" rel=\"noopener noreferrer\">Fam\u00edlies i educaci\u00f3<\/a><\/h4>\n<p>Extens recull d&#8217;activitats i recursos d&#8217;un destacat valor educatiu: audiovisuals, jocs, llegendes&#8230; elaborats per l&#8217;Ag\u00e8ncia Catalana del Patrimoni Cultura o per d&#8217;altres entitats (Museu d&#8217;Hist\u00f2ria de Catalunya, Museu d&#8217;Arqueologia de Catalunya&#8230;). Hi podeu trobar entre d&#8217;altres recursos:<\/p>\n<blockquote>\n<ul>\n<li><a href=\"https:\/\/www.youtube.com\/playlist?list=PLoSdotam3UnjAtiiTzx3cmzYlCSLv89pZ\" target=\"_blank\" rel=\"noopener noreferrer\">Canal de Youtube &#8220;Rom\u00e0nic Obert&#8221;<\/a>. Clics que acosten el temps del rom\u00e0nic d&#8217;una manera l\u00fadica i entenedora.<\/li>\n<li><a href=\"https:\/\/mhcat.cat\/activitats\/familiars_culturals\/activitats_infantils_i_familiars\/joc_parelles_de_la_nostra_historia\" target=\"_blank\" rel=\"noopener noreferrer\">Joc de les parelles de la nostra hist\u00f2ria<\/a>, del Museu d&#8217;Hist\u00f2ria de Catalunya\u00a0<em>(descarregable).<\/em><\/li>\n<li><a href=\"http:\/\/www.rutadelsibers.cat\/Apren\/Jocs\" target=\"_blank\" rel=\"noopener noreferrer\">Jocs de la ruta dels \u00edbers<\/a>, del Museu d&#8217;Arqueologia de Catalunya\u00a0<em>(descarregable)<\/em><\/li>\n<li><a href=\"http:\/\/monuments.mhcat.cat\/content\/download\/20336\/188326\/file\/La+roca+activitats+def.pdf\">Fitxa informativa sobre la Roca del Moros del Cogul<\/a>\u00a0<em>(descarregable)<\/em><\/li>\n<\/ul>\n<\/blockquote>\n<h4><a href=\"http:\/\/patrimoni.gencat.cat\/ca\/laculturaacasa\/documentals-tv\" target=\"_blank\" rel=\"noopener noreferrer\">Documentals de TV<\/a><\/h4>\n<p>Enlla\u00e7os directes als cap\u00edtols de programes de TV3 en els que l&#8217;Ag\u00e8ncia Catalana del Patrimoni Cultural ha participat al llarg dels darrers anys. S\u00f3n programes divulgatius que expliquen l&#8217;art i la hist\u00f2ria de Catalunya d&#8217;una manera innovadora i diferent perqu\u00e8 tots els p\u00fablics descobreixin la riquesa patrimonial de Catalunya.<\/p>\n<blockquote>\n<ul>\n<li>El lloc dels fets (13 cap\u00edtols)<\/li>\n<li>Art endins (13 cap\u00edtols)<\/li>\n<li>Sota Terra (2 temporades de 13 cap\u00edtols cadascuna)<\/li>\n<\/ul>\n<\/blockquote>\n<p>&nbsp;<\/p>\n<p>&nbsp;<\/p>\n<p>&nbsp;<\/p>\n","protected":false},"excerpt":{"rendered":"<p>L&#8217;Ag\u00e8ncia Catalana del Patrimoni Cultural des del seu web presenta els principals elements del patrimoni cultural catal\u00e0: monuments, elements del patrimoni immaterial, personatges&#8230; Alguns dels apartats del seu web s\u00f3n d&#8217;inter\u00e8s per als centres educatius. A continuaci\u00f3 us en mostrem algun d&#8217;aquests apartats: Navega en el temps Un fris cronol\u00f2gic que va des dels temps [&hellip;]<\/p>\n","protected":false},"author":1,"featured_media":18969,"comment_status":"open","ping_status":"closed","sticky":false,"template":"","format":"standard","meta":{"_bbp_topic_count":0,"_bbp_reply_count":0,"_bbp_total_topic_count":0,"_bbp_total_reply_count":0,"_bbp_voice_count":0,"_bbp_anonymous_reply_count":0,"_bbp_topic_count_hidden":0,"_bbp_reply_count_hidden":0,"_bbp_forum_subforum_count":0,"site-sidebar-layout":"default","site-content-layout":"","ast-site-content-layout":"","site-content-style":"default","site-sidebar-style":"default","ast-global-header-display":"","ast-banner-title-visibility":"","ast-main-header-display":"","ast-hfb-above-header-display":"","ast-hfb-below-header-display":"","ast-hfb-mobile-header-display":"","site-post-title":"","ast-breadcrumbs-content":"","ast-featured-img":"","footer-sml-layout":"","theme-transparent-header-meta":"","adv-header-id-meta":"","stick-header-meta":"","header-above-stick-meta":"","header-main-stick-meta":"","header-below-stick-meta":"","astra-migrate-meta-layouts":"default","ast-page-background-enabled":"default","ast-page-background-meta":{"desktop":{"background-color":"var(--ast-global-color-4)","background-image":"","background-repeat":"repeat","background-position":"center center","background-size":"auto","background-attachment":"scroll","background-type":"","background-media":"","overlay-type":"","overlay-color":"","overlay-opacity":"","overlay-gradient":""},"tablet":{"background-color":"","background-image":"","background-repeat":"repeat","background-position":"center center","background-size":"auto","background-attachment":"scroll","background-type":"","background-media":"","overlay-type":"","overlay-color":"","overlay-opacity":"","overlay-gradient":""},"mobile":{"background-color":"","background-image":"","background-repeat":"repeat","background-position":"center center","background-size":"auto","background-attachment":"scroll","background-type":"","background-media":"","overlay-type":"","overlay-color":"","overlay-opacity":"","overlay-gradient":""}},"ast-content-background-meta":{"desktop":{"background-color":"var(--ast-global-color-5)","background-image":"","background-repeat":"repeat","background-position":"center center","background-size":"auto","background-attachment":"scroll","background-type":"","background-media":"","overlay-type":"","overlay-color":"","overlay-opacity":"","overlay-gradient":""},"tablet":{"background-color":"var(--ast-global-color-5)","background-image":"","background-repeat":"repeat","background-position":"center center","background-size":"auto","background-attachment":"scroll","background-type":"","background-media":"","overlay-type":"","overlay-color":"","overlay-opacity":"","overlay-gradient":""},"mobile":{"background-color":"var(--ast-global-color-5)","background-image":"","background-repeat":"repeat","background-position":"center center","background-size":"auto","background-attachment":"scroll","background-type":"","background-media":"","overlay-type":"","overlay-color":"","overlay-opacity":"","overlay-gradient":""}},"footnotes":""},"categories":[29,1025],"tags":[37,297,400,597,666,1783,882,2157],"class_list":["post-18968","post","type-post","status-publish","format-standard","has-post-thumbnail","hentry","category-se-baixllobregat6","category-recursos-en-linia","tag-audiovisuals","tag-catalunya","tag-didactica-de-la-historia","tag-historia","tag-jocs","tag-patrimoni-cultural","tag-recursos-digitals","tag-recursosonl"],"post_mailing_queue_ids":[],"_links":{"self":[{"href":"https:\/\/serveiseducatius.xtec.cat\/baixllobregat6\/wp-json\/wp\/v2\/posts\/18968","targetHints":{"allow":["GET"]}}],"collection":[{"href":"https:\/\/serveiseducatius.xtec.cat\/baixllobregat6\/wp-json\/wp\/v2\/posts"}],"about":[{"href":"https:\/\/serveiseducatius.xtec.cat\/baixllobregat6\/wp-json\/wp\/v2\/types\/post"}],"author":[{"embeddable":true,"href":"https:\/\/serveiseducatius.xtec.cat\/baixllobregat6\/wp-json\/wp\/v2\/users\/1"}],"replies":[{"embeddable":true,"href":"https:\/\/serveiseducatius.xtec.cat\/baixllobregat6\/wp-json\/wp\/v2\/comments?post=18968"}],"version-history":[{"count":3,"href":"https:\/\/serveiseducatius.xtec.cat\/baixllobregat6\/wp-json\/wp\/v2\/posts\/18968\/revisions"}],"predecessor-version":[{"id":18975,"href":"https:\/\/serveiseducatius.xtec.cat\/baixllobregat6\/wp-json\/wp\/v2\/posts\/18968\/revisions\/18975"}],"wp:featuredmedia":[{"embeddable":true,"href":"https:\/\/serveiseducatius.xtec.cat\/baixllobregat6\/wp-json\/wp\/v2\/media\/18969"}],"wp:attachment":[{"href":"https:\/\/serveiseducatius.xtec.cat\/baixllobregat6\/wp-json\/wp\/v2\/media?parent=18968"}],"wp:term":[{"taxonomy":"category","embeddable":true,"href":"https:\/\/serveiseducatius.xtec.cat\/baixllobregat6\/wp-json\/wp\/v2\/categories?post=18968"},{"taxonomy":"post_tag","embeddable":true,"href":"https:\/\/serveiseducatius.xtec.cat\/baixllobregat6\/wp-json\/wp\/v2\/tags?post=18968"}],"curies":[{"name":"wp","href":"https:\/\/api.w.org\/{rel}","templated":true}]}}