{"id":18951,"date":"2020-05-05T14:05:49","date_gmt":"2020-05-05T12:05:49","guid":{"rendered":"http:\/\/serveiseducatius.xtec.cat\/baixllobregat6\/?p=18951"},"modified":"2020-06-02T08:47:25","modified_gmt":"2020-06-02T06:47:25","slug":"manifest-del-baix-llobregat-per-homenatjar-als-deportats-i-morts-als-camps-de-concentracio-i-a-totes-les-victimes-espanyoles-del-nazisme","status":"publish","type":"post","link":"https:\/\/serveiseducatius.xtec.cat\/baixllobregat6\/politicaeducativa\/manifest-del-baix-llobregat-per-homenatjar-als-deportats-i-morts-als-camps-de-concentracio-i-a-totes-les-victimes-espanyoles-del-nazisme\/","title":{"rendered":"Manifest del Baix Llobregat per homenatjar als deportats i morts als camps de concentraci\u00f3 i a totes les v\u00edctimes espanyoles del nazisme"},"content":{"rendered":"<p><img loading=\"lazy\" decoding=\"async\" class=\"alignnone size-full wp-image-18952\" src=\"https:\/\/serveiseducatius.xtec.cat\/baixllobregat6\/wp-content\/uploads\/usu778\/2020\/05\/imatge_noti_dia5demaig.png\" alt=\"\" width=\"611\" height=\"300\" srcset=\"https:\/\/serveiseducatius.xtec.cat\/baixllobregat6\/wp-content\/uploads\/usu778\/2020\/05\/imatge_noti_dia5demaig.png 611w, https:\/\/serveiseducatius.xtec.cat\/baixllobregat6\/wp-content\/uploads\/usu778\/2020\/05\/imatge_noti_dia5demaig-520x255.png 520w\" sizes=\"auto, (max-width: 611px) 100vw, 611px\" \/><\/p>\n<p>La Junta de Govern del Consell Comarcal, celebrada el dia 4 de maig, aprova el\u00a0<a href=\"https:\/\/www.elbaixllobregat.cat\/sites\/default\/files\/arxius\/MANIFEST%205%20DE%20MAIG%20VICTIMES%20xarxa(1).pdf\">Manifest del Baix Llobregat per homenatjar als deportats i morts als camps de concentraci\u00f3 i a totes les v\u00edctimes espanyoles del nazisme<\/a>, i celebrar el 75\u00e8 aniversari de l&#8217;alliberament dels camps nazis, dins del marc de la\u00a0<a href=\"https:\/\/www.elbaixllobregat.cat\/xarxamemoriademocratica\">Xarxa de Mem\u00f2ria Democr\u00e0tica del Baix Llobregat<\/a>.<\/p>\n<p>La Xarxa es va constituir el dia 25 de gener de 2020 amb la participaci\u00f3 dels ajuntaments, el Centre d&#8217;Estudis del Baix Llobregat, les associacions i entitats vinculades a la mem\u00f2ria democr\u00e0tica de la comarca, la Generalitat de Catalunya- Memorial Democr\u00e0tic, Amical Mauthausen i altres camps de concentraci\u00f3 i el Consell Comarcal del Baix Llobregat, entre d&#8217;altres. Els seus objectius principals s\u00f3n crear un espai d&#8217;interacci\u00f3 i coordinaci\u00f3, amb l&#8217;objectiu de disposar d&#8217;un marc de treball comarcal, desenvolupar projectes comuns en aquest \u00e0mbit i visibilitzar les persones represaliades. <!--more--><\/p>\n<p>At\u00e8s que el govern de l&#8217;Estat espanyol va instaurar el 5 de maig com el Dia nacional d&#8217;homenatge als deportats i deportades, a les persones assassinades i a totes les v\u00edctimes del nazisme, i enguany es compleix tamb\u00e9 el 75\u00e8 aniversari de l&#8217;alliberament de tots els camps de concentraci\u00f3 i d&#8217;extermini nazis, la Xarxa vol retre homenatge mitjan\u00e7ant el seu manifest als homes i dones, resistents i lluitadors antifeixistes que, per defensar els seus ideals, van ser v\u00edctimes de la barb\u00e0rie del nazisme.<\/p>\n<p><iframe loading=\"lazy\" src=\"https:\/\/drive.google.com\/file\/d\/1bQz53spujn_b6SV1qk7BkJUU6cN2rw6P\/preview\" width=\"800\" height=\"1120\"><span data-mce-type=\"bookmark\" style=\"display: inline-block; width: 0px; overflow: hidden; line-height: 0;\" class=\"mce_SELRES_start\">\ufeff<\/span><\/iframe><\/p>\n","protected":false},"excerpt":{"rendered":"<p>La Junta de Govern del Consell Comarcal, celebrada el dia 4 de maig, aprova el\u00a0Manifest del Baix Llobregat per homenatjar als deportats i morts als camps de concentraci\u00f3 i a totes les v\u00edctimes espanyoles del nazisme, i celebrar el 75\u00e8 aniversari de l&#8217;alliberament dels camps nazis, dins del marc de la\u00a0Xarxa de Mem\u00f2ria Democr\u00e0tica del [&hellip;]<\/p>\n","protected":false},"author":1,"featured_media":18952,"comment_status":"closed","ping_status":"closed","sticky":false,"template":"","format":"standard","meta":{"_bbp_topic_count":0,"_bbp_reply_count":0,"_bbp_total_topic_count":0,"_bbp_total_reply_count":0,"_bbp_voice_count":0,"_bbp_anonymous_reply_count":0,"_bbp_topic_count_hidden":0,"_bbp_reply_count_hidden":0,"_bbp_forum_subforum_count":0,"site-sidebar-layout":"default","site-content-layout":"","ast-site-content-layout":"","site-content-style":"default","site-sidebar-style":"default","ast-global-header-display":"","ast-banner-title-visibility":"","ast-main-header-display":"","ast-hfb-above-header-display":"","ast-hfb-below-header-display":"","ast-hfb-mobile-header-display":"","site-post-title":"","ast-breadcrumbs-content":"","ast-featured-img":"","footer-sml-layout":"","theme-transparent-header-meta":"","adv-header-id-meta":"","stick-header-meta":"","header-above-stick-meta":"","header-main-stick-meta":"","header-below-stick-meta":"","astra-migrate-meta-layouts":"default","ast-page-background-enabled":"default","ast-page-background-meta":{"desktop":{"background-color":"var(--ast-global-color-4)","background-image":"","background-repeat":"repeat","background-position":"center center","background-size":"auto","background-attachment":"scroll","background-type":"","background-media":"","overlay-type":"","overlay-color":"","overlay-opacity":"","overlay-gradient":""},"tablet":{"background-color":"","background-image":"","background-repeat":"repeat","background-position":"center center","background-size":"auto","background-attachment":"scroll","background-type":"","background-media":"","overlay-type":"","overlay-color":"","overlay-opacity":"","overlay-gradient":""},"mobile":{"background-color":"","background-image":"","background-repeat":"repeat","background-position":"center center","background-size":"auto","background-attachment":"scroll","background-type":"","background-media":"","overlay-type":"","overlay-color":"","overlay-opacity":"","overlay-gradient":""}},"ast-content-background-meta":{"desktop":{"background-color":"var(--ast-global-color-5)","background-image":"","background-repeat":"repeat","background-position":"center center","background-size":"auto","background-attachment":"scroll","background-type":"","background-media":"","overlay-type":"","overlay-color":"","overlay-opacity":"","overlay-gradient":""},"tablet":{"background-color":"var(--ast-global-color-5)","background-image":"","background-repeat":"repeat","background-position":"center center","background-size":"auto","background-attachment":"scroll","background-type":"","background-media":"","overlay-type":"","overlay-color":"","overlay-opacity":"","overlay-gradient":""},"mobile":{"background-color":"var(--ast-global-color-5)","background-image":"","background-repeat":"repeat","background-position":"center center","background-size":"auto","background-attachment":"scroll","background-type":"","background-media":"","overlay-type":"","overlay-color":"","overlay-opacity":"","overlay-gradient":""}},"footnotes":""},"categories":[1,29],"tags":[316,400,597,2331,733,2330,2215],"class_list":["post-18951","post","type-post","status-publish","format-standard","has-post-thumbnail","hentry","category-politicaeducativa","category-se-baixllobregat6","tag-ciencies-socials","tag-didactica-de-la-historia","tag-historia","tag-holocaust","tag-memoria-historica","tag-nazisme","tag-reporteducacio"],"post_mailing_queue_ids":[],"_links":{"self":[{"href":"https:\/\/serveiseducatius.xtec.cat\/baixllobregat6\/wp-json\/wp\/v2\/posts\/18951","targetHints":{"allow":["GET"]}}],"collection":[{"href":"https:\/\/serveiseducatius.xtec.cat\/baixllobregat6\/wp-json\/wp\/v2\/posts"}],"about":[{"href":"https:\/\/serveiseducatius.xtec.cat\/baixllobregat6\/wp-json\/wp\/v2\/types\/post"}],"author":[{"embeddable":true,"href":"https:\/\/serveiseducatius.xtec.cat\/baixllobregat6\/wp-json\/wp\/v2\/users\/1"}],"replies":[{"embeddable":true,"href":"https:\/\/serveiseducatius.xtec.cat\/baixllobregat6\/wp-json\/wp\/v2\/comments?post=18951"}],"version-history":[{"count":4,"href":"https:\/\/serveiseducatius.xtec.cat\/baixllobregat6\/wp-json\/wp\/v2\/posts\/18951\/revisions"}],"predecessor-version":[{"id":18956,"href":"https:\/\/serveiseducatius.xtec.cat\/baixllobregat6\/wp-json\/wp\/v2\/posts\/18951\/revisions\/18956"}],"wp:featuredmedia":[{"embeddable":true,"href":"https:\/\/serveiseducatius.xtec.cat\/baixllobregat6\/wp-json\/wp\/v2\/media\/18952"}],"wp:attachment":[{"href":"https:\/\/serveiseducatius.xtec.cat\/baixllobregat6\/wp-json\/wp\/v2\/media?parent=18951"}],"wp:term":[{"taxonomy":"category","embeddable":true,"href":"https:\/\/serveiseducatius.xtec.cat\/baixllobregat6\/wp-json\/wp\/v2\/categories?post=18951"},{"taxonomy":"post_tag","embeddable":true,"href":"https:\/\/serveiseducatius.xtec.cat\/baixllobregat6\/wp-json\/wp\/v2\/tags?post=18951"}],"curies":[{"name":"wp","href":"https:\/\/api.w.org\/{rel}","templated":true}]}}