{"id":18835,"date":"2020-04-20T11:32:26","date_gmt":"2020-04-20T09:32:26","guid":{"rendered":"http:\/\/serveiseducatius.xtec.cat\/baixllobregat6\/?p=18835"},"modified":"2020-04-20T11:56:31","modified_gmt":"2020-04-20T09:56:31","slug":"la-direccio-general-de-joventutcat-ha-elaborat-una-guia-amb-consells-practics-per-a-professionals-que-treballen-amb-joves-durant-el-confinament","status":"publish","type":"post","link":"https:\/\/serveiseducatius.xtec.cat\/baixllobregat6\/se-baixllobregat6\/la-direccio-general-de-joventutcat-ha-elaborat-una-guia-amb-consells-practics-per-a-professionals-que-treballen-amb-joves-durant-el-confinament\/","title":{"rendered":"La Direcci\u00f3 General de @joventutcat ha elaborat una #guia amb consells pr\u00e0ctics per a professionals que treballen amb joves durant el confinament"},"content":{"rendered":"<p><img loading=\"lazy\" decoding=\"async\" class=\"alignnone size-large wp-image-18837\" src=\"https:\/\/serveiseducatius.xtec.cat\/baixllobregat6\/wp-content\/uploads\/usu778\/2020\/04\/EWCDQ-nXkAAgmE8-1024x512.jpeg\" alt=\"\" width=\"1024\" height=\"512\" srcset=\"https:\/\/serveiseducatius.xtec.cat\/baixllobregat6\/wp-content\/uploads\/usu778\/2020\/04\/EWCDQ-nXkAAgmE8.jpeg 1024w, https:\/\/serveiseducatius.xtec.cat\/baixllobregat6\/wp-content\/uploads\/usu778\/2020\/04\/EWCDQ-nXkAAgmE8-520x260.jpeg 520w, https:\/\/serveiseducatius.xtec.cat\/baixllobregat6\/wp-content\/uploads\/usu778\/2020\/04\/EWCDQ-nXkAAgmE8-768x384.jpeg 768w\" sizes=\"auto, (max-width: 1024px) 100vw, 1024px\" \/><\/p>\n<p>Com ha canviat la nostra feina en els darrers dies a causa del confinament? Com ens sentim com a persones i professionals? Mitjan\u00e7ant aquesta guia, juntament amb la Consells pr\u00e0ctics per a joves durant el confinament, et convidem a acompanyar als i les joves durant els dies de confinament, per\u00f2 a m\u00e9s et proposem d\u2019aprofitar-ne el contingut per a la teva pr\u00f2pia experi\u00e8ncia i aprenentatge.<\/p>\n<p>Els professionals que treballem amb joves sempre aprofitem qualsevol situaci\u00f3, moment o ambient com a motor d\u2019aprenentatge. Qu\u00e8 ens pot aportar, doncs, el confinament? Qu\u00e8 en podem extreure perqu\u00e8 ens serveixi d\u2019ajut per acompanyar el jovent en el seu creixement personal i empoderament? Com els podem guiar perqu\u00e8 s\u00e0piguen expressar-se, gestionar les emocions i positivitzar el present?<\/p>\n<p><!--more--><\/p>\n<p><iframe loading=\"lazy\" src=\"https:\/\/drive.google.com\/file\/d\/1OpR5uPPIG6HH8loHbu0phFBuEcZZ3pkA\/preview\" width=\"820\" height=\"1370\"><\/iframe><\/p>\n","protected":false},"excerpt":{"rendered":"<p>Com ha canviat la nostra feina en els darrers dies a causa del confinament? Com ens sentim com a persones i professionals? Mitjan\u00e7ant aquesta guia, juntament amb la Consells pr\u00e0ctics per a joves durant el confinament, et convidem a acompanyar als i les joves durant els dies de confinament, per\u00f2 a m\u00e9s et proposem d\u2019aprofitar-ne [&hellip;]<\/p>\n","protected":false},"author":1,"featured_media":18837,"comment_status":"open","ping_status":"closed","sticky":false,"template":"","format":"standard","meta":{"_bbp_topic_count":0,"_bbp_reply_count":0,"_bbp_total_topic_count":0,"_bbp_total_reply_count":0,"_bbp_voice_count":0,"_bbp_anonymous_reply_count":0,"_bbp_topic_count_hidden":0,"_bbp_reply_count_hidden":0,"_bbp_forum_subforum_count":0,"site-sidebar-layout":"default","site-content-layout":"","ast-site-content-layout":"","site-content-style":"default","site-sidebar-style":"default","ast-global-header-display":"","ast-banner-title-visibility":"","ast-main-header-display":"","ast-hfb-above-header-display":"","ast-hfb-below-header-display":"","ast-hfb-mobile-header-display":"","site-post-title":"","ast-breadcrumbs-content":"","ast-featured-img":"","footer-sml-layout":"","theme-transparent-header-meta":"","adv-header-id-meta":"","stick-header-meta":"","header-above-stick-meta":"","header-main-stick-meta":"","header-below-stick-meta":"","astra-migrate-meta-layouts":"default","ast-page-background-enabled":"default","ast-page-background-meta":{"desktop":{"background-color":"var(--ast-global-color-4)","background-image":"","background-repeat":"repeat","background-position":"center center","background-size":"auto","background-attachment":"scroll","background-type":"","background-media":"","overlay-type":"","overlay-color":"","overlay-opacity":"","overlay-gradient":""},"tablet":{"background-color":"","background-image":"","background-repeat":"repeat","background-position":"center center","background-size":"auto","background-attachment":"scroll","background-type":"","background-media":"","overlay-type":"","overlay-color":"","overlay-opacity":"","overlay-gradient":""},"mobile":{"background-color":"","background-image":"","background-repeat":"repeat","background-position":"center center","background-size":"auto","background-attachment":"scroll","background-type":"","background-media":"","overlay-type":"","overlay-color":"","overlay-opacity":"","overlay-gradient":""}},"ast-content-background-meta":{"desktop":{"background-color":"var(--ast-global-color-5)","background-image":"","background-repeat":"repeat","background-position":"center center","background-size":"auto","background-attachment":"scroll","background-type":"","background-media":"","overlay-type":"","overlay-color":"","overlay-opacity":"","overlay-gradient":""},"tablet":{"background-color":"var(--ast-global-color-5)","background-image":"","background-repeat":"repeat","background-position":"center center","background-size":"auto","background-attachment":"scroll","background-type":"","background-media":"","overlay-type":"","overlay-color":"","overlay-opacity":"","overlay-gradient":""},"mobile":{"background-color":"var(--ast-global-color-5)","background-image":"","background-repeat":"repeat","background-position":"center center","background-size":"auto","background-attachment":"scroll","background-type":"","background-media":"","overlay-type":"","overlay-color":"","overlay-opacity":"","overlay-gradient":""}},"footnotes":""},"categories":[67,75,29],"tags":[207,2291,2278,1054,789,868,2215,2287],"class_list":["post-18835","post","type-post","status-publish","format-standard","has-post-thumbnail","hentry","category-eap","category-pee020","category-se-baixllobregat6","tag-adolescencia","tag-centres-educatius-en-linia","tag-confinament","tag-joventut","tag-orientacio","tag-psicopedagogia","tag-reporteducacio","tag-serveiseducatiusenlinia"],"post_mailing_queue_ids":[],"_links":{"self":[{"href":"https:\/\/serveiseducatius.xtec.cat\/baixllobregat6\/wp-json\/wp\/v2\/posts\/18835","targetHints":{"allow":["GET"]}}],"collection":[{"href":"https:\/\/serveiseducatius.xtec.cat\/baixllobregat6\/wp-json\/wp\/v2\/posts"}],"about":[{"href":"https:\/\/serveiseducatius.xtec.cat\/baixllobregat6\/wp-json\/wp\/v2\/types\/post"}],"author":[{"embeddable":true,"href":"https:\/\/serveiseducatius.xtec.cat\/baixllobregat6\/wp-json\/wp\/v2\/users\/1"}],"replies":[{"embeddable":true,"href":"https:\/\/serveiseducatius.xtec.cat\/baixllobregat6\/wp-json\/wp\/v2\/comments?post=18835"}],"version-history":[{"count":3,"href":"https:\/\/serveiseducatius.xtec.cat\/baixllobregat6\/wp-json\/wp\/v2\/posts\/18835\/revisions"}],"predecessor-version":[{"id":18848,"href":"https:\/\/serveiseducatius.xtec.cat\/baixllobregat6\/wp-json\/wp\/v2\/posts\/18835\/revisions\/18848"}],"wp:featuredmedia":[{"embeddable":true,"href":"https:\/\/serveiseducatius.xtec.cat\/baixllobregat6\/wp-json\/wp\/v2\/media\/18837"}],"wp:attachment":[{"href":"https:\/\/serveiseducatius.xtec.cat\/baixllobregat6\/wp-json\/wp\/v2\/media?parent=18835"}],"wp:term":[{"taxonomy":"category","embeddable":true,"href":"https:\/\/serveiseducatius.xtec.cat\/baixllobregat6\/wp-json\/wp\/v2\/categories?post=18835"},{"taxonomy":"post_tag","embeddable":true,"href":"https:\/\/serveiseducatius.xtec.cat\/baixllobregat6\/wp-json\/wp\/v2\/tags?post=18835"}],"curies":[{"name":"wp","href":"https:\/\/api.w.org\/{rel}","templated":true}]}}