{"id":18786,"date":"2020-04-14T08:38:57","date_gmt":"2020-04-14T06:38:57","guid":{"rendered":"http:\/\/serveiseducatius.xtec.cat\/baixllobregat6\/?p=18786"},"modified":"2020-04-14T13:55:38","modified_gmt":"2020-04-14T11:55:38","slug":"repensem-la-seguretat-el-consell-catala-de-foment-de-la-pau-fa-una-crida-per-fer-front-a-la-pandemia-del-coronavirus-covid-19-des-duna-perspectiva-humanista","status":"publish","type":"post","link":"https:\/\/serveiseducatius.xtec.cat\/baixllobregat6\/se-baixllobregat6\/repensem-la-seguretat-el-consell-catala-de-foment-de-la-pau-fa-una-crida-per-fer-front-a-la-pandemia-del-coronavirus-covid-19-des-duna-perspectiva-humanista\/","title":{"rendered":"Repensem la seguretat. El Consell Catal\u00e0 de Foment de la Pau fa una crida per fer front a la pand\u00e8mia del coronavirus COVID-19 des d\u2019una perspectiva humanista"},"content":{"rendered":"<p><img loading=\"lazy\" decoding=\"async\" class=\"alignleft wp-image-18787 size-thumbnail\" src=\"https:\/\/serveiseducatius.xtec.cat\/baixllobregat6\/wp-content\/uploads\/usu778\/2020\/04\/4e9c6-Colom_de_la_pau-150x150.jpeg\" alt=\"\" width=\"150\" height=\"150\" \/>El <strong><a href=\"http:\/\/cooperaciocatalana.gencat.cat\/ca\/que-fem\/organs_consultius_i_de_participacio\/consell_catala_de_foment_de_la_pau\/\" target=\"_blank\" rel=\"noopener noreferrer\">Consell Catala de Foment de la Pau<\/a> considera important fugir de llenguatges, s\u00edmbols i met\u00e0fores b\u00e8l\u00b7liques i \u00e9s urgent re-enfocar les pol\u00edtiques de seguretat i defensa.<\/strong><\/p>\n<p>La crisi del coronavirus ha obligat a governs i persones d\u2019arreu del m\u00f3n a prendre decisions urgents i dr\u00e0stiques. Moltes d\u2019aquestes decisions es prenen amb un alt grau d\u2019incertesa. Estem fent front a una amena\u00e7a de salut p\u00fablica per a la qual no est\u00e0vem preparats.<br \/>\nAmb tot, la resposta a la crisi ha posat de manifest la capacitat que tenim les persones de fer front a reptes comuns quan imperen valors com la solidaritat, el comprom\u00eds i l\u2019empatia. Ara b\u00e9, la crisi tamb\u00e9 ens recorda que necessitem profunds canvis culturals i pol\u00edtics per fer front a les amenaces globals cada cop m\u00e9s \u00f2bvies, com ara les desigualtats socials i la manca d&#8217;acc\u00e9s a recursos b\u00e0sics com la sanitat per part de la major part de la poblaci\u00f3 mundial o l&#8217;emerg\u00e8ncia clim\u00e0tica, que en reduir la biodiversitat ens fa m\u00e9s febles davant de les pand\u00e8mies. Davant la pand\u00e8mia del coronavirus, desd\u2019una perspectiva de cultura de pau, ens sembla important: <!--more--><\/p>\n<ol>\n<li>\n<blockquote><p>\u00a0Evitar o ressignificar el llenguatge, els s\u00edmbols i les met\u00e0fores b\u00e8l\u00b7liques. Noestem en guerra contra el virus, estem defensant la vida i res m\u00e9s lluny de la guerra quela protecci\u00f3 de la vida humana. La guerra \u00e9s un invent hum\u00e0 que hem d\u2019erradicar. La guerra necessita una l\u00f2gica d\u2019amic-enemic (nosaltres contra ells), mentre que la pand\u00e8mia no distingeix ideologies. La guerra enfronta persones amb persones, mentre que la pand\u00e8mia ens crida a la unitat per sobre de les nostres difer\u00e8ncies i ens crida a donar valor a la cura, sempre invisibilitzada. Necessitem disciplina, no perqu\u00e8 obe\u00efmordres cegament, sin\u00f3 per responsabilitat amb els altres. Hi ha sacrificis, no per una causa en concret, sin\u00f3 per a la humanitat. Admirem actes heroics, no quan uns pocs destaquen en la batalla, sin\u00f3 quan un munt de persones an\u00f2nimes es juguen la sevasalut per protegir la salut de tots els altres.En situacions de crisi tota ajuda \u00e9s poca i, per tant, benvinguda. Tamb\u00e9 la de les forces i cossos de seguretat, que s\u2019estan donant en tots els pa\u00efsos. Amb tot, ens semblen poc encertades algunes actuacions com ara militars patrullant amb subfusells, o declaracions d\u2019alts c\u00e0rrecs civils o militars suggerint que \u201ctots som soldats en aquesta guerra\u201d. Ens hem de preparar per a qu\u00e8 en el futur, la resposta a les emerg\u00e8ncies que avui d\u00f3na l&#8217;ex\u00e8rcit, la puguin proporcionar cossos civils amb recursos i preparaci\u00f3 suficient.<\/p><\/blockquote>\n<\/li>\n<li>\n<blockquote><p>Repensar i democratitzar les pol\u00edtiques de seguretat i defensa. Els reptes globals necessiten respostes globals. Les eines i els recursos actuals s\u00f3n insuficients per fer front a amenaces que no coneixen ni fronteres ni banderes. Hem de passar de conceptes i pr\u00e0ctiques de seguretat pensades per protegir estats a pol\u00edtiques m\u00e9s centrades en defensar les persones des del reconeixement de la vulnerabilitat i la interdepend\u00e8ncia de tots els \u00e9ssers humans. Per bastir aquests noves pol\u00edtiques p\u00fabliques hem de promoure debats oberts i incloents en la definici\u00f3 de seguretat i en laconcertaci\u00f3 de les respostes m\u00e9s adients. Davant les pressions per incrementar els pressupostos militars els governs necessiten el valor i els criteris per bastir estrat\u00e8gies de defensa m\u00e9s adients per les amenaces actuals.Amenaces com la pand\u00e8mia del coronavirus no poden tenir respostes de tipus militar, perqu\u00e8 aix\u00f2 seria tant com acceptar la militaritzaci\u00f3 de la vida p\u00fablica per un problema que \u00e9s de tipus sanitari.<\/p><\/blockquote>\n<\/li>\n<\/ol>\n<p>Des del Consell Catal\u00e0 de Foment de la Pau ens comprometem a seguir alertant sobre els riscos de la militaritzaci\u00f3 de la vida p\u00fablica, a promoure pol\u00edtiques p\u00fabliques de seguretat i defensa dels drets humans m\u00e9s que no pas en la defensa dels interessos d\u2019estat, i a fer arribar aquest escrit al Govern de la Generalitat.<\/p>\n","protected":false},"excerpt":{"rendered":"<p>El Consell Catala de Foment de la Pau considera important fugir de llenguatges, s\u00edmbols i met\u00e0fores b\u00e8l\u00b7liques i \u00e9s urgent re-enfocar les pol\u00edtiques de seguretat i defensa. La crisi del coronavirus ha obligat a governs i persones d\u2019arreu del m\u00f3n a prendre decisions urgents i dr\u00e0stiques. Moltes d\u2019aquestes decisions es prenen amb un alt grau [&hellip;]<\/p>\n","protected":false},"author":1,"featured_media":18787,"comment_status":"open","ping_status":"closed","sticky":false,"template":"","format":"standard","meta":{"_bbp_topic_count":0,"_bbp_reply_count":0,"_bbp_total_topic_count":0,"_bbp_total_reply_count":0,"_bbp_voice_count":0,"_bbp_anonymous_reply_count":0,"_bbp_topic_count_hidden":0,"_bbp_reply_count_hidden":0,"_bbp_forum_subforum_count":0,"site-sidebar-layout":"default","site-content-layout":"","ast-site-content-layout":"","site-content-style":"default","site-sidebar-style":"default","ast-global-header-display":"","ast-banner-title-visibility":"","ast-main-header-display":"","ast-hfb-above-header-display":"","ast-hfb-below-header-display":"","ast-hfb-mobile-header-display":"","site-post-title":"","ast-breadcrumbs-content":"","ast-featured-img":"","footer-sml-layout":"","theme-transparent-header-meta":"","adv-header-id-meta":"","stick-header-meta":"","header-above-stick-meta":"","header-main-stick-meta":"","header-below-stick-meta":"","astra-migrate-meta-layouts":"default","ast-page-background-enabled":"default","ast-page-background-meta":{"desktop":{"background-color":"var(--ast-global-color-4)","background-image":"","background-repeat":"repeat","background-position":"center center","background-size":"auto","background-attachment":"scroll","background-type":"","background-media":"","overlay-type":"","overlay-color":"","overlay-opacity":"","overlay-gradient":""},"tablet":{"background-color":"","background-image":"","background-repeat":"repeat","background-position":"center center","background-size":"auto","background-attachment":"scroll","background-type":"","background-media":"","overlay-type":"","overlay-color":"","overlay-opacity":"","overlay-gradient":""},"mobile":{"background-color":"","background-image":"","background-repeat":"repeat","background-position":"center center","background-size":"auto","background-attachment":"scroll","background-type":"","background-media":"","overlay-type":"","overlay-color":"","overlay-opacity":"","overlay-gradient":""}},"ast-content-background-meta":{"desktop":{"background-color":"var(--ast-global-color-5)","background-image":"","background-repeat":"repeat","background-position":"center center","background-size":"auto","background-attachment":"scroll","background-type":"","background-media":"","overlay-type":"","overlay-color":"","overlay-opacity":"","overlay-gradient":""},"tablet":{"background-color":"var(--ast-global-color-5)","background-image":"","background-repeat":"repeat","background-position":"center center","background-size":"auto","background-attachment":"scroll","background-type":"","background-media":"","overlay-type":"","overlay-color":"","overlay-opacity":"","overlay-gradient":""},"mobile":{"background-color":"var(--ast-global-color-5)","background-image":"","background-repeat":"repeat","background-position":"center center","background-size":"auto","background-attachment":"scroll","background-type":"","background-media":"","overlay-type":"","overlay-color":"","overlay-opacity":"","overlay-gradient":""}},"footnotes":""},"categories":[64,29],"tags":[2291,2278,368,371,2259,806,2215,939],"class_list":["post-18786","post","type-post","status-publish","format-standard","has-post-thumbnail","hentry","category-comunitat","category-se-baixllobregat6","tag-centres-educatius-en-linia","tag-confinament","tag-convivencia","tag-cooperacio","tag-covid19","tag-pau","tag-reporteducacio","tag-solidaritat"],"post_mailing_queue_ids":[],"_links":{"self":[{"href":"https:\/\/serveiseducatius.xtec.cat\/baixllobregat6\/wp-json\/wp\/v2\/posts\/18786","targetHints":{"allow":["GET"]}}],"collection":[{"href":"https:\/\/serveiseducatius.xtec.cat\/baixllobregat6\/wp-json\/wp\/v2\/posts"}],"about":[{"href":"https:\/\/serveiseducatius.xtec.cat\/baixllobregat6\/wp-json\/wp\/v2\/types\/post"}],"author":[{"embeddable":true,"href":"https:\/\/serveiseducatius.xtec.cat\/baixllobregat6\/wp-json\/wp\/v2\/users\/1"}],"replies":[{"embeddable":true,"href":"https:\/\/serveiseducatius.xtec.cat\/baixllobregat6\/wp-json\/wp\/v2\/comments?post=18786"}],"version-history":[{"count":2,"href":"https:\/\/serveiseducatius.xtec.cat\/baixllobregat6\/wp-json\/wp\/v2\/posts\/18786\/revisions"}],"predecessor-version":[{"id":18789,"href":"https:\/\/serveiseducatius.xtec.cat\/baixllobregat6\/wp-json\/wp\/v2\/posts\/18786\/revisions\/18789"}],"wp:featuredmedia":[{"embeddable":true,"href":"https:\/\/serveiseducatius.xtec.cat\/baixllobregat6\/wp-json\/wp\/v2\/media\/18787"}],"wp:attachment":[{"href":"https:\/\/serveiseducatius.xtec.cat\/baixllobregat6\/wp-json\/wp\/v2\/media?parent=18786"}],"wp:term":[{"taxonomy":"category","embeddable":true,"href":"https:\/\/serveiseducatius.xtec.cat\/baixllobregat6\/wp-json\/wp\/v2\/categories?post=18786"},{"taxonomy":"post_tag","embeddable":true,"href":"https:\/\/serveiseducatius.xtec.cat\/baixllobregat6\/wp-json\/wp\/v2\/tags?post=18786"}],"curies":[{"name":"wp","href":"https:\/\/api.w.org\/{rel}","templated":true}]}}