{"id":18760,"date":"2020-04-09T12:14:48","date_gmt":"2020-04-09T10:14:48","guid":{"rendered":"http:\/\/serveiseducatius.xtec.cat\/baixllobregat6\/?p=18760"},"modified":"2020-04-11T09:57:42","modified_gmt":"2020-04-11T07:57:42","slug":"el-congres-deducacio-publica-de-catalunya-continua-el-debar-virtualment","status":"publish","type":"post","link":"https:\/\/serveiseducatius.xtec.cat\/baixllobregat6\/politicaeducativa\/el-congres-deducacio-publica-de-catalunya-continua-el-debar-virtualment\/","title":{"rendered":"El Congr\u00e9s d&#8217;Educaci\u00f3 P\u00fablica de Catalunya continua el debar virtualment"},"content":{"rendered":"<p><img loading=\"lazy\" decoding=\"async\" class=\"alignnone size-full wp-image-18761\" src=\"https:\/\/serveiseducatius.xtec.cat\/baixllobregat6\/wp-content\/uploads\/usu778\/2020\/04\/banner_300x250px-1.gif\" alt=\"\" width=\"938\" height=\"781\" \/><\/p>\n<p>A causa del confinament, s&#8217;han susp\u00e8s tots els actes presencials previstos per a aquest curs. Per fer aportacions sobre el <strong>Model d\u2019Educaci\u00f3 P\u00fablica<\/strong> (tema previst inicialment per al mes de mar\u00e7) se us convida a <a href=\"https:\/\/sites.google.com\/view\/modeleducaciopublica\/debat-model-educaci%C3%B3-p%C3%BAblica\" target=\"_blank\" rel=\"noreferrer noopener\">aquest debat virtual<\/a>. Cadascuna de les parts del debat s\u2019anir\u00e0 obrint setmanalment (<strong>14, 21 i 28 d\u2019abril<\/strong>).<\/p>\n<p>|<a href=\"https:\/\/congreseducaciopublica.wordpress.com\/2020\/04\/02\/debats-virtuals\/\" target=\"_blank\" rel=\"noopener noreferrer\"><strong>M\u00e9s info sobre el Congr\u00e9s<\/strong><\/a>|<\/p>\n","protected":false},"excerpt":{"rendered":"<p>A causa del confinament, s&#8217;han susp\u00e8s tots els actes presencials previstos per a aquest curs. Per fer aportacions sobre el Model d\u2019Educaci\u00f3 P\u00fablica (tema previst inicialment per al mes de mar\u00e7) se us convida a aquest debat virtual. Cadascuna de les parts del debat s\u2019anir\u00e0 obrint setmanalment (14, 21 i 28 d\u2019abril). |M\u00e9s info sobre [&hellip;]<\/p>\n","protected":false},"author":1,"featured_media":18761,"comment_status":"open","ping_status":"closed","sticky":false,"template":"","format":"standard","meta":{"_bbp_topic_count":0,"_bbp_reply_count":0,"_bbp_total_topic_count":0,"_bbp_total_reply_count":0,"_bbp_voice_count":0,"_bbp_anonymous_reply_count":0,"_bbp_topic_count_hidden":0,"_bbp_reply_count_hidden":0,"_bbp_forum_subforum_count":0,"site-sidebar-layout":"default","site-content-layout":"","ast-site-content-layout":"","site-content-style":"default","site-sidebar-style":"default","ast-global-header-display":"","ast-banner-title-visibility":"","ast-main-header-display":"","ast-hfb-above-header-display":"","ast-hfb-below-header-display":"","ast-hfb-mobile-header-display":"","site-post-title":"","ast-breadcrumbs-content":"","ast-featured-img":"","footer-sml-layout":"","theme-transparent-header-meta":"","adv-header-id-meta":"","stick-header-meta":"","header-above-stick-meta":"","header-main-stick-meta":"","header-below-stick-meta":"","astra-migrate-meta-layouts":"default","ast-page-background-enabled":"default","ast-page-background-meta":{"desktop":{"background-color":"var(--ast-global-color-4)","background-image":"","background-repeat":"repeat","background-position":"center center","background-size":"auto","background-attachment":"scroll","background-type":"","background-media":"","overlay-type":"","overlay-color":"","overlay-opacity":"","overlay-gradient":""},"tablet":{"background-color":"","background-image":"","background-repeat":"repeat","background-position":"center center","background-size":"auto","background-attachment":"scroll","background-type":"","background-media":"","overlay-type":"","overlay-color":"","overlay-opacity":"","overlay-gradient":""},"mobile":{"background-color":"","background-image":"","background-repeat":"repeat","background-position":"center center","background-size":"auto","background-attachment":"scroll","background-type":"","background-media":"","overlay-type":"","overlay-color":"","overlay-opacity":"","overlay-gradient":""}},"ast-content-background-meta":{"desktop":{"background-color":"var(--ast-global-color-5)","background-image":"","background-repeat":"repeat","background-position":"center center","background-size":"auto","background-attachment":"scroll","background-type":"","background-media":"","overlay-type":"","overlay-color":"","overlay-opacity":"","overlay-gradient":""},"tablet":{"background-color":"var(--ast-global-color-5)","background-image":"","background-repeat":"repeat","background-position":"center center","background-size":"auto","background-attachment":"scroll","background-type":"","background-media":"","overlay-type":"","overlay-color":"","overlay-opacity":"","overlay-gradient":""},"mobile":{"background-color":"var(--ast-global-color-5)","background-image":"","background-repeat":"repeat","background-position":"center center","background-size":"auto","background-attachment":"scroll","background-type":"","background-media":"","overlay-type":"","overlay-color":"","overlay-opacity":"","overlay-gradient":""}},"footnotes":""},"categories":[1925,1,29],"tags":[220,297,305,2291,2278,2306,446,447,1769,854,2215,2287],"class_list":["post-18760","post","type-post","status-publish","format-standard","has-post-thumbnail","hentry","category-infogestio","category-politicaeducativa","category-se-baixllobregat6","tag-alumnat","tag-catalunya","tag-centres-educatius-2","tag-centres-educatius-en-linia","tag-confinament","tag-congres-deducacio-publica","tag-educacio-primaria","tag-educacio-secundaria","tag-escola-publica","tag-professorat","tag-reporteducacio","tag-serveiseducatiusenlinia"],"post_mailing_queue_ids":[],"_links":{"self":[{"href":"https:\/\/serveiseducatius.xtec.cat\/baixllobregat6\/wp-json\/wp\/v2\/posts\/18760","targetHints":{"allow":["GET"]}}],"collection":[{"href":"https:\/\/serveiseducatius.xtec.cat\/baixllobregat6\/wp-json\/wp\/v2\/posts"}],"about":[{"href":"https:\/\/serveiseducatius.xtec.cat\/baixllobregat6\/wp-json\/wp\/v2\/types\/post"}],"author":[{"embeddable":true,"href":"https:\/\/serveiseducatius.xtec.cat\/baixllobregat6\/wp-json\/wp\/v2\/users\/1"}],"replies":[{"embeddable":true,"href":"https:\/\/serveiseducatius.xtec.cat\/baixllobregat6\/wp-json\/wp\/v2\/comments?post=18760"}],"version-history":[{"count":2,"href":"https:\/\/serveiseducatius.xtec.cat\/baixllobregat6\/wp-json\/wp\/v2\/posts\/18760\/revisions"}],"predecessor-version":[{"id":18763,"href":"https:\/\/serveiseducatius.xtec.cat\/baixllobregat6\/wp-json\/wp\/v2\/posts\/18760\/revisions\/18763"}],"wp:featuredmedia":[{"embeddable":true,"href":"https:\/\/serveiseducatius.xtec.cat\/baixllobregat6\/wp-json\/wp\/v2\/media\/18761"}],"wp:attachment":[{"href":"https:\/\/serveiseducatius.xtec.cat\/baixllobregat6\/wp-json\/wp\/v2\/media?parent=18760"}],"wp:term":[{"taxonomy":"category","embeddable":true,"href":"https:\/\/serveiseducatius.xtec.cat\/baixllobregat6\/wp-json\/wp\/v2\/categories?post=18760"},{"taxonomy":"post_tag","embeddable":true,"href":"https:\/\/serveiseducatius.xtec.cat\/baixllobregat6\/wp-json\/wp\/v2\/tags?post=18760"}],"curies":[{"name":"wp","href":"https:\/\/api.w.org\/{rel}","templated":true}]}}