{"id":18754,"date":"2020-04-08T19:27:03","date_gmt":"2020-04-08T17:27:03","guid":{"rendered":"http:\/\/serveiseducatius.xtec.cat\/baixllobregat6\/?p=18754"},"modified":"2020-04-11T09:58:26","modified_gmt":"2020-04-11T07:58:26","slug":"orientacions-del-departament-deducaciocat-referents-al-tercer-trimestre-per-als-serveis-educatius-a-causa-del-tancament-dels-centres-educatius-pel-coronavirus","status":"publish","type":"post","link":"https:\/\/serveiseducatius.xtec.cat\/baixllobregat6\/politicaeducativa\/orientacions-del-departament-deducaciocat-referents-al-tercer-trimestre-per-als-serveis-educatius-a-causa-del-tancament-dels-centres-educatius-pel-coronavirus\/","title":{"rendered":"Orientacions del Departament d&#8217;@Educaciocat referents al tercer trimestre per als serveis educatius a causa del tancament dels centres educatius pel coronavirus"},"content":{"rendered":"<p><img loading=\"lazy\" decoding=\"async\" class=\"alignnone size-full wp-image-18766\" src=\"https:\/\/serveiseducatius.xtec.cat\/baixllobregat6\/wp-content\/uploads\/usu778\/2020\/04\/Educacio\u0301.gif\" alt=\"\" width=\"644\" height=\"239\" \/><\/p>\n<p>El Departament d&#8217;Educaci\u00f3 mitjan\u00e7ant la direcci\u00f3 general de Curr\u00edculum i Personalitzaci\u00f3 i la direcci\u00f3 general d&#8217;Innovaci\u00f3, Recerca i Cultura digital han elaborat unes orientacions adre\u00e7ades a la seva xarxa de serveis educatius per encarar el darrer trimestre del curs 2019-2020 i que van arreglerades amb els <a href=\"https:\/\/govern.cat\/govern\/docs\/2020\/03\/30\/16\/22\/8d2376dd-bc29-4d9a-a501-7195e39b10a4.pdf\" target=\"_blank\" rel=\"noopener noreferrer\">Criteris per al desenvolupament de l&#8217;acci\u00f3 educativa i l&#8217;avaluaci\u00f3 dels alumnes en els centres on s&#8217;imparteixen els ensenyaments del segon cicle d&#8217;educaci\u00f3 infantil, prim\u00e0ria, secund\u00e0ria obligat\u00f2ria, batxillerat i formaci\u00f3 d&#8217;adults, davant la prolongaci\u00db del per\u00ccode de confinament pel Covid19<\/a>, i que van ser elaborats per la Secretaria de Pol\u00edtques educatives el passat 30 de mar\u00e7.<br \/>\n<!--more--><\/p>\n<p><iframe loading=\"lazy\" src=\"https:\/\/drive.google.com\/file\/d\/19pgABzcpMXNd2MqHLFNyhXlFone0bHyw\/preview\" width=\"800\" height=\"1100\"><\/iframe><\/p>\n","protected":false},"excerpt":{"rendered":"<p>El Departament d&#8217;Educaci\u00f3 mitjan\u00e7ant la direcci\u00f3 general de Curr\u00edculum i Personalitzaci\u00f3 i la direcci\u00f3 general d&#8217;Innovaci\u00f3, Recerca i Cultura digital han elaborat unes orientacions adre\u00e7ades a la seva xarxa de serveis educatius per encarar el darrer trimestre del curs 2019-2020 i que van arreglerades amb els Criteris per al desenvolupament de l&#8217;acci\u00f3 educativa i l&#8217;avaluaci\u00f3 [&hellip;]<\/p>\n","protected":false},"author":1,"featured_media":18756,"comment_status":"open","ping_status":"closed","sticky":false,"template":"","format":"standard","meta":{"_bbp_topic_count":0,"_bbp_reply_count":0,"_bbp_total_topic_count":0,"_bbp_total_reply_count":0,"_bbp_voice_count":0,"_bbp_anonymous_reply_count":0,"_bbp_topic_count_hidden":0,"_bbp_reply_count_hidden":0,"_bbp_forum_subforum_count":0,"site-sidebar-layout":"default","site-content-layout":"","ast-site-content-layout":"","site-content-style":"default","site-sidebar-style":"default","ast-global-header-display":"","ast-banner-title-visibility":"","ast-main-header-display":"","ast-hfb-above-header-display":"","ast-hfb-below-header-display":"","ast-hfb-mobile-header-display":"","site-post-title":"","ast-breadcrumbs-content":"","ast-featured-img":"","footer-sml-layout":"","theme-transparent-header-meta":"","adv-header-id-meta":"","stick-header-meta":"","header-above-stick-meta":"","header-main-stick-meta":"","header-below-stick-meta":"","astra-migrate-meta-layouts":"default","ast-page-background-enabled":"default","ast-page-background-meta":{"desktop":{"background-color":"var(--ast-global-color-4)","background-image":"","background-repeat":"repeat","background-position":"center center","background-size":"auto","background-attachment":"scroll","background-type":"","background-media":"","overlay-type":"","overlay-color":"","overlay-opacity":"","overlay-gradient":""},"tablet":{"background-color":"","background-image":"","background-repeat":"repeat","background-position":"center center","background-size":"auto","background-attachment":"scroll","background-type":"","background-media":"","overlay-type":"","overlay-color":"","overlay-opacity":"","overlay-gradient":""},"mobile":{"background-color":"","background-image":"","background-repeat":"repeat","background-position":"center center","background-size":"auto","background-attachment":"scroll","background-type":"","background-media":"","overlay-type":"","overlay-color":"","overlay-opacity":"","overlay-gradient":""}},"ast-content-background-meta":{"desktop":{"background-color":"var(--ast-global-color-5)","background-image":"","background-repeat":"repeat","background-position":"center center","background-size":"auto","background-attachment":"scroll","background-type":"","background-media":"","overlay-type":"","overlay-color":"","overlay-opacity":"","overlay-gradient":""},"tablet":{"background-color":"var(--ast-global-color-5)","background-image":"","background-repeat":"repeat","background-position":"center center","background-size":"auto","background-attachment":"scroll","background-type":"","background-media":"","overlay-type":"","overlay-color":"","overlay-opacity":"","overlay-gradient":""},"mobile":{"background-color":"var(--ast-global-color-5)","background-image":"","background-repeat":"repeat","background-position":"center center","background-size":"auto","background-attachment":"scroll","background-type":"","background-media":"","overlay-type":"","overlay-color":"","overlay-opacity":"","overlay-gradient":""}},"footnotes":""},"categories":[65,67,68,1587,1,29],"tags":[220,2291,2278,854,2215,918,2287],"class_list":["post-18754","post","type-post","status-publish","format-standard","has-post-thumbnail","hentry","category-crp","category-eap","category-clic","category-normativa","category-politicaeducativa","category-se-baixllobregat6","tag-alumnat","tag-centres-educatius-en-linia","tag-confinament","tag-professorat","tag-reporteducacio","tag-serveis-educatius","tag-serveiseducatiusenlinia"],"post_mailing_queue_ids":[],"_links":{"self":[{"href":"https:\/\/serveiseducatius.xtec.cat\/baixllobregat6\/wp-json\/wp\/v2\/posts\/18754","targetHints":{"allow":["GET"]}}],"collection":[{"href":"https:\/\/serveiseducatius.xtec.cat\/baixllobregat6\/wp-json\/wp\/v2\/posts"}],"about":[{"href":"https:\/\/serveiseducatius.xtec.cat\/baixllobregat6\/wp-json\/wp\/v2\/types\/post"}],"author":[{"embeddable":true,"href":"https:\/\/serveiseducatius.xtec.cat\/baixllobregat6\/wp-json\/wp\/v2\/users\/1"}],"replies":[{"embeddable":true,"href":"https:\/\/serveiseducatius.xtec.cat\/baixllobregat6\/wp-json\/wp\/v2\/comments?post=18754"}],"version-history":[{"count":2,"href":"https:\/\/serveiseducatius.xtec.cat\/baixllobregat6\/wp-json\/wp\/v2\/posts\/18754\/revisions"}],"predecessor-version":[{"id":18767,"href":"https:\/\/serveiseducatius.xtec.cat\/baixllobregat6\/wp-json\/wp\/v2\/posts\/18754\/revisions\/18767"}],"wp:featuredmedia":[{"embeddable":true,"href":"https:\/\/serveiseducatius.xtec.cat\/baixllobregat6\/wp-json\/wp\/v2\/media\/18756"}],"wp:attachment":[{"href":"https:\/\/serveiseducatius.xtec.cat\/baixllobregat6\/wp-json\/wp\/v2\/media?parent=18754"}],"wp:term":[{"taxonomy":"category","embeddable":true,"href":"https:\/\/serveiseducatius.xtec.cat\/baixllobregat6\/wp-json\/wp\/v2\/categories?post=18754"},{"taxonomy":"post_tag","embeddable":true,"href":"https:\/\/serveiseducatius.xtec.cat\/baixllobregat6\/wp-json\/wp\/v2\/tags?post=18754"}],"curies":[{"name":"wp","href":"https:\/\/api.w.org\/{rel}","templated":true}]}}