{"id":18747,"date":"2020-04-07T14:04:10","date_gmt":"2020-04-07T12:04:10","guid":{"rendered":"http:\/\/serveiseducatius.xtec.cat\/baixllobregat6\/?p=18747"},"modified":"2020-04-08T19:27:42","modified_gmt":"2020-04-08T17:27:42","slug":"joned-journal-of-neuroeducation-una-nova-revista-en-linia-i-de-franc-sobre-neuroeducacio-auspiciada-per-la-universitat-de-barcelona","status":"publish","type":"post","link":"https:\/\/serveiseducatius.xtec.cat\/baixllobregat6\/se-baixllobregat6\/joned-journal-of-neuroeducation-una-nova-revista-en-linia-i-de-franc-sobre-neuroeducacio-auspiciada-per-la-universitat-de-barcelona\/","title":{"rendered":"#JONED Journal of Neuroeducation, una nova revista en l\u00ednia i de franc sobre Neuroeducaci\u00f3 auspiciada per la Universitat de Barcelona"},"content":{"rendered":"<p><img loading=\"lazy\" decoding=\"async\" class=\"alignleft wp-image-18748 \" src=\"https:\/\/serveiseducatius.xtec.cat\/baixllobregat6\/wp-content\/uploads\/usu778\/2020\/04\/revista1.jpg\" alt=\"\" width=\"696\" height=\"326\" \/><\/p>\n<p>Establir ponts entre les comunitats cient\u00edfica i educativa per contribuir a perfeccionar les experi\u00e8ncies did\u00e0ctiques actuals \u00e9s l\u2019objectiu de la\u00a0<i>Revista de Neuroeducaci\u00f3<\/i>\u00a0(<a href=\"http:\/\/revistes.ub.edu\/index.php\/joned\/\" target=\"_self\" rel=\"noopener noreferrer\">JONED<\/a>), una nova publicaci\u00f3 en l\u00ednia, gratu\u00efta i de lliure acc\u00e9s oberta a la comunitat cient\u00edfica de tot l\u2019\u00e0mbit nacional i internacional. Est\u00e0 impulsada per la C\u00e0tedra de Neuroeducaci\u00f3 de la UB (<a href=\"http:\/\/www.ub.edu\/neuroedu\/\" target=\"_self\" rel=\"noopener noreferrer\">\u00a0Edu1st<\/a>), creada el 2019 i pionera a tot l\u2019Estat, que dirigeix el professor David Bueno, de la Facultat de Biologia, i t\u00e9 com a directora adjunta la professora Anna For\u00e9s, de la Facultat d\u2019Educaci\u00f3 de la UB.<!--more--><\/p>\n<p>La nova publicaci\u00f3 digital \u2014la primera revista d\u2019investigaci\u00f3 neuroeducativa de tot l\u2019Estat espanyol\u2014 tindr\u00e0 una periodicitat semestral i editar\u00e0 articles cient\u00edfics en catal\u00e0, castell\u00e0 i angl\u00e8s. La revista neix com una proposta innovadora per conjugar dues disciplines tradicionalment distanciades \u2014les neuroci\u00e8ncies i l\u2019educaci\u00f3\u2014 i per crear un espai de divulgaci\u00f3 cient\u00edfica accessible a la comunitat investigadora nacional i internacional.<\/p>\n<p>En el comit\u00e8 editorial \u2014encap\u00e7alat per Marcel Ruiz (UPF), David Bueno (UB) i Anna For\u00e9s (UB)\u2014 hi participa un destacat grup d\u2019experts nacionals i internacionals de centres com ara la UPF, la UAB, la Fundaci\u00f3 Educaci\u00f3n Activa, la Universitat d\u2019Oakland (Estats Units), la Universitat de Cambridge (Regne Unit), i la Universitat de Ci\u00e8ncies Aplicades de Saxion (Pa\u00efsos Baixos), entre altres institucions.<!--more--><\/p>\n<p><b>Un nou espai de trobada entre les neuroci\u00e8ncies i l\u2019educaci\u00f3<\/b><\/p>\n<p>Tal com explica Marcel Ruiz, director en cap de la nova revista, \u00abvolem aportar noves evid\u00e8ncies al camp de la neuroci\u00e8ncia aplicada a l\u2019educaci\u00f3 mitjan\u00e7ant investigacions, experi\u00e8ncies d\u2019aula o revisions tem\u00e0tiques, entre altres continguts. Aix\u00ed, la revista sorgeix per animar mestres, professors i cient\u00edfics a trobar espais per compartir aquest coneixement i, a m\u00e9s, per apropar els adolescents a la ci\u00e8ncia i a l\u2019educaci\u00f3\u00bb.<\/p>\n<p>L\u2019activitat divulgativa de la publicaci\u00f3 \u00abvol contribuir a informar el p\u00fablic sobre la manera en qu\u00e8 s\u2019est\u00e0 desenvolupant l\u2019educaci\u00f3 a la nostra societat. En un sentit ampli, t\u00e9 una doble finalitat: informar les persones i contribuir a bastir una cultura de l\u2019aprenentatge des de les etapes m\u00e9s inicials de la vida\u00bb, detalla David Bueno, professor del Departament de Gen\u00e8tica, Microbiologia i Estad\u00edstica de la Facultat de Biologia i editor en cap adjunt de la nova revista cient\u00edfica.<\/p>\n<p>La\u00a0<i>Revista de Neuroeducaci\u00f3<\/i>\u00a0vol esdevenir tamb\u00e9 un punt de trobada per establir sinergies entre diferents \u00e0rees del coneixement que tinguin com a finalitat optimitzar els processos educatius. \u00abCreiem que la societat s\u2019enriquir\u00e0, a curt termini, d\u2019una cultura de l\u2019educaci\u00f3 i l\u2019aprenentatge, no segregada i interdisciplin\u00e0ria, ja que el benestar i la cohesi\u00f3 de les persones ha de ser una de les finalitats \u00faltimes de tota activitat emergent de les societats\u00bb, assenyala Anna For\u00e9s, professora del Departament de Did\u00e0ctica i Organitzaci\u00f3 Educativa de la UB i editora en cap adjunta de la revista.<\/p>\n<p><b>Una revista amb vocaci\u00f3 divulgativa i projecci\u00f3 internacional<\/b><\/p>\n<p>Amb una clara vocaci\u00f3 divulgativa, els articles en l\u2019\u00e0mbit de la recerca neurocient\u00edfica i educativa que s\u2019envi\u00efn a la nova revista \u00abs\u2019han d\u2019escriure amb una terminologia que, tot i ser absolutament estricta, permeti la total comprensi\u00f3 dels textos\u00bb, indica la professora Anna For\u00e9s. La secci\u00f3 \u00abNeuromads\u00bb, pensada per al col\u00b7lectiu investigador m\u00e9s jove, publicar\u00e0 treballs d\u2019aquest perfil d\u2019autors en un llenguatge accessible i dirigit al p\u00fablic interessant en els continguts sobre neuroeducaci\u00f3.<\/p>\n<p>Amb la mateixa perspectiva d\u2019internacionalitzaci\u00f3 de la C\u00e0tedra Edu1st, que desplega cursos i continguts en catal\u00e0, castell\u00e0 i angl\u00e8s, aquesta revista de format obert \u00abadvoca per la necess\u00e0ria i imprescindible internacionalitzaci\u00f3 dels coneixements, sense perdre mai l\u2019entorn immediat\u00bb, apunta Marcel Ruiz.<\/p>\n<p>\u00abBusquem la m\u00e0xima transfer\u00e8ncia possible \u2014continua Ruiz\u2014 per enriquir els \u00e0mbits que s\u00f3n de la nostra compet\u00e8ncia. Per aix\u00f2, la nova revista accepta articles en tres idiomes diferents \u2014tot i que tots han de tenir un resum en angl\u00e8s\u2014 per tal d\u2019apropar millor els treballs a tot el col\u00b7lectiu interessat en aquest \u00e0mbit de recerca\u00bb.<\/p>\n<p><b>Neuroeducaci\u00f3: a l\u2019avantguarda de l\u2019aprenentatge<\/b><\/p>\n<p>En un context pedag\u00f2gic, la neuroeducaci\u00f3 \u00e9s una disciplina que dota de m\u00e9s rigor cient\u00edfic la pr\u00e0ctica educativa, \u00abtot aportant evid\u00e8ncies procedents d\u2019una disciplina acad\u00e8mica complement\u00e0ria a la pedagogia a fi de promoure un aprenentatge m\u00e9s efica\u00e7\u00bb, explica David Bueno.<\/p>\n<p>\u00abNo obstant aix\u00f2 \u2014continua\u2014, la neuroeducaci\u00f3 no pret\u00e9n ni pot substituir la pedagogia ni les ci\u00e8ncies de l\u2019educaci\u00f3, que s\u00f3n absolutament imprescindibles per al desenvolupament i l\u2019an\u00e0lisi de noves experi\u00e8ncies did\u00e0ctiques m\u00e9s coincidents amb l\u2019entorn social i el seu dinamisme\u00bb.<\/p>\n<p>La neuroeducaci\u00f3 tamb\u00e9 aporta noves eines per incrementar l\u2019autoconsci\u00e8ncia sobre els nostres propis processos d\u2019aprenentatge, \u00abi permet activar certes zones del cervell relacionades amb el plaer, fet que resultaria clau per entendre de quina manera aprenem\u226b, revela David Bueno.<\/p>\n<p><b>Un projecte obert per convertir l\u2019educaci\u00f3 en una ci\u00e8ncia de l\u2019aprenentatge<\/b><\/p>\n<p>En el context institucional, iniciatives com la C\u00e0tedra de Neuroeducaci\u00f3 de la UB (Edu1st) o la\u00a0<i>Revista de Neuroeducaci\u00f3<\/i>\u00a0suposen \u00abun pas clau per augmentar el valor de l\u2019educaci\u00f3 en la nostra societat\u00bb, conclou For\u00e9s.<\/p>\n<p>El primer n\u00famero de la revista estar\u00e0 disponible al juliol. Tots els membres del col\u00b7lectiu investigador interessats a difondre la seva recerca d\u2019acord amb els\u00a0<a href=\"https:\/\/revistes.ub.edu\/index.php\/joned\/about\/submissions\/\" target=\"_self\" rel=\"noopener noreferrer\">criteris d\u2019avaluaci\u00f3<\/a>\u00a0i revisi\u00f3 cient\u00edfica d\u2019aquesta iniciativa editorial poden contactar amb l\u2019equip editorial mitjan\u00e7ant el portal\u00a0<a href=\"http:\/\/revistes.ub.edu\/index.php\/joned\/\" target=\"_self\" rel=\"noopener noreferrer\">web<\/a>\u00a0fins al 15 de juny.<\/p>\n<pre>Font: <a href=\"https:\/\/www.ub.edu\/web\/ub\/ca\/menu_eines\/noticies\/2020\/03\/056.html\" target=\"_blank\" rel=\"noopener noreferrer\"><strong>Universitat de Barcelona<\/strong><\/a><\/pre>\n<p>&nbsp;<\/p>\n","protected":false},"excerpt":{"rendered":"<p>Establir ponts entre les comunitats cient\u00edfica i educativa per contribuir a perfeccionar les experi\u00e8ncies did\u00e0ctiques actuals \u00e9s l\u2019objectiu de la\u00a0Revista de Neuroeducaci\u00f3\u00a0(JONED), una nova publicaci\u00f3 en l\u00ednia, gratu\u00efta i de lliure acc\u00e9s oberta a la comunitat cient\u00edfica de tot l\u2019\u00e0mbit nacional i internacional. Est\u00e0 impulsada per la C\u00e0tedra de Neuroeducaci\u00f3 de la UB (\u00a0Edu1st), creada [&hellip;]<\/p>\n","protected":false},"author":1,"featured_media":18748,"comment_status":"open","ping_status":"closed","sticky":false,"template":"","format":"standard","meta":{"_bbp_topic_count":0,"_bbp_reply_count":0,"_bbp_total_topic_count":0,"_bbp_total_reply_count":0,"_bbp_voice_count":0,"_bbp_anonymous_reply_count":0,"_bbp_topic_count_hidden":0,"_bbp_reply_count_hidden":0,"_bbp_forum_subforum_count":0,"site-sidebar-layout":"default","site-content-layout":"","ast-site-content-layout":"","site-content-style":"default","site-sidebar-style":"default","ast-global-header-display":"","ast-banner-title-visibility":"","ast-main-header-display":"","ast-hfb-above-header-display":"","ast-hfb-below-header-display":"","ast-hfb-mobile-header-display":"","site-post-title":"","ast-breadcrumbs-content":"","ast-featured-img":"","footer-sml-layout":"","theme-transparent-header-meta":"","adv-header-id-meta":"","stick-header-meta":"","header-above-stick-meta":"","header-main-stick-meta":"","header-below-stick-meta":"","astra-migrate-meta-layouts":"default","ast-page-background-enabled":"default","ast-page-background-meta":{"desktop":{"background-color":"var(--ast-global-color-4)","background-image":"","background-repeat":"repeat","background-position":"center center","background-size":"auto","background-attachment":"scroll","background-type":"","background-media":"","overlay-type":"","overlay-color":"","overlay-opacity":"","overlay-gradient":""},"tablet":{"background-color":"","background-image":"","background-repeat":"repeat","background-position":"center center","background-size":"auto","background-attachment":"scroll","background-type":"","background-media":"","overlay-type":"","overlay-color":"","overlay-opacity":"","overlay-gradient":""},"mobile":{"background-color":"","background-image":"","background-repeat":"repeat","background-position":"center center","background-size":"auto","background-attachment":"scroll","background-type":"","background-media":"","overlay-type":"","overlay-color":"","overlay-opacity":"","overlay-gradient":""}},"ast-content-background-meta":{"desktop":{"background-color":"var(--ast-global-color-5)","background-image":"","background-repeat":"repeat","background-position":"center center","background-size":"auto","background-attachment":"scroll","background-type":"","background-media":"","overlay-type":"","overlay-color":"","overlay-opacity":"","overlay-gradient":""},"tablet":{"background-color":"var(--ast-global-color-5)","background-image":"","background-repeat":"repeat","background-position":"center center","background-size":"auto","background-attachment":"scroll","background-type":"","background-media":"","overlay-type":"","overlay-color":"","overlay-opacity":"","overlay-gradient":""},"mobile":{"background-color":"var(--ast-global-color-5)","background-image":"","background-repeat":"repeat","background-position":"center center","background-size":"auto","background-attachment":"scroll","background-type":"","background-media":"","overlay-type":"","overlay-color":"","overlay-opacity":"","overlay-gradient":""}},"footnotes":""},"categories":[163,29],"tags":[1580,767,2275,2305,2215,989],"class_list":["post-18747","post","type-post","status-publish","format-standard","has-post-thumbnail","hentry","category-formacio","category-se-baixllobregat6","tag-formacio-del-professorat","tag-neurociencia","tag-neuroeducacio","tag-publicacions-periodiques","tag-reporteducacio","tag-universitat-de-barcelona"],"post_mailing_queue_ids":[],"_links":{"self":[{"href":"https:\/\/serveiseducatius.xtec.cat\/baixllobregat6\/wp-json\/wp\/v2\/posts\/18747","targetHints":{"allow":["GET"]}}],"collection":[{"href":"https:\/\/serveiseducatius.xtec.cat\/baixllobregat6\/wp-json\/wp\/v2\/posts"}],"about":[{"href":"https:\/\/serveiseducatius.xtec.cat\/baixllobregat6\/wp-json\/wp\/v2\/types\/post"}],"author":[{"embeddable":true,"href":"https:\/\/serveiseducatius.xtec.cat\/baixllobregat6\/wp-json\/wp\/v2\/users\/1"}],"replies":[{"embeddable":true,"href":"https:\/\/serveiseducatius.xtec.cat\/baixllobregat6\/wp-json\/wp\/v2\/comments?post=18747"}],"version-history":[{"count":3,"href":"https:\/\/serveiseducatius.xtec.cat\/baixllobregat6\/wp-json\/wp\/v2\/posts\/18747\/revisions"}],"predecessor-version":[{"id":18758,"href":"https:\/\/serveiseducatius.xtec.cat\/baixllobregat6\/wp-json\/wp\/v2\/posts\/18747\/revisions\/18758"}],"wp:featuredmedia":[{"embeddable":true,"href":"https:\/\/serveiseducatius.xtec.cat\/baixllobregat6\/wp-json\/wp\/v2\/media\/18748"}],"wp:attachment":[{"href":"https:\/\/serveiseducatius.xtec.cat\/baixllobregat6\/wp-json\/wp\/v2\/media?parent=18747"}],"wp:term":[{"taxonomy":"category","embeddable":true,"href":"https:\/\/serveiseducatius.xtec.cat\/baixllobregat6\/wp-json\/wp\/v2\/categories?post=18747"},{"taxonomy":"post_tag","embeddable":true,"href":"https:\/\/serveiseducatius.xtec.cat\/baixllobregat6\/wp-json\/wp\/v2\/tags?post=18747"}],"curies":[{"name":"wp","href":"https:\/\/api.w.org\/{rel}","templated":true}]}}