{"id":18696,"date":"2020-04-03T00:57:11","date_gmt":"2020-04-02T22:57:11","guid":{"rendered":"http:\/\/serveiseducatius.xtec.cat\/baixllobregat6\/?p=18696"},"modified":"2020-04-03T20:49:36","modified_gmt":"2020-04-03T18:49:36","slug":"pensant-sobre-pedagogia-en-una-pandemia-en-desplegament-un-report-independent-dun-grup-de-treball-de-la-unesco","status":"publish","type":"post","link":"https:\/\/serveiseducatius.xtec.cat\/baixllobregat6\/politicaeducativa\/pensant-sobre-pedagogia-en-una-pandemia-en-desplegament-un-report-independent-dun-grup-de-treball-de-la-unesco\/","title":{"rendered":"Pensant sobre pedagogia en una pand\u00e8mia en desplegament. Un report independent d&#8217;un grup de treball de la UNESCO."},"content":{"rendered":"<p><a href=\"https:\/\/serveiseducatius.xtec.cat\/baixllobregat6\/politicaeducativa\/pensant-sobre-pedagogia-en-una-pandemia-en-desplegament-un-report-independent-dun-grup-de-treball-de-la-unesco\/\" target=\"_blank\" rel=\"noopener noreferrer\"><img loading=\"lazy\" decoding=\"async\" class=\"alignnone size-large wp-image-18698\" src=\"https:\/\/serveiseducatius.xtec.cat\/baixllobregat6\/wp-content\/uploads\/usu778\/2020\/04\/Captura-de-Pantalla-2020-04-03-a-les-0.29.46-709x1024.png\" alt=\"\" width=\"709\" height=\"1024\" srcset=\"https:\/\/serveiseducatius.xtec.cat\/baixllobregat6\/wp-content\/uploads\/usu778\/2020\/04\/Captura-de-Pantalla-2020-04-03-a-les-0.29.46-709x1024.png 709w, https:\/\/serveiseducatius.xtec.cat\/baixllobregat6\/wp-content\/uploads\/usu778\/2020\/04\/Captura-de-Pantalla-2020-04-03-a-les-0.29.46-360x520.png 360w, https:\/\/serveiseducatius.xtec.cat\/baixllobregat6\/wp-content\/uploads\/usu778\/2020\/04\/Captura-de-Pantalla-2020-04-03-a-les-0.29.46-768x1110.png 768w, https:\/\/serveiseducatius.xtec.cat\/baixllobregat6\/wp-content\/uploads\/usu778\/2020\/04\/Captura-de-Pantalla-2020-04-03-a-les-0.29.46.png 1294w\" sizes=\"auto, (max-width: 709px) 100vw, 709px\" \/><\/a><br \/>\n<!--more--><\/p>\n<p>Aquesta publicaci\u00f3 t\u00e9 com a finalitat informar sobre diverses l\u00ednies de refer\u00e8ncia per a les pr\u00e0ctiques i pol\u00edtiques educatives en el cas d&#8217;una pand\u00e8mia en desenvolupament.\u00a0 No s&#8217;aborda des de l&#8217;enfocament estricte dels actuals tancaments del centres escolars a escala mundial, sin\u00f3 tamb\u00e9 davant la possibilitat de com pot repercutir en l&#8217;educaci\u00f3 futures aturades durant els propers 12 o 18 mesos com a conseq\u00fc\u00e8ncia de brots recurrents.<\/p>\n<p><iframe loading=\"lazy\" src=\"https:\/\/drive.google.com\/file\/d\/1FFtgmgTECvo3Q5vgtpqHZ5br-C0o-CyM\/preview\" width=\"800\" height=\"1100\"><\/iframe><\/p>\n","protected":false},"excerpt":{"rendered":"","protected":false},"author":1,"featured_media":18698,"comment_status":"open","ping_status":"closed","sticky":false,"template":"","format":"standard","meta":{"_bbp_topic_count":0,"_bbp_reply_count":0,"_bbp_total_topic_count":0,"_bbp_total_reply_count":0,"_bbp_voice_count":0,"_bbp_anonymous_reply_count":0,"_bbp_topic_count_hidden":0,"_bbp_reply_count_hidden":0,"_bbp_forum_subforum_count":0,"site-sidebar-layout":"default","site-content-layout":"","ast-site-content-layout":"","site-content-style":"default","site-sidebar-style":"default","ast-global-header-display":"","ast-banner-title-visibility":"","ast-main-header-display":"","ast-hfb-above-header-display":"","ast-hfb-below-header-display":"","ast-hfb-mobile-header-display":"","site-post-title":"","ast-breadcrumbs-content":"","ast-featured-img":"","footer-sml-layout":"","theme-transparent-header-meta":"","adv-header-id-meta":"","stick-header-meta":"","header-above-stick-meta":"","header-main-stick-meta":"","header-below-stick-meta":"","astra-migrate-meta-layouts":"default","ast-page-background-enabled":"default","ast-page-background-meta":{"desktop":{"background-color":"var(--ast-global-color-4)","background-image":"","background-repeat":"repeat","background-position":"center center","background-size":"auto","background-attachment":"scroll","background-type":"","background-media":"","overlay-type":"","overlay-color":"","overlay-opacity":"","overlay-gradient":""},"tablet":{"background-color":"","background-image":"","background-repeat":"repeat","background-position":"center center","background-size":"auto","background-attachment":"scroll","background-type":"","background-media":"","overlay-type":"","overlay-color":"","overlay-opacity":"","overlay-gradient":""},"mobile":{"background-color":"","background-image":"","background-repeat":"repeat","background-position":"center center","background-size":"auto","background-attachment":"scroll","background-type":"","background-media":"","overlay-type":"","overlay-color":"","overlay-opacity":"","overlay-gradient":""}},"ast-content-background-meta":{"desktop":{"background-color":"var(--ast-global-color-5)","background-image":"","background-repeat":"repeat","background-position":"center center","background-size":"auto","background-attachment":"scroll","background-type":"","background-media":"","overlay-type":"","overlay-color":"","overlay-opacity":"","overlay-gradient":""},"tablet":{"background-color":"var(--ast-global-color-5)","background-image":"","background-repeat":"repeat","background-position":"center center","background-size":"auto","background-attachment":"scroll","background-type":"","background-media":"","overlay-type":"","overlay-color":"","overlay-opacity":"","overlay-gradient":""},"mobile":{"background-color":"var(--ast-global-color-5)","background-image":"","background-repeat":"repeat","background-position":"center center","background-size":"auto","background-attachment":"scroll","background-type":"","background-media":"","overlay-type":"","overlay-color":"","overlay-opacity":"","overlay-gradient":""}},"footnotes":""},"categories":[163,1,29],"tags":[2291,2278,2302,809,2215,2287,984],"class_list":["post-18696","post","type-post","status-publish","format-standard","has-post-thumbnail","hentry","category-formacio","category-politicaeducativa","category-se-baixllobregat6","tag-centres-educatius-en-linia","tag-confinament","tag-pandemia","tag-pedagogia","tag-reporteducacio","tag-serveiseducatiusenlinia","tag-unesco"],"post_mailing_queue_ids":[],"_links":{"self":[{"href":"https:\/\/serveiseducatius.xtec.cat\/baixllobregat6\/wp-json\/wp\/v2\/posts\/18696","targetHints":{"allow":["GET"]}}],"collection":[{"href":"https:\/\/serveiseducatius.xtec.cat\/baixllobregat6\/wp-json\/wp\/v2\/posts"}],"about":[{"href":"https:\/\/serveiseducatius.xtec.cat\/baixllobregat6\/wp-json\/wp\/v2\/types\/post"}],"author":[{"embeddable":true,"href":"https:\/\/serveiseducatius.xtec.cat\/baixllobregat6\/wp-json\/wp\/v2\/users\/1"}],"replies":[{"embeddable":true,"href":"https:\/\/serveiseducatius.xtec.cat\/baixllobregat6\/wp-json\/wp\/v2\/comments?post=18696"}],"version-history":[{"count":4,"href":"https:\/\/serveiseducatius.xtec.cat\/baixllobregat6\/wp-json\/wp\/v2\/posts\/18696\/revisions"}],"predecessor-version":[{"id":18733,"href":"https:\/\/serveiseducatius.xtec.cat\/baixllobregat6\/wp-json\/wp\/v2\/posts\/18696\/revisions\/18733"}],"wp:featuredmedia":[{"embeddable":true,"href":"https:\/\/serveiseducatius.xtec.cat\/baixllobregat6\/wp-json\/wp\/v2\/media\/18698"}],"wp:attachment":[{"href":"https:\/\/serveiseducatius.xtec.cat\/baixllobregat6\/wp-json\/wp\/v2\/media?parent=18696"}],"wp:term":[{"taxonomy":"category","embeddable":true,"href":"https:\/\/serveiseducatius.xtec.cat\/baixllobregat6\/wp-json\/wp\/v2\/categories?post=18696"},{"taxonomy":"post_tag","embeddable":true,"href":"https:\/\/serveiseducatius.xtec.cat\/baixllobregat6\/wp-json\/wp\/v2\/tags?post=18696"}],"curies":[{"name":"wp","href":"https:\/\/api.w.org\/{rel}","templated":true}]}}