{"id":18680,"date":"2020-04-01T20:10:58","date_gmt":"2020-04-01T18:10:58","guid":{"rendered":"http:\/\/serveiseducatius.xtec.cat\/baixllobregat6\/?p=18680"},"modified":"2020-04-03T09:58:07","modified_gmt":"2020-04-03T07:58:07","slug":"les-mateixes-pors-que-ens-ceguen-son-finestres-plenes-de-llum-lins-frederic-mompou-agraeix-lesforc-que-esta-fent-la-seva-comunitat-per-tirar-endavant","status":"publish","type":"post","link":"https:\/\/serveiseducatius.xtec.cat\/baixllobregat6\/comunitat\/activitat-dels-centres\/les-mateixes-pors-que-ens-ceguen-son-finestres-plenes-de-llum-lins-frederic-mompou-agraeix-lesforc-que-esta-fent-la-seva-comunitat-per-tirar-endavant\/","title":{"rendered":"&#8220;Les mateixes pors que ens ceguen s\u00f3n finestres plenes de llum&#8221;. L&#8217;INS Frederic Mompou agraeix l&#8217;esfor\u00e7 que est\u00e0 fent la seva comunitat per tirar endavant"},"content":{"rendered":"<p>La fam\u00edlia, com ells mateixos es defineixen, de l&#8217;<a href=\"https:\/\/agora.xtec.cat\/iesfmompou\/\" target=\"_blank\" rel=\"noopener noreferrer\"><strong>INS Frederic Mompou<\/strong><\/a> de Sant Vicen\u00e7 dels Horts, fa volar un avi\u00f3 de paper ple de bons desitjos. Amb el rerefons musical de &#8220;Serem Ocells&#8221; del grup Oques Grasses, l&#8217;avi\u00f3 anir\u00e0 resseguint la llarg de cada membre de l&#8217;equip de l&#8217;institut.<\/p>\n<div class=\"ast-oembed-container \" style=\"height: 100%;\"><iframe loading=\"lazy\" title=\"Fam\u00edlia Mompou\" width=\"500\" height=\"281\" src=\"https:\/\/www.youtube.com\/embed\/fvwigflIehQ?feature=oembed\" frameborder=\"0\" allow=\"accelerometer; autoplay; clipboard-write; encrypted-media; gyroscope; picture-in-picture; web-share\" referrerpolicy=\"strict-origin-when-cross-origin\" allowfullscreen><\/iframe><\/div>\n","protected":false},"excerpt":{"rendered":"<p>La fam\u00edlia, com ells mateixos es defineixen, de l&#8217;INS Frederic Mompou de Sant Vicen\u00e7 dels Horts, fa volar un avi\u00f3 de paper ple de bons desitjos. Amb el rerefons musical de &#8220;Serem Ocells&#8221; del grup Oques Grasses, l&#8217;avi\u00f3 anir\u00e0 resseguint la llarg de cada membre de l&#8217;equip de l&#8217;institut.<\/p>\n","protected":false},"author":1,"featured_media":18681,"comment_status":"open","ping_status":"closed","sticky":false,"template":"","format":"standard","meta":{"_bbp_topic_count":0,"_bbp_reply_count":0,"_bbp_total_topic_count":0,"_bbp_total_reply_count":0,"_bbp_voice_count":0,"_bbp_anonymous_reply_count":0,"_bbp_topic_count_hidden":0,"_bbp_reply_count_hidden":0,"_bbp_forum_subforum_count":0,"site-sidebar-layout":"default","site-content-layout":"","ast-site-content-layout":"","site-content-style":"default","site-sidebar-style":"default","ast-global-header-display":"","ast-banner-title-visibility":"","ast-main-header-display":"","ast-hfb-above-header-display":"","ast-hfb-below-header-display":"","ast-hfb-mobile-header-display":"","site-post-title":"","ast-breadcrumbs-content":"","ast-featured-img":"","footer-sml-layout":"","theme-transparent-header-meta":"","adv-header-id-meta":"","stick-header-meta":"","header-above-stick-meta":"","header-main-stick-meta":"","header-below-stick-meta":"","astra-migrate-meta-layouts":"default","ast-page-background-enabled":"default","ast-page-background-meta":{"desktop":{"background-color":"var(--ast-global-color-4)","background-image":"","background-repeat":"repeat","background-position":"center center","background-size":"auto","background-attachment":"scroll","background-type":"","background-media":"","overlay-type":"","overlay-color":"","overlay-opacity":"","overlay-gradient":""},"tablet":{"background-color":"","background-image":"","background-repeat":"repeat","background-position":"center center","background-size":"auto","background-attachment":"scroll","background-type":"","background-media":"","overlay-type":"","overlay-color":"","overlay-opacity":"","overlay-gradient":""},"mobile":{"background-color":"","background-image":"","background-repeat":"repeat","background-position":"center center","background-size":"auto","background-attachment":"scroll","background-type":"","background-media":"","overlay-type":"","overlay-color":"","overlay-opacity":"","overlay-gradient":""}},"ast-content-background-meta":{"desktop":{"background-color":"var(--ast-global-color-5)","background-image":"","background-repeat":"repeat","background-position":"center center","background-size":"auto","background-attachment":"scroll","background-type":"","background-media":"","overlay-type":"","overlay-color":"","overlay-opacity":"","overlay-gradient":""},"tablet":{"background-color":"var(--ast-global-color-5)","background-image":"","background-repeat":"repeat","background-position":"center center","background-size":"auto","background-attachment":"scroll","background-type":"","background-media":"","overlay-type":"","overlay-color":"","overlay-opacity":"","overlay-gradient":""},"mobile":{"background-color":"var(--ast-global-color-5)","background-image":"","background-repeat":"repeat","background-position":"center center","background-size":"auto","background-attachment":"scroll","background-type":"","background-media":"","overlay-type":"","overlay-color":"","overlay-opacity":"","overlay-gradient":""}},"footnotes":""},"categories":[1036],"tags":[2291,2278,447,630,854,2215,907,2287],"class_list":["post-18680","post","type-post","status-publish","format-standard","has-post-thumbnail","hentry","category-activitat-dels-centres","tag-centres-educatius-en-linia","tag-confinament","tag-educacio-secundaria","tag-ins-frederic-mompou","tag-professorat","tag-reporteducacio","tag-sant-vicenc-dels-horts","tag-serveiseducatiusenlinia"],"post_mailing_queue_ids":[],"_links":{"self":[{"href":"https:\/\/serveiseducatius.xtec.cat\/baixllobregat6\/wp-json\/wp\/v2\/posts\/18680","targetHints":{"allow":["GET"]}}],"collection":[{"href":"https:\/\/serveiseducatius.xtec.cat\/baixllobregat6\/wp-json\/wp\/v2\/posts"}],"about":[{"href":"https:\/\/serveiseducatius.xtec.cat\/baixllobregat6\/wp-json\/wp\/v2\/types\/post"}],"author":[{"embeddable":true,"href":"https:\/\/serveiseducatius.xtec.cat\/baixllobregat6\/wp-json\/wp\/v2\/users\/1"}],"replies":[{"embeddable":true,"href":"https:\/\/serveiseducatius.xtec.cat\/baixllobregat6\/wp-json\/wp\/v2\/comments?post=18680"}],"version-history":[{"count":2,"href":"https:\/\/serveiseducatius.xtec.cat\/baixllobregat6\/wp-json\/wp\/v2\/posts\/18680\/revisions"}],"predecessor-version":[{"id":18685,"href":"https:\/\/serveiseducatius.xtec.cat\/baixllobregat6\/wp-json\/wp\/v2\/posts\/18680\/revisions\/18685"}],"wp:featuredmedia":[{"embeddable":true,"href":"https:\/\/serveiseducatius.xtec.cat\/baixllobregat6\/wp-json\/wp\/v2\/media\/18681"}],"wp:attachment":[{"href":"https:\/\/serveiseducatius.xtec.cat\/baixllobregat6\/wp-json\/wp\/v2\/media?parent=18680"}],"wp:term":[{"taxonomy":"category","embeddable":true,"href":"https:\/\/serveiseducatius.xtec.cat\/baixllobregat6\/wp-json\/wp\/v2\/categories?post=18680"},{"taxonomy":"post_tag","embeddable":true,"href":"https:\/\/serveiseducatius.xtec.cat\/baixllobregat6\/wp-json\/wp\/v2\/tags?post=18680"}],"curies":[{"name":"wp","href":"https:\/\/api.w.org\/{rel}","templated":true}]}}