{"id":18676,"date":"2020-04-01T18:57:00","date_gmt":"2020-04-01T16:57:00","guid":{"rendered":"http:\/\/serveiseducatius.xtec.cat\/baixllobregat6\/?p=18676"},"modified":"2020-04-01T21:00:26","modified_gmt":"2020-04-01T19:00:26","slug":"criteris-per-al-desenvolupament-de-laccio-educativa-i-lavaluacio-dels-alumnes-en-els-centres-on-simparteixen-els-ensenyaments-del-segon-cicle-deducacio-infantil-pr","status":"publish","type":"post","link":"https:\/\/serveiseducatius.xtec.cat\/baixllobregat6\/se-baixllobregat6\/criteris-per-al-desenvolupament-de-laccio-educativa-i-lavaluacio-dels-alumnes-en-els-centres-on-simparteixen-els-ensenyaments-del-segon-cicle-deducacio-infantil-pr\/","title":{"rendered":"Criteris per al desenvolupament de l\u2019acci\u00f3 educativa i l\u2019avaluaci\u00f3 dels alumnes en els centres on s\u2019imparteixen els ensenyaments del segon cicle d\u2019educaci\u00f3 infantil, prim\u00e0ria, secund\u00e0ria obligat\u00f2ria, batxillerat i formaci\u00f3 d\u2019adults, davant la prolongaci\u00f3 del per\u00edode de confinament pel Covid19."},"content":{"rendered":"<p><img loading=\"lazy\" decoding=\"async\" class=\"alignnone size-large wp-image-18677\" src=\"https:\/\/serveiseducatius.xtec.cat\/baixllobregat6\/wp-content\/uploads\/usu778\/2020\/04\/Captura-de-Pantalla-2020-04-01-a-les-18.56.01-1024x114.png\" alt=\"\" width=\"1024\" height=\"114\" srcset=\"https:\/\/serveiseducatius.xtec.cat\/baixllobregat6\/wp-content\/uploads\/usu778\/2020\/04\/Captura-de-Pantalla-2020-04-01-a-les-18.56.01-1024x114.png 1024w, https:\/\/serveiseducatius.xtec.cat\/baixllobregat6\/wp-content\/uploads\/usu778\/2020\/04\/Captura-de-Pantalla-2020-04-01-a-les-18.56.01-520x58.png 520w, https:\/\/serveiseducatius.xtec.cat\/baixllobregat6\/wp-content\/uploads\/usu778\/2020\/04\/Captura-de-Pantalla-2020-04-01-a-les-18.56.01-768x86.png 768w\" sizes=\"auto, (max-width: 1024px) 100vw, 1024px\" \/><\/p>\n<p>La Secretaria General del Departament d&#8217;Educaci\u00f3 aporta uns criteris per al desenvolupament de les accions educatives i elements a tenir present en les avaluaci\u00f3. Alhora, en el seu annex fa una refer\u00e8ncia espec\u00edfica adre\u00e7ada als estudiants de segon curs de batxillerat.<\/p>\n<div class=\"pd-15 pd-30 col-sm-8\">\n<div class=\"basic_text pd-15\">\n<div class=\"entradeta\">\n<ul>\n<li><strong>S\u2019estableix que els centres i el professorat avalu\u00efn tenint en compte la situaci\u00f3 personalitzada de cada alumne, molt diversa segons les circumst\u00e0ncies<\/strong><strong style=\"font-family: inherit; font-size: 1em;\">\u00a0<\/strong><\/li>\n<\/ul>\n<ul>\n<li><strong>Ateses les diferents situacions, les tasques realitzades durant el confinament han de suposar un valor afegit en l\u2019avaluaci\u00f3 de l\u2019alumne, i no una penalitzaci\u00f3<\/strong><\/li>\n<\/ul>\n<ul>\n<li><strong>Han de ser activitats inclusives que s\u2019ajustin al ritme, les caracter\u00edstiques i la situaci\u00f3 personal de cada alumne<\/strong><\/li>\n<\/ul>\n<\/div>\n<\/div>\n<\/div>\n<p><!--more--><iframe loading=\"lazy\" src=\"https:\/\/drive.google.com\/file\/d\/1tTZHFVTCQJ6CYkxCYH7G6B4Tw16Bk56j\/preview\" width=\"800\" height=\"1100\"><span data-mce-type=\"bookmark\" style=\"display: inline-block; width: 0px; overflow: hidden; line-height: 0;\" class=\"mce_SELRES_start\">\ufeff<\/span><\/iframe><\/p>\n","protected":false},"excerpt":{"rendered":"<p>La Secretaria General del Departament d&#8217;Educaci\u00f3 aporta uns criteris per al desenvolupament de les accions educatives i elements a tenir present en les avaluaci\u00f3. Alhora, en el seu annex fa una refer\u00e8ncia espec\u00edfica adre\u00e7ada als estudiants de segon curs de batxillerat. S\u2019estableix que els centres i el professorat avalu\u00efn tenint en compte la situaci\u00f3 personalitzada [&hellip;]<\/p>\n","protected":false},"author":1,"featured_media":18677,"comment_status":"open","ping_status":"closed","sticky":false,"template":"","format":"standard","meta":{"_bbp_topic_count":0,"_bbp_reply_count":0,"_bbp_total_topic_count":0,"_bbp_total_reply_count":0,"_bbp_voice_count":0,"_bbp_anonymous_reply_count":0,"_bbp_topic_count_hidden":0,"_bbp_reply_count_hidden":0,"_bbp_forum_subforum_count":0,"site-sidebar-layout":"default","site-content-layout":"","ast-site-content-layout":"","site-content-style":"default","site-sidebar-style":"default","ast-global-header-display":"","ast-banner-title-visibility":"","ast-main-header-display":"","ast-hfb-above-header-display":"","ast-hfb-below-header-display":"","ast-hfb-mobile-header-display":"","site-post-title":"","ast-breadcrumbs-content":"","ast-featured-img":"","footer-sml-layout":"","theme-transparent-header-meta":"","adv-header-id-meta":"","stick-header-meta":"","header-above-stick-meta":"","header-main-stick-meta":"","header-below-stick-meta":"","astra-migrate-meta-layouts":"default","ast-page-background-enabled":"default","ast-page-background-meta":{"desktop":{"background-color":"var(--ast-global-color-4)","background-image":"","background-repeat":"repeat","background-position":"center center","background-size":"auto","background-attachment":"scroll","background-type":"","background-media":"","overlay-type":"","overlay-color":"","overlay-opacity":"","overlay-gradient":""},"tablet":{"background-color":"","background-image":"","background-repeat":"repeat","background-position":"center center","background-size":"auto","background-attachment":"scroll","background-type":"","background-media":"","overlay-type":"","overlay-color":"","overlay-opacity":"","overlay-gradient":""},"mobile":{"background-color":"","background-image":"","background-repeat":"repeat","background-position":"center center","background-size":"auto","background-attachment":"scroll","background-type":"","background-media":"","overlay-type":"","overlay-color":"","overlay-opacity":"","overlay-gradient":""}},"ast-content-background-meta":{"desktop":{"background-color":"var(--ast-global-color-5)","background-image":"","background-repeat":"repeat","background-position":"center center","background-size":"auto","background-attachment":"scroll","background-type":"","background-media":"","overlay-type":"","overlay-color":"","overlay-opacity":"","overlay-gradient":""},"tablet":{"background-color":"var(--ast-global-color-5)","background-image":"","background-repeat":"repeat","background-position":"center center","background-size":"auto","background-attachment":"scroll","background-type":"","background-media":"","overlay-type":"","overlay-color":"","overlay-opacity":"","overlay-gradient":""},"mobile":{"background-color":"var(--ast-global-color-5)","background-image":"","background-repeat":"repeat","background-position":"center center","background-size":"auto","background-attachment":"scroll","background-type":"","background-media":"","overlay-type":"","overlay-color":"","overlay-opacity":"","overlay-gradient":""}},"footnotes":""},"categories":[1036,29],"tags":[205,220,262,268,2278,389,440,2301,854,2215],"class_list":["post-18676","post","type-post","status-publish","format-standard","has-post-thumbnail","hentry","category-activitat-dels-centres","category-se-baixllobregat6","tag-activitats-daprenentatge","tag-alumnat","tag-avaluacio","tag-batxillerat","tag-confinament","tag-departament-deducacio","tag-educacio-infantil-i-primaria","tag-educacio-secundaria-obligatoria","tag-professorat","tag-reporteducacio"],"post_mailing_queue_ids":[],"_links":{"self":[{"href":"https:\/\/serveiseducatius.xtec.cat\/baixllobregat6\/wp-json\/wp\/v2\/posts\/18676","targetHints":{"allow":["GET"]}}],"collection":[{"href":"https:\/\/serveiseducatius.xtec.cat\/baixllobregat6\/wp-json\/wp\/v2\/posts"}],"about":[{"href":"https:\/\/serveiseducatius.xtec.cat\/baixllobregat6\/wp-json\/wp\/v2\/types\/post"}],"author":[{"embeddable":true,"href":"https:\/\/serveiseducatius.xtec.cat\/baixllobregat6\/wp-json\/wp\/v2\/users\/1"}],"replies":[{"embeddable":true,"href":"https:\/\/serveiseducatius.xtec.cat\/baixllobregat6\/wp-json\/wp\/v2\/comments?post=18676"}],"version-history":[{"count":2,"href":"https:\/\/serveiseducatius.xtec.cat\/baixllobregat6\/wp-json\/wp\/v2\/posts\/18676\/revisions"}],"predecessor-version":[{"id":18687,"href":"https:\/\/serveiseducatius.xtec.cat\/baixllobregat6\/wp-json\/wp\/v2\/posts\/18676\/revisions\/18687"}],"wp:featuredmedia":[{"embeddable":true,"href":"https:\/\/serveiseducatius.xtec.cat\/baixllobregat6\/wp-json\/wp\/v2\/media\/18677"}],"wp:attachment":[{"href":"https:\/\/serveiseducatius.xtec.cat\/baixllobregat6\/wp-json\/wp\/v2\/media?parent=18676"}],"wp:term":[{"taxonomy":"category","embeddable":true,"href":"https:\/\/serveiseducatius.xtec.cat\/baixllobregat6\/wp-json\/wp\/v2\/categories?post=18676"},{"taxonomy":"post_tag","embeddable":true,"href":"https:\/\/serveiseducatius.xtec.cat\/baixllobregat6\/wp-json\/wp\/v2\/tags?post=18676"}],"curies":[{"name":"wp","href":"https:\/\/api.w.org\/{rel}","templated":true}]}}