{"id":18647,"date":"2020-03-31T19:38:38","date_gmt":"2020-03-31T17:38:38","guid":{"rendered":"http:\/\/serveiseducatius.xtec.cat\/baixllobregat6\/?p=18647"},"modified":"2020-04-01T00:50:29","modified_gmt":"2020-03-31T22:50:29","slug":"una-iniciativa-dimatgedesilenci-auspiciada-pel-consell-escolar-de-catalunya-proposa-enviar-cartes-dels-alumnes-als-pacients-ingresats-per-covid19","status":"publish","type":"post","link":"https:\/\/serveiseducatius.xtec.cat\/baixllobregat6\/se-baixllobregat6\/una-iniciativa-dimatgedesilenci-auspiciada-pel-consell-escolar-de-catalunya-proposa-enviar-cartes-dels-alumnes-als-pacients-ingresats-per-covid19\/","title":{"rendered":"CARTES amb COR. Educaci\u00f3 i Sanitat bateguem juntes"},"content":{"rendered":"<p><img loading=\"lazy\" decoding=\"async\" class=\"alignnone size-full wp-image-18648\" src=\"https:\/\/serveiseducatius.xtec.cat\/baixllobregat6\/wp-content\/uploads\/usu778\/2020\/04\/CartsEUbWNI0WAAAws9D.jpeg\" alt=\"\" width=\"968\" height=\"546\" srcset=\"https:\/\/serveiseducatius.xtec.cat\/baixllobregat6\/wp-content\/uploads\/usu778\/2020\/04\/CartsEUbWNI0WAAAws9D.jpeg 968w, https:\/\/serveiseducatius.xtec.cat\/baixllobregat6\/wp-content\/uploads\/usu778\/2020\/04\/CartsEUbWNI0WAAAws9D-520x293.jpeg 520w, https:\/\/serveiseducatius.xtec.cat\/baixllobregat6\/wp-content\/uploads\/usu778\/2020\/04\/CartsEUbWNI0WAAAws9D-768x433.jpeg 768w\" sizes=\"auto, (max-width: 968px) 100vw, 968px\" \/><\/p>\n<p>Aquesta \u00e9s una iniciativa que neix en unes circumst\u00e0ncies molt especials i en uns moments molt dif\u00edcils per a tothom. Volem que les nenes i nens de totes les Escoles i que les noies i els nois dels instituts de Catalunya, des d\u2019Infantil fins a Cicles formatius, passant per la Prim\u00e0ria, l\u2019ESO i el Batxillerat envieu dibuixos, poemes, v\u00eddeos, cartes als Hospitals de Catalunya per a les persones que ara hi ha ingresades en els nostres hospitals i per a tot el nostre incre\u00efble personal sanitari. <!--more--><\/p>\n<p>Ajudem i compartim amb les persones ingressades perqu\u00e8 se\u2019n surtin al m\u00e9s aviat possible, per recolzar-los des del nostre confinament.<\/p>\n<p>Ajudem i compartim amb tot el personal sanitari (personal neteja, infermeres, auxiliars d\u2019infermeria, t\u00e8cnics de laboratori, t\u00e8cnics d\u2019imatge, zeladors, metges, administratives i voluntaris ) que amb els seus esfor\u00e7os estan tirant endavant una situaci\u00f3 fins ara mai viscuda.Ens agradaria que les direccions dels centres educatius, els i les docents (mestres, professorat) i tothom que formi part de la comunitat educativa, escrigui una carta i demani al seu alumnat que hi faci una petita \/ gran aportaci\u00f3 en situacions emocionalment dif\u00edcils. Els hospitals demanen: dibuixos, cartes, poemes, v\u00eddeos,\u2026 per donar i fer m\u00e9s suportable aquesta situaci\u00f3 de tensi\u00f3 i angoixa que estan vivint.<\/p>\n<p>Els dibuixos, els escrits, les imatges\u2026 ens ajuden a expressar emocions i poden ajudar d\u2019altres persones a expressar-les i a fer que tot aquest malson pugui ser portat d\u2019una manera m\u00e9s c\u00e0lida i acompanyada<\/p>\n<p>Per fer aix\u00f2, necessitem una vegada m\u00e9s, com en tantes d\u2019altres ocasions han demostrat, l\u2019ajuda i solidaritat de tots i cadascun dels centres educatius d\u2019aquest pa\u00eds.<\/p>\n<p>Hospitals de Catalunya. Els e-mails s\u00f3n els seg\u00fcents<\/p>\n<p>Hospital Cl\u00ednic noesteusols@clinic.cat<br \/>\nHospital del Mar cartesquecuren@hospitaldelmar.cat<br \/>\nHospital Pere i Mata (Reus): cartesperemata@gmail.com<br \/>\nHospital Sagrat Cor esperanzahusc@gmail.com<br \/>\nHospital Sant Pau missatgesquecuren@santpau.cat<br \/>\nSanitari Alt Pened\u00e9s-Garraf: cartesperacompanyar@csapg.cat<br \/>\nHospitals i CAPs de l\u2019ICS : gracies.ics@gencat.cat<br \/>\nVall d\u2019Hebron, Bellvitge i Germans Trias, Arnau de Vilanova de Lleida, Joan XXIII de Tarragona, Josep Trueta de Girona i Verge de la Cinta de Tortosa hospital comarcal (Viladecans i alguns CAPS)<br \/>\nPer a qualsevol aspecte que vulgueu consultar us podeu posar en contacte amb<\/p>\n<p>S\u00edlvia Gelabert e-mail: silencimatge@gmail.com S\u00edlvia Gelabert Professora d\u2019un CFGS, i t\u00e8cnic en diagn\u00f2stic per la imatge.<\/p>\n<p>Adre\u00e7a Twiter @imatgedesilenci<\/p>\n<p>|<a href=\"https:\/\/projectes.xtec.cat\/consescat\/portada\/cartes-amb-cor-educacio-i-sanitat-bateguem-juntes\/\" target=\"_blank\" rel=\"noopener noreferrer\"><strong>Font: Consell Escolar de Catalunya<\/strong><\/a>|<\/p>\n","protected":false},"excerpt":{"rendered":"<p>Aquesta \u00e9s una iniciativa que neix en unes circumst\u00e0ncies molt especials i en uns moments molt dif\u00edcils per a tothom. Volem que les nenes i nens de totes les Escoles i que les noies i els nois dels instituts de Catalunya, des d\u2019Infantil fins a Cicles formatius, passant per la Prim\u00e0ria, l\u2019ESO i el Batxillerat [&hellip;]<\/p>\n","protected":false},"author":1,"featured_media":18648,"comment_status":"open","ping_status":"closed","sticky":false,"template":"","format":"standard","meta":{"_bbp_topic_count":0,"_bbp_reply_count":0,"_bbp_total_topic_count":0,"_bbp_total_reply_count":0,"_bbp_voice_count":0,"_bbp_anonymous_reply_count":0,"_bbp_topic_count_hidden":0,"_bbp_reply_count_hidden":0,"_bbp_forum_subforum_count":0,"site-sidebar-layout":"default","site-content-layout":"","ast-site-content-layout":"","site-content-style":"default","site-sidebar-style":"default","ast-global-header-display":"","ast-banner-title-visibility":"","ast-main-header-display":"","ast-hfb-above-header-display":"","ast-hfb-below-header-display":"","ast-hfb-mobile-header-display":"","site-post-title":"","ast-breadcrumbs-content":"","ast-featured-img":"","footer-sml-layout":"","theme-transparent-header-meta":"","adv-header-id-meta":"","stick-header-meta":"","header-above-stick-meta":"","header-main-stick-meta":"","header-below-stick-meta":"","astra-migrate-meta-layouts":"default","ast-page-background-enabled":"default","ast-page-background-meta":{"desktop":{"background-color":"var(--ast-global-color-4)","background-image":"","background-repeat":"repeat","background-position":"center center","background-size":"auto","background-attachment":"scroll","background-type":"","background-media":"","overlay-type":"","overlay-color":"","overlay-opacity":"","overlay-gradient":""},"tablet":{"background-color":"","background-image":"","background-repeat":"repeat","background-position":"center center","background-size":"auto","background-attachment":"scroll","background-type":"","background-media":"","overlay-type":"","overlay-color":"","overlay-opacity":"","overlay-gradient":""},"mobile":{"background-color":"","background-image":"","background-repeat":"repeat","background-position":"center center","background-size":"auto","background-attachment":"scroll","background-type":"","background-media":"","overlay-type":"","overlay-color":"","overlay-opacity":"","overlay-gradient":""}},"ast-content-background-meta":{"desktop":{"background-color":"var(--ast-global-color-5)","background-image":"","background-repeat":"repeat","background-position":"center center","background-size":"auto","background-attachment":"scroll","background-type":"","background-media":"","overlay-type":"","overlay-color":"","overlay-opacity":"","overlay-gradient":""},"tablet":{"background-color":"var(--ast-global-color-5)","background-image":"","background-repeat":"repeat","background-position":"center center","background-size":"auto","background-attachment":"scroll","background-type":"","background-media":"","overlay-type":"","overlay-color":"","overlay-opacity":"","overlay-gradient":""},"mobile":{"background-color":"var(--ast-global-color-5)","background-image":"","background-repeat":"repeat","background-position":"center center","background-size":"auto","background-attachment":"scroll","background-type":"","background-media":"","overlay-type":"","overlay-color":"","overlay-opacity":"","overlay-gradient":""}},"footnotes":""},"categories":[1036,29],"tags":[205,1837,220,268,2291,313,2278,2299,440,447,2215,2287],"class_list":["post-18647","post","type-post","status-publish","format-standard","has-post-thumbnail","hentry","category-activitat-dels-centres","category-se-baixllobregat6","tag-activitats-daprenentatge","tag-activitats-literaries","tag-alumnat","tag-batxillerat","tag-centres-educatius-en-linia","tag-cicles-formatius","tag-confinament","tag-consell-escolar-de-catalunha","tag-educacio-infantil-i-primaria","tag-educacio-secundaria","tag-reporteducacio","tag-serveiseducatiusenlinia"],"post_mailing_queue_ids":[],"_links":{"self":[{"href":"https:\/\/serveiseducatius.xtec.cat\/baixllobregat6\/wp-json\/wp\/v2\/posts\/18647","targetHints":{"allow":["GET"]}}],"collection":[{"href":"https:\/\/serveiseducatius.xtec.cat\/baixllobregat6\/wp-json\/wp\/v2\/posts"}],"about":[{"href":"https:\/\/serveiseducatius.xtec.cat\/baixllobregat6\/wp-json\/wp\/v2\/types\/post"}],"author":[{"embeddable":true,"href":"https:\/\/serveiseducatius.xtec.cat\/baixllobregat6\/wp-json\/wp\/v2\/users\/1"}],"replies":[{"embeddable":true,"href":"https:\/\/serveiseducatius.xtec.cat\/baixllobregat6\/wp-json\/wp\/v2\/comments?post=18647"}],"version-history":[{"count":3,"href":"https:\/\/serveiseducatius.xtec.cat\/baixllobregat6\/wp-json\/wp\/v2\/posts\/18647\/revisions"}],"predecessor-version":[{"id":18651,"href":"https:\/\/serveiseducatius.xtec.cat\/baixllobregat6\/wp-json\/wp\/v2\/posts\/18647\/revisions\/18651"}],"wp:featuredmedia":[{"embeddable":true,"href":"https:\/\/serveiseducatius.xtec.cat\/baixllobregat6\/wp-json\/wp\/v2\/media\/18648"}],"wp:attachment":[{"href":"https:\/\/serveiseducatius.xtec.cat\/baixllobregat6\/wp-json\/wp\/v2\/media?parent=18647"}],"wp:term":[{"taxonomy":"category","embeddable":true,"href":"https:\/\/serveiseducatius.xtec.cat\/baixllobregat6\/wp-json\/wp\/v2\/categories?post=18647"},{"taxonomy":"post_tag","embeddable":true,"href":"https:\/\/serveiseducatius.xtec.cat\/baixllobregat6\/wp-json\/wp\/v2\/tags?post=18647"}],"curies":[{"name":"wp","href":"https:\/\/api.w.org\/{rel}","templated":true}]}}