{"id":18607,"date":"2020-03-30T10:18:06","date_gmt":"2020-03-30T08:18:06","guid":{"rendered":"http:\/\/serveiseducatius.xtec.cat\/baixllobregat6\/?p=18607"},"modified":"2020-03-30T10:18:06","modified_gmt":"2020-03-30T08:18:06","slug":"lescola-nova-de-cervello-suggereix-als-seus-alumnes-una-seleccio-de-les-activitats-del-programa-treva-per-fer-a-casa","status":"publish","type":"post","link":"https:\/\/serveiseducatius.xtec.cat\/baixllobregat6\/se-baixllobregat6\/lescola-nova-de-cervello-suggereix-als-seus-alumnes-una-seleccio-de-les-activitats-del-programa-treva-per-fer-a-casa\/","title":{"rendered":"L&#8217;Escola Nova de Cervell\u00f3 suggereix als seus alumnes una selecci\u00f3 de les activitats del Programa Treva per fer a casa"},"content":{"rendered":"<p><img loading=\"lazy\" decoding=\"async\" class=\"alignleft wp-image-12171 \" src=\"https:\/\/serveiseducatius.xtec.cat\/baixllobregat6\/wp-content\/uploads\/usu778\/2018\/01\/treva.jpg\" alt=\"\" width=\"435\" height=\"129\" srcset=\"https:\/\/serveiseducatius.xtec.cat\/baixllobregat6\/wp-content\/uploads\/usu778\/2018\/01\/treva.jpg 516w, https:\/\/serveiseducatius.xtec.cat\/baixllobregat6\/wp-content\/uploads\/usu778\/2018\/01\/treva-300x89.jpg 300w\" sizes=\"auto, (max-width: 435px) 100vw, 435px\" \/>El <strong>Programa Treva<\/strong> \u00e9s un programa de formaci\u00f3 adre\u00e7at als centres educatius que desenvolupa recursos psicocorporals b\u00e0sics per afavorir l\u2019aprenentatge, millorar el rendiment escolar, educar per a la salut i desenvolupar la intel\u00b7lig\u00e8ncia emocional<\/p>\n<p>\u00c9s el resultat d&#8217;un llarg proc\u00e9s de recerca i experimentaci\u00f3 que dona resposta a les necessitats actuals de les escoles per millorar el clima d&#8217;ala, la salut, l&#8217;atenci\u00f3 i el rendiment escolar. Aquest programa ha format a m\u00e9s de 400 docents d&#8217;un centenar de centres, entre els quals hi trobem l&#8217;<strong>Escola Nova de Cervell\u00f3\u00a0<\/strong>que proposa als seus alumnes, ara en per\u00edode de confinament, una extensi\u00f3 a cadascuna de les seves llars de les activitats fetes a l&#8217;aula.<\/p>\n<p>|<strong><a href=\"https:\/\/escolanova.cat\/fem-una-mica-de-treva\/\" target=\"_blank\" rel=\"noopener noreferrer\">Acc\u00e9s a les activitats<\/a>|<\/strong><\/p>\n","protected":false},"excerpt":{"rendered":"<p>El Programa Treva \u00e9s un programa de formaci\u00f3 adre\u00e7at als centres educatius que desenvolupa recursos psicocorporals b\u00e0sics per afavorir l\u2019aprenentatge, millorar el rendiment escolar, educar per a la salut i desenvolupar la intel\u00b7lig\u00e8ncia emocional \u00c9s el resultat d&#8217;un llarg proc\u00e9s de recerca i experimentaci\u00f3 que dona resposta a les necessitats actuals de les escoles per [&hellip;]<\/p>\n","protected":false},"author":1,"featured_media":12171,"comment_status":"open","ping_status":"closed","sticky":false,"template":"","format":"standard","meta":{"_bbp_topic_count":0,"_bbp_reply_count":0,"_bbp_total_topic_count":0,"_bbp_total_reply_count":0,"_bbp_voice_count":0,"_bbp_anonymous_reply_count":0,"_bbp_topic_count_hidden":0,"_bbp_reply_count_hidden":0,"_bbp_forum_subforum_count":0,"site-sidebar-layout":"default","site-content-layout":"","ast-site-content-layout":"","site-content-style":"default","site-sidebar-style":"default","ast-global-header-display":"","ast-banner-title-visibility":"","ast-main-header-display":"","ast-hfb-above-header-display":"","ast-hfb-below-header-display":"","ast-hfb-mobile-header-display":"","site-post-title":"","ast-breadcrumbs-content":"","ast-featured-img":"","footer-sml-layout":"","theme-transparent-header-meta":"","adv-header-id-meta":"","stick-header-meta":"","header-above-stick-meta":"","header-main-stick-meta":"","header-below-stick-meta":"","astra-migrate-meta-layouts":"default","ast-page-background-enabled":"default","ast-page-background-meta":{"desktop":{"background-color":"var(--ast-global-color-4)","background-image":"","background-repeat":"repeat","background-position":"center center","background-size":"auto","background-attachment":"scroll","background-type":"","background-media":"","overlay-type":"","overlay-color":"","overlay-opacity":"","overlay-gradient":""},"tablet":{"background-color":"","background-image":"","background-repeat":"repeat","background-position":"center center","background-size":"auto","background-attachment":"scroll","background-type":"","background-media":"","overlay-type":"","overlay-color":"","overlay-opacity":"","overlay-gradient":""},"mobile":{"background-color":"","background-image":"","background-repeat":"repeat","background-position":"center center","background-size":"auto","background-attachment":"scroll","background-type":"","background-media":"","overlay-type":"","overlay-color":"","overlay-opacity":"","overlay-gradient":""}},"ast-content-background-meta":{"desktop":{"background-color":"var(--ast-global-color-5)","background-image":"","background-repeat":"repeat","background-position":"center center","background-size":"auto","background-attachment":"scroll","background-type":"","background-media":"","overlay-type":"","overlay-color":"","overlay-opacity":"","overlay-gradient":""},"tablet":{"background-color":"var(--ast-global-color-5)","background-image":"","background-repeat":"repeat","background-position":"center center","background-size":"auto","background-attachment":"scroll","background-type":"","background-media":"","overlay-type":"","overlay-color":"","overlay-opacity":"","overlay-gradient":""},"mobile":{"background-color":"var(--ast-global-color-5)","background-image":"","background-repeat":"repeat","background-position":"center center","background-size":"auto","background-attachment":"scroll","background-type":"","background-media":"","overlay-type":"","overlay-color":"","overlay-opacity":"","overlay-gradient":""}},"footnotes":""},"categories":[1036,29],"tags":[220,2297,308,2278,435,440,503,854,1844,2215,2287],"class_list":["post-18607","post","type-post","status-publish","format-standard","has-post-thumbnail","hentry","category-activitat-dels-centres","category-se-baixllobregat6","tag-alumnat","tag-centre-educatius-en-linia","tag-cervello","tag-confinament","tag-educacio-emocional","tag-educacio-infantil-i-primaria","tag-escola-nova","tag-professorat","tag-programa-treva","tag-reporteducacio","tag-serveiseducatiusenlinia"],"post_mailing_queue_ids":[],"_links":{"self":[{"href":"https:\/\/serveiseducatius.xtec.cat\/baixllobregat6\/wp-json\/wp\/v2\/posts\/18607","targetHints":{"allow":["GET"]}}],"collection":[{"href":"https:\/\/serveiseducatius.xtec.cat\/baixllobregat6\/wp-json\/wp\/v2\/posts"}],"about":[{"href":"https:\/\/serveiseducatius.xtec.cat\/baixllobregat6\/wp-json\/wp\/v2\/types\/post"}],"author":[{"embeddable":true,"href":"https:\/\/serveiseducatius.xtec.cat\/baixllobregat6\/wp-json\/wp\/v2\/users\/1"}],"replies":[{"embeddable":true,"href":"https:\/\/serveiseducatius.xtec.cat\/baixllobregat6\/wp-json\/wp\/v2\/comments?post=18607"}],"version-history":[{"count":1,"href":"https:\/\/serveiseducatius.xtec.cat\/baixllobregat6\/wp-json\/wp\/v2\/posts\/18607\/revisions"}],"predecessor-version":[{"id":18608,"href":"https:\/\/serveiseducatius.xtec.cat\/baixllobregat6\/wp-json\/wp\/v2\/posts\/18607\/revisions\/18608"}],"wp:featuredmedia":[{"embeddable":true,"href":"https:\/\/serveiseducatius.xtec.cat\/baixllobregat6\/wp-json\/wp\/v2\/media\/12171"}],"wp:attachment":[{"href":"https:\/\/serveiseducatius.xtec.cat\/baixllobregat6\/wp-json\/wp\/v2\/media?parent=18607"}],"wp:term":[{"taxonomy":"category","embeddable":true,"href":"https:\/\/serveiseducatius.xtec.cat\/baixllobregat6\/wp-json\/wp\/v2\/categories?post=18607"},{"taxonomy":"post_tag","embeddable":true,"href":"https:\/\/serveiseducatius.xtec.cat\/baixllobregat6\/wp-json\/wp\/v2\/tags?post=18607"}],"curies":[{"name":"wp","href":"https:\/\/api.w.org\/{rel}","templated":true}]}}