{"id":18603,"date":"2020-04-03T08:19:38","date_gmt":"2020-04-03T06:19:38","guid":{"rendered":"http:\/\/serveiseducatius.xtec.cat\/baixllobregat6\/?p=18603"},"modified":"2020-04-07T10:19:40","modified_gmt":"2020-04-07T08:19:40","slug":"el-missatge-dels-docents-de-lescola-la-vinyala-de-sant-vicenc-dels-horts-a-les-families","status":"publish","type":"post","link":"https:\/\/serveiseducatius.xtec.cat\/baixllobregat6\/comunitat\/activitat-dels-centres\/el-missatge-dels-docents-de-lescola-la-vinyala-de-sant-vicenc-dels-horts-a-les-families\/","title":{"rendered":"Els missatges dels docents de l&#8217;escola La Vinyala de Sant Vicen\u00e7 dels Horts a les fam\u00edlies"},"content":{"rendered":"<p><em>Tot anir\u00e0 b\u00e9<\/em>, aquest \u00e9s el missatge positiu que els docents de l&#8217;<a href=\"https:\/\/agora.xtec.cat\/ceiplavinyala\/\" target=\"_blank\" rel=\"noopener noreferrer\">escola La Vinyala<\/a> envien al seu alumnat i les seves fam\u00edlies en dos v\u00eddeos<\/p>\n<p>3 d&#8217;abril de 2020. Serveix per tancar el trimestre.<\/p>\n<div class=\"ast-oembed-container \" style=\"height: 100%;\"><iframe loading=\"lazy\" title=\"SEGUIM A CASA LA VINYALA\" width=\"500\" height=\"281\" src=\"https:\/\/www.youtube.com\/embed\/nUq_y-NKG3Y?feature=oembed\" frameborder=\"0\" allow=\"accelerometer; autoplay; clipboard-write; encrypted-media; gyroscope; picture-in-picture; web-share\" referrerpolicy=\"strict-origin-when-cross-origin\" allowfullscreen><\/iframe><\/div>\n<p><!--more--><\/p>\n<p>26 de mar\u00e7 de 2020.<\/p>\n<div class=\"ast-oembed-container \" style=\"height: 100%;\"><iframe loading=\"lazy\" title=\"Lavinyalatotanirabe\" width=\"500\" height=\"281\" src=\"https:\/\/www.youtube.com\/embed\/sJe45WRE_Y8?feature=oembed\" frameborder=\"0\" allow=\"accelerometer; autoplay; clipboard-write; encrypted-media; gyroscope; picture-in-picture; web-share\" referrerpolicy=\"strict-origin-when-cross-origin\" allowfullscreen><\/iframe><\/div>\n<p>Alhora, amb aquest v\u00eddeo, inauguren un canal de comunicaci\u00f3 amb les fam\u00edlies. Hi penjaran clips de v\u00eddeo, que peri\u00f2dicament actualitzaran, amb els quals mantindran el contacte amb l&#8217;alumnat per a fer un seguiment de les tasques que els aniran enviant.<\/p>\n","protected":false},"excerpt":{"rendered":"<p>Tot anir\u00e0 b\u00e9, aquest \u00e9s el missatge positiu que els docents de l&#8217;escola La Vinyala envien al seu alumnat i les seves fam\u00edlies en dos v\u00eddeos 3 d&#8217;abril de 2020. Serveix per tancar el trimestre.<\/p>\n","protected":false},"author":1,"featured_media":18604,"comment_status":"open","ping_status":"closed","sticky":false,"template":"","format":"standard","meta":{"_bbp_topic_count":0,"_bbp_reply_count":0,"_bbp_total_topic_count":0,"_bbp_total_reply_count":0,"_bbp_voice_count":0,"_bbp_anonymous_reply_count":0,"_bbp_topic_count_hidden":0,"_bbp_reply_count_hidden":0,"_bbp_forum_subforum_count":0,"site-sidebar-layout":"default","site-content-layout":"","ast-site-content-layout":"","site-content-style":"default","site-sidebar-style":"default","ast-global-header-display":"","ast-banner-title-visibility":"","ast-main-header-display":"","ast-hfb-above-header-display":"","ast-hfb-below-header-display":"","ast-hfb-mobile-header-display":"","site-post-title":"","ast-breadcrumbs-content":"","ast-featured-img":"","footer-sml-layout":"","theme-transparent-header-meta":"","adv-header-id-meta":"","stick-header-meta":"","header-above-stick-meta":"","header-main-stick-meta":"","header-below-stick-meta":"","astra-migrate-meta-layouts":"default","ast-page-background-enabled":"default","ast-page-background-meta":{"desktop":{"background-color":"var(--ast-global-color-4)","background-image":"","background-repeat":"repeat","background-position":"center center","background-size":"auto","background-attachment":"scroll","background-type":"","background-media":"","overlay-type":"","overlay-color":"","overlay-opacity":"","overlay-gradient":""},"tablet":{"background-color":"","background-image":"","background-repeat":"repeat","background-position":"center center","background-size":"auto","background-attachment":"scroll","background-type":"","background-media":"","overlay-type":"","overlay-color":"","overlay-opacity":"","overlay-gradient":""},"mobile":{"background-color":"","background-image":"","background-repeat":"repeat","background-position":"center center","background-size":"auto","background-attachment":"scroll","background-type":"","background-media":"","overlay-type":"","overlay-color":"","overlay-opacity":"","overlay-gradient":""}},"ast-content-background-meta":{"desktop":{"background-color":"var(--ast-global-color-5)","background-image":"","background-repeat":"repeat","background-position":"center center","background-size":"auto","background-attachment":"scroll","background-type":"","background-media":"","overlay-type":"","overlay-color":"","overlay-opacity":"","overlay-gradient":""},"tablet":{"background-color":"var(--ast-global-color-5)","background-image":"","background-repeat":"repeat","background-position":"center center","background-size":"auto","background-attachment":"scroll","background-type":"","background-media":"","overlay-type":"","overlay-color":"","overlay-opacity":"","overlay-gradient":""},"mobile":{"background-color":"var(--ast-global-color-5)","background-image":"","background-repeat":"repeat","background-position":"center center","background-size":"auto","background-attachment":"scroll","background-type":"","background-media":"","overlay-type":"","overlay-color":"","overlay-opacity":"","overlay-gradient":""}},"footnotes":""},"categories":[1036],"tags":[2291,2278,440,478,2215,907,2287],"class_list":["post-18603","post","type-post","status-publish","format-standard","has-post-thumbnail","hentry","category-activitat-dels-centres","tag-centres-educatius-en-linia","tag-confinament","tag-educacio-infantil-i-primaria","tag-esc-la-vinyala","tag-reporteducacio","tag-sant-vicenc-dels-horts","tag-serveiseducatiusenlinia"],"post_mailing_queue_ids":[],"_links":{"self":[{"href":"https:\/\/serveiseducatius.xtec.cat\/baixllobregat6\/wp-json\/wp\/v2\/posts\/18603","targetHints":{"allow":["GET"]}}],"collection":[{"href":"https:\/\/serveiseducatius.xtec.cat\/baixllobregat6\/wp-json\/wp\/v2\/posts"}],"about":[{"href":"https:\/\/serveiseducatius.xtec.cat\/baixllobregat6\/wp-json\/wp\/v2\/types\/post"}],"author":[{"embeddable":true,"href":"https:\/\/serveiseducatius.xtec.cat\/baixllobregat6\/wp-json\/wp\/v2\/users\/1"}],"replies":[{"embeddable":true,"href":"https:\/\/serveiseducatius.xtec.cat\/baixllobregat6\/wp-json\/wp\/v2\/comments?post=18603"}],"version-history":[{"count":3,"href":"https:\/\/serveiseducatius.xtec.cat\/baixllobregat6\/wp-json\/wp\/v2\/posts\/18603\/revisions"}],"predecessor-version":[{"id":18740,"href":"https:\/\/serveiseducatius.xtec.cat\/baixllobregat6\/wp-json\/wp\/v2\/posts\/18603\/revisions\/18740"}],"wp:featuredmedia":[{"embeddable":true,"href":"https:\/\/serveiseducatius.xtec.cat\/baixllobregat6\/wp-json\/wp\/v2\/media\/18604"}],"wp:attachment":[{"href":"https:\/\/serveiseducatius.xtec.cat\/baixllobregat6\/wp-json\/wp\/v2\/media?parent=18603"}],"wp:term":[{"taxonomy":"category","embeddable":true,"href":"https:\/\/serveiseducatius.xtec.cat\/baixllobregat6\/wp-json\/wp\/v2\/categories?post=18603"},{"taxonomy":"post_tag","embeddable":true,"href":"https:\/\/serveiseducatius.xtec.cat\/baixllobregat6\/wp-json\/wp\/v2\/tags?post=18603"}],"curies":[{"name":"wp","href":"https:\/\/api.w.org\/{rel}","templated":true}]}}