{"id":18568,"date":"2020-03-27T13:17:44","date_gmt":"2020-03-27T12:17:44","guid":{"rendered":"http:\/\/serveiseducatius.xtec.cat\/baixllobregat6\/?p=18568"},"modified":"2020-04-03T20:53:37","modified_gmt":"2020-04-03T18:53:37","slug":"lequip-educatiu-del-centre-amics-ens-ofereix-un-video-sobre-la-seva-resistencia-al-brot","status":"publish","type":"post","link":"https:\/\/serveiseducatius.xtec.cat\/baixllobregat6\/se-baixllobregat6\/lequip-educatiu-del-centre-amics-ens-ofereix-un-video-sobre-la-seva-resistencia-al-brot\/","title":{"rendered":"L&#8217;equip educatiu del Centre Amics, ens ofereix un v\u00eddeo sobre la seva resist\u00e8ncia al brot"},"content":{"rendered":"<p>El\u00a0<a href=\"https:\/\/www.fundacionmariaauxiliadora.org\/santvicenc\/svh-centro-amigos\/\" target=\"_blank\" rel=\"noopener noreferrer\">Centre Amics<\/a> (<em><strong>Centro Amigos<\/strong><\/em>) \u00e9s un centre diari i obert, on la tasca educativa es fa fora de l&#8217;horari escolar i que estimula i potencia l&#8217;estructuraci\u00f3 i el desenvolupament de la personalitat i la socialitzaci\u00f3, l&#8217;adquisici\u00f3 de coneixments b\u00e0sics i la dimensi\u00f3 educativa del temps de lleure.<\/p>\n<p>El Centre Amigos \u00e9s una iniciativa de la <a href=\"https:\/\/www.fundacionmariaauxiliadora.org\/santvicenc\/svh-quienes-somos\/svh-la-fundacion-en-sant-vicenc\/\" target=\"_blank\" rel=\"noopener noreferrer\"><em><strong>Fundaci\u00f3 Maria Auxiliadora<\/strong><\/em><\/a> present a Sant Vicen\u00e7 dels Horts des de comen\u00e7aments dels anys 70 del segle XX, i que es van instal\u00b7lar al barri de la Gu\u00e0rdia, un dels m\u00e9s deprimits de la ciutat en aquells anys. El paper d&#8217;aquesta Fundaci\u00f3 i del seu <em><strong>Centro Amig<\/strong><\/em><strong>os\u00a0<\/strong>\u00e9s fonamental en la dimensi\u00f3 extracurricular del <a href=\"https:\/\/serveiseducatius.xtec.cat\/baixllobregat6\/categoria\/pee\/\" target=\"_blank\" rel=\"noopener noreferrer\">Pla Educatiu d&#8217;Entorn de Sant Vicen\u00e7 dels Horts.<\/a><\/p>\n<div class=\"ast-oembed-container \" style=\"height: 100%;\"><iframe loading=\"lazy\" title=\"La cuarentena al Centro Amigos\" width=\"500\" height=\"281\" src=\"https:\/\/www.youtube.com\/embed\/MNvnWS5lXkw?feature=oembed\" frameborder=\"0\" allow=\"accelerometer; autoplay; clipboard-write; encrypted-media; gyroscope; picture-in-picture; web-share\" referrerpolicy=\"strict-origin-when-cross-origin\" allowfullscreen><\/iframe><\/div>\n","protected":false},"excerpt":{"rendered":"<p>El\u00a0Centre Amics (Centro Amigos) \u00e9s un centre diari i obert, on la tasca educativa es fa fora de l&#8217;horari escolar i que estimula i potencia l&#8217;estructuraci\u00f3 i el desenvolupament de la personalitat i la socialitzaci\u00f3, l&#8217;adquisici\u00f3 de coneixments b\u00e0sics i la dimensi\u00f3 educativa del temps de lleure. El Centre Amigos \u00e9s una iniciativa de la [&hellip;]<\/p>\n","protected":false},"author":1,"featured_media":18569,"comment_status":"open","ping_status":"closed","sticky":false,"template":"","format":"standard","meta":{"_bbp_topic_count":0,"_bbp_reply_count":0,"_bbp_total_topic_count":0,"_bbp_total_reply_count":0,"_bbp_voice_count":0,"_bbp_anonymous_reply_count":0,"_bbp_topic_count_hidden":0,"_bbp_reply_count_hidden":0,"_bbp_forum_subforum_count":0,"site-sidebar-layout":"default","site-content-layout":"","ast-site-content-layout":"","site-content-style":"default","site-sidebar-style":"default","ast-global-header-display":"","ast-banner-title-visibility":"","ast-main-header-display":"","ast-hfb-above-header-display":"","ast-hfb-below-header-display":"","ast-hfb-mobile-header-display":"","site-post-title":"","ast-breadcrumbs-content":"","ast-featured-img":"","footer-sml-layout":"","theme-transparent-header-meta":"","adv-header-id-meta":"","stick-header-meta":"","header-above-stick-meta":"","header-main-stick-meta":"","header-below-stick-meta":"","astra-migrate-meta-layouts":"default","ast-page-background-enabled":"default","ast-page-background-meta":{"desktop":{"background-color":"var(--ast-global-color-4)","background-image":"","background-repeat":"repeat","background-position":"center center","background-size":"auto","background-attachment":"scroll","background-type":"","background-media":"","overlay-type":"","overlay-color":"","overlay-opacity":"","overlay-gradient":""},"tablet":{"background-color":"","background-image":"","background-repeat":"repeat","background-position":"center center","background-size":"auto","background-attachment":"scroll","background-type":"","background-media":"","overlay-type":"","overlay-color":"","overlay-opacity":"","overlay-gradient":""},"mobile":{"background-color":"","background-image":"","background-repeat":"repeat","background-position":"center center","background-size":"auto","background-attachment":"scroll","background-type":"","background-media":"","overlay-type":"","overlay-color":"","overlay-opacity":"","overlay-gradient":""}},"ast-content-background-meta":{"desktop":{"background-color":"var(--ast-global-color-5)","background-image":"","background-repeat":"repeat","background-position":"center center","background-size":"auto","background-attachment":"scroll","background-type":"","background-media":"","overlay-type":"","overlay-color":"","overlay-opacity":"","overlay-gradient":""},"tablet":{"background-color":"var(--ast-global-color-5)","background-image":"","background-repeat":"repeat","background-position":"center center","background-size":"auto","background-attachment":"scroll","background-type":"","background-media":"","overlay-type":"","overlay-color":"","overlay-opacity":"","overlay-gradient":""},"mobile":{"background-color":"var(--ast-global-color-5)","background-image":"","background-repeat":"repeat","background-position":"center center","background-size":"auto","background-attachment":"scroll","background-type":"","background-media":"","overlay-type":"","overlay-color":"","overlay-opacity":"","overlay-gradient":""}},"footnotes":""},"categories":[75,29],"tags":[2296,2295,325,2278,2215,907,2287],"class_list":["post-18568","post","type-post","status-publish","format-standard","has-post-thumbnail","hentry","category-pee020","category-se-baixllobregat6","tag-centre-amics","tag-centro-amigos","tag-cohesio-social","tag-confinament","tag-reporteducacio","tag-sant-vicenc-dels-horts","tag-serveiseducatiusenlinia"],"post_mailing_queue_ids":[],"_links":{"self":[{"href":"https:\/\/serveiseducatius.xtec.cat\/baixllobregat6\/wp-json\/wp\/v2\/posts\/18568","targetHints":{"allow":["GET"]}}],"collection":[{"href":"https:\/\/serveiseducatius.xtec.cat\/baixllobregat6\/wp-json\/wp\/v2\/posts"}],"about":[{"href":"https:\/\/serveiseducatius.xtec.cat\/baixllobregat6\/wp-json\/wp\/v2\/types\/post"}],"author":[{"embeddable":true,"href":"https:\/\/serveiseducatius.xtec.cat\/baixllobregat6\/wp-json\/wp\/v2\/users\/1"}],"replies":[{"embeddable":true,"href":"https:\/\/serveiseducatius.xtec.cat\/baixllobregat6\/wp-json\/wp\/v2\/comments?post=18568"}],"version-history":[{"count":3,"href":"https:\/\/serveiseducatius.xtec.cat\/baixllobregat6\/wp-json\/wp\/v2\/posts\/18568\/revisions"}],"predecessor-version":[{"id":18734,"href":"https:\/\/serveiseducatius.xtec.cat\/baixllobregat6\/wp-json\/wp\/v2\/posts\/18568\/revisions\/18734"}],"wp:featuredmedia":[{"embeddable":true,"href":"https:\/\/serveiseducatius.xtec.cat\/baixllobregat6\/wp-json\/wp\/v2\/media\/18569"}],"wp:attachment":[{"href":"https:\/\/serveiseducatius.xtec.cat\/baixllobregat6\/wp-json\/wp\/v2\/media?parent=18568"}],"wp:term":[{"taxonomy":"category","embeddable":true,"href":"https:\/\/serveiseducatius.xtec.cat\/baixllobregat6\/wp-json\/wp\/v2\/categories?post=18568"},{"taxonomy":"post_tag","embeddable":true,"href":"https:\/\/serveiseducatius.xtec.cat\/baixllobregat6\/wp-json\/wp\/v2\/tags?post=18568"}],"curies":[{"name":"wp","href":"https:\/\/api.w.org\/{rel}","templated":true}]}}