{"id":18539,"date":"2020-03-26T10:45:48","date_gmt":"2020-03-26T09:45:48","guid":{"rendered":"http:\/\/serveiseducatius.xtec.cat\/baixllobregat6\/?p=18539"},"modified":"2020-04-02T10:45:16","modified_gmt":"2020-04-02T08:45:16","slug":"lescola-joan-juncadella-de-sant-vicenc-dels-horts-ha-creat-un-canal-amb-activitats-per-no-avorrir-se","status":"publish","type":"post","link":"https:\/\/serveiseducatius.xtec.cat\/baixllobregat6\/se-baixllobregat6\/lescola-joan-juncadella-de-sant-vicenc-dels-horts-ha-creat-un-canal-amb-activitats-per-no-avorrir-se\/","title":{"rendered":"L&#8217;escola Joan Juncadella de Sant Vicen\u00e7 dels Horts, ha creat un canal amb &#8220;Activitats per no avorrir-se&#8221;"},"content":{"rendered":"<p>L&#8217;escola <a href=\"https:\/\/agora.xtec.cat\/ceipjuncadella\/\" target=\"_blank\" rel=\"noopener noreferrer\">Joan Juncadella<\/a> de <a href=\"http:\/\/www.svh.cat\/\" target=\"_blank\" rel=\"noopener noreferrer\">Sant Vicen\u00e7 dels Horts<\/a>, \u00e9s una centre educatiu d&#8217;educaci\u00f3 infantil i prim\u00e0ria amb m\u00e9s de quaranta anys d&#8217;hist\u00f2ria. Va ser una de les escoles que es va edificar com a conseq\u00fc\u00e8ncia dels anomenats <a href=\"https:\/\/ca.wikipedia.org\/wiki\/Pactes_de_la_Moncloa\" target=\"_blank\" rel=\"noopener noreferrer\">Pactes de la Moncloa<\/a>. en plena transici\u00f3 de la dictadura franquista a la Catalunya aut\u00f2noma.<\/p>\n<p>L&#8217;equip docent de l&#8217;escola Joan Juncadella ha creat un canal de Youtube espec\u00edfic per aquest per\u00edode de confinament sota ela denominaci\u00f3 <a href=\"https:\/\/www.youtube.com\/playlist?list=PLI7SbdENkc_u0AMd0OF_PPFIPXIAlxUsX\" target=\"_blank\" rel=\"noopener noreferrer\">Activitats per\u00a0 no avorrir-se. <\/a>A continuaci\u00f3 us deixem la primera de les seves produccions i la possibilitat d&#8217;accedir a tota la resta de v\u00eddeos editats.<!--more--><\/p>\n<p><iframe loading=\"lazy\" src=\"https:\/\/www.youtube.com\/embed\/QCzW2MnAufQ\" width=\"560\" height=\"315\" frameborder=\"0\"><\/iframe><\/p>\n<p>|<a href=\"https:\/\/www.youtube.com\/playlist?list=PLI7SbdENkc_u0AMd0OF_PPFIPXIAlxUsX\" target=\"_blank\" rel=\"noopener noreferrer\">ACC\u00c9S AL CANAL<\/a>|<\/p>\n","protected":false},"excerpt":{"rendered":"<p>L&#8217;escola Joan Juncadella de Sant Vicen\u00e7 dels Horts, \u00e9s una centre educatiu d&#8217;educaci\u00f3 infantil i prim\u00e0ria amb m\u00e9s de quaranta anys d&#8217;hist\u00f2ria. Va ser una de les escoles que es va edificar com a conseq\u00fc\u00e8ncia dels anomenats Pactes de la Moncloa. en plena transici\u00f3 de la dictadura franquista a la Catalunya aut\u00f2noma. L&#8217;equip docent de [&hellip;]<\/p>\n","protected":false},"author":1,"featured_media":18541,"comment_status":"open","ping_status":"closed","sticky":false,"template":"","format":"standard","meta":{"_bbp_topic_count":0,"_bbp_reply_count":0,"_bbp_total_topic_count":0,"_bbp_total_reply_count":0,"_bbp_voice_count":0,"_bbp_anonymous_reply_count":0,"_bbp_topic_count_hidden":0,"_bbp_reply_count_hidden":0,"_bbp_forum_subforum_count":0,"site-sidebar-layout":"default","site-content-layout":"","ast-site-content-layout":"","site-content-style":"default","site-sidebar-style":"default","ast-global-header-display":"","ast-banner-title-visibility":"","ast-main-header-display":"","ast-hfb-above-header-display":"","ast-hfb-below-header-display":"","ast-hfb-mobile-header-display":"","site-post-title":"","ast-breadcrumbs-content":"","ast-featured-img":"","footer-sml-layout":"","theme-transparent-header-meta":"","adv-header-id-meta":"","stick-header-meta":"","header-above-stick-meta":"","header-main-stick-meta":"","header-below-stick-meta":"","astra-migrate-meta-layouts":"default","ast-page-background-enabled":"default","ast-page-background-meta":{"desktop":{"background-color":"var(--ast-global-color-4)","background-image":"","background-repeat":"repeat","background-position":"center center","background-size":"auto","background-attachment":"scroll","background-type":"","background-media":"","overlay-type":"","overlay-color":"","overlay-opacity":"","overlay-gradient":""},"tablet":{"background-color":"","background-image":"","background-repeat":"repeat","background-position":"center center","background-size":"auto","background-attachment":"scroll","background-type":"","background-media":"","overlay-type":"","overlay-color":"","overlay-opacity":"","overlay-gradient":""},"mobile":{"background-color":"","background-image":"","background-repeat":"repeat","background-position":"center center","background-size":"auto","background-attachment":"scroll","background-type":"","background-media":"","overlay-type":"","overlay-color":"","overlay-opacity":"","overlay-gradient":""}},"ast-content-background-meta":{"desktop":{"background-color":"var(--ast-global-color-5)","background-image":"","background-repeat":"repeat","background-position":"center center","background-size":"auto","background-attachment":"scroll","background-type":"","background-media":"","overlay-type":"","overlay-color":"","overlay-opacity":"","overlay-gradient":""},"tablet":{"background-color":"var(--ast-global-color-5)","background-image":"","background-repeat":"repeat","background-position":"center center","background-size":"auto","background-attachment":"scroll","background-type":"","background-media":"","overlay-type":"","overlay-color":"","overlay-opacity":"","overlay-gradient":""},"mobile":{"background-color":"var(--ast-global-color-5)","background-image":"","background-repeat":"repeat","background-position":"center center","background-size":"auto","background-attachment":"scroll","background-type":"","background-media":"","overlay-type":"","overlay-color":"","overlay-opacity":"","overlay-gradient":""}},"footnotes":""},"categories":[1036,29],"tags":[220,2291,2278,497,854,2215,907,2287],"class_list":["post-18539","post","type-post","status-publish","format-standard","has-post-thumbnail","hentry","category-activitat-dels-centres","category-se-baixllobregat6","tag-alumnat","tag-centres-educatius-en-linia","tag-confinament","tag-escola-joan-juncadella","tag-professorat","tag-reporteducacio","tag-sant-vicenc-dels-horts","tag-serveiseducatiusenlinia"],"post_mailing_queue_ids":[],"_links":{"self":[{"href":"https:\/\/serveiseducatius.xtec.cat\/baixllobregat6\/wp-json\/wp\/v2\/posts\/18539","targetHints":{"allow":["GET"]}}],"collection":[{"href":"https:\/\/serveiseducatius.xtec.cat\/baixllobregat6\/wp-json\/wp\/v2\/posts"}],"about":[{"href":"https:\/\/serveiseducatius.xtec.cat\/baixllobregat6\/wp-json\/wp\/v2\/types\/post"}],"author":[{"embeddable":true,"href":"https:\/\/serveiseducatius.xtec.cat\/baixllobregat6\/wp-json\/wp\/v2\/users\/1"}],"replies":[{"embeddable":true,"href":"https:\/\/serveiseducatius.xtec.cat\/baixllobregat6\/wp-json\/wp\/v2\/comments?post=18539"}],"version-history":[{"count":3,"href":"https:\/\/serveiseducatius.xtec.cat\/baixllobregat6\/wp-json\/wp\/v2\/posts\/18539\/revisions"}],"predecessor-version":[{"id":18690,"href":"https:\/\/serveiseducatius.xtec.cat\/baixllobregat6\/wp-json\/wp\/v2\/posts\/18539\/revisions\/18690"}],"wp:featuredmedia":[{"embeddable":true,"href":"https:\/\/serveiseducatius.xtec.cat\/baixllobregat6\/wp-json\/wp\/v2\/media\/18541"}],"wp:attachment":[{"href":"https:\/\/serveiseducatius.xtec.cat\/baixllobregat6\/wp-json\/wp\/v2\/media?parent=18539"}],"wp:term":[{"taxonomy":"category","embeddable":true,"href":"https:\/\/serveiseducatius.xtec.cat\/baixllobregat6\/wp-json\/wp\/v2\/categories?post=18539"},{"taxonomy":"post_tag","embeddable":true,"href":"https:\/\/serveiseducatius.xtec.cat\/baixllobregat6\/wp-json\/wp\/v2\/tags?post=18539"}],"curies":[{"name":"wp","href":"https:\/\/api.w.org\/{rel}","templated":true}]}}