{"id":18506,"date":"2020-03-25T09:52:21","date_gmt":"2020-03-25T08:52:21","guid":{"rendered":"http:\/\/serveiseducatius.xtec.cat\/baixllobregat6\/?p=18506"},"modified":"2020-03-30T17:35:02","modified_gmt":"2020-03-30T15:35:02","slug":"lectura-des-del-confinament-propostes-per-a-loci-familiar","status":"publish","type":"post","link":"https:\/\/serveiseducatius.xtec.cat\/baixllobregat6\/se-baixllobregat6\/lectura-des-del-confinament-propostes-per-a-loci-familiar\/","title":{"rendered":"Lectura i confinament, propostes per a l&#8217;oci familiar"},"content":{"rendered":"<p>Amb el t\u00edtol <a href=\"https:\/\/jaumecentelles.cat\/2020\/03\/23\/llibres-i-propostes-per-al-confinament\/\" target=\"_blank\" rel=\"noopener noreferrer\"><strong>Llibres i propostes per al confinament<\/strong><\/a>, el <a href=\"https:\/\/jaumecentelles.cat\/\" target=\"_blank\" rel=\"noopener noreferrer\"><strong>Jaume Centelles<\/strong><\/a> des de <a href=\"https:\/\/jaumecentelles.cat\/\" target=\"_blank\" rel=\"noopener noreferrer\"><strong>La invitaci\u00f3 a la lectura<\/strong><\/a>, el seu espai personal, s&#8217;afegeix a la causa d\u2019explicar hist\u00f2ries als infants mentre duri el confinament. <strong>Cada dilluns<\/strong> penjar\u00e0 un v\u00eddeo curtet, d&#8217;uns tres minuts aproximadament, amb una narraci\u00f3 i una proposta. i, a continuaci\u00f3, tamb\u00e9 us presentem un proposta per aquests temps d\u00edf\u00edcils, a c\u00e0rrec de l&#8217;editorial <strong><a href=\"https:\/\/bromera.com\/\" target=\"_blank\" rel=\"noopener noreferrer\">Bromera<\/a><\/strong>.<\/p>\n<p>El primer conte que presenta \u00e9s\u00a0<em><strong>Me gustan los libros<\/strong><\/em>, de l&#8217;<strong>Anthony Browne<\/strong>.<br \/>\n<iframe loading=\"lazy\" src=\"https:\/\/www.youtube.com\/embed\/vjACs75ULa0\" width=\"560\" height=\"315\" frameborder=\"0\"><\/iframe><br \/>\n<!--more--><\/p>\n<p>La segona proposta \u00e9s la de la <strong><a href=\"http:\/\/www.fundaciobromera.org\/\" target=\"_blank\" rel=\"noopener noreferrer\">Fundaci\u00f3 Bromera per al Foment de la Lectura<\/a><\/strong>. A trav\u00e9s de les seves xarxes aniran oferint activitats en les quals els llibres i la lectura s\u00f3n els protagonistes.<a href=\"https:\/\/llegim.org\/recursos\/receptes\/?utm_campaign=recursos-llegim&amp;utm_medium=email&amp;utm_source=acumbamail\" target=\"_blank\" rel=\"noopener noreferrer\"> Activitats i recomanacions<\/a> que es podran realitzar i fer servir f\u00e0cilment a casa per tal d\u2019aconseguir que la lectura sigui tamb\u00e9 una activitat d\u2019oci familiar.<\/p>\n<p>Al web de la campanya <a href=\"https:\/\/llegim.org\/\" target=\"_blank\" rel=\"noopener noreferrer\"><strong>\u00abLlegim?\u00bb<\/strong><\/a> trobareu v\u00eddeos amb <a href=\"https:\/\/llegim.org\/multimedia\/?utm_campaign=recursos-llegim&amp;utm_medium=email&amp;utm_source=acumbamail\" target=\"_blank\" rel=\"noopener noreferrer\">contes, can\u00e7ons, rodolins i endevinalles<\/a> que podreu visualitzar directament junt amb els m\u00e9s menuts de la casa. Tamb\u00e9 hi trobareu <a href=\"https:\/\/llegim.org\/multimedia\/?utm_campaign=recursos-llegim&amp;utm_medium=email&amp;utm_source=acumbamail#families_docents\" target=\"_blank\" rel=\"noopener noreferrer\">v\u00eddeos amb consells<\/a> que poden ajudar a millorar la t\u00e8cnica de contar contes o a saber triar el millor llibre per a cada moment.<\/p>\n<div class=\"ast-oembed-container \" style=\"height: 100%;\"><iframe loading=\"lazy\" title=\"Saps qu\u00e8 \u00e9s Llegim?\" width=\"500\" height=\"281\" src=\"https:\/\/www.youtube.com\/embed\/S9Y4dMzUnGs?feature=oembed\" frameborder=\"0\" allow=\"accelerometer; autoplay; clipboard-write; encrypted-media; gyroscope; picture-in-picture; web-share\" referrerpolicy=\"strict-origin-when-cross-origin\" allowfullscreen><\/iframe><\/div>\n<blockquote><p>Recordeu que des del Programa de Biblioteques Escolars del Departament d&#8217;Educaci\u00f3 ha elaborat el document <strong><a href=\"https:\/\/serveiseducatius.xtec.cat\/baixllobregat6\/portada\/propostes-per-fomentar-la-lectura-en-temps-de-confinament\">Propostes per fomentar la lectura en temps de confinament<\/a><\/strong>, del qual ja ens en vam fer ress\u00f2 des de <em>reporteduacio.cat<\/em>.<\/p><\/blockquote>\n","protected":false},"excerpt":{"rendered":"<p>Amb el t\u00edtol Llibres i propostes per al confinament, el Jaume Centelles des de La invitaci\u00f3 a la lectura, el seu espai personal, s&#8217;afegeix a la causa d\u2019explicar hist\u00f2ries als infants mentre duri el confinament. Cada dilluns penjar\u00e0 un v\u00eddeo curtet, d&#8217;uns tres minuts aproximadament, amb una narraci\u00f3 i una proposta. i, a continuaci\u00f3, tamb\u00e9 [&hellip;]<\/p>\n","protected":false},"author":1,"featured_media":18507,"comment_status":"open","ping_status":"closed","sticky":false,"template":"","format":"standard","meta":{"_bbp_topic_count":0,"_bbp_reply_count":0,"_bbp_total_topic_count":0,"_bbp_total_reply_count":0,"_bbp_voice_count":0,"_bbp_anonymous_reply_count":0,"_bbp_topic_count_hidden":0,"_bbp_reply_count_hidden":0,"_bbp_forum_subforum_count":0,"site-sidebar-layout":"default","site-content-layout":"","ast-site-content-layout":"","site-content-style":"default","site-sidebar-style":"default","ast-global-header-display":"","ast-banner-title-visibility":"","ast-main-header-display":"","ast-hfb-above-header-display":"","ast-hfb-below-header-display":"","ast-hfb-mobile-header-display":"","site-post-title":"","ast-breadcrumbs-content":"","ast-featured-img":"","footer-sml-layout":"","theme-transparent-header-meta":"","adv-header-id-meta":"","stick-header-meta":"","header-above-stick-meta":"","header-main-stick-meta":"","header-below-stick-meta":"","astra-migrate-meta-layouts":"default","ast-page-background-enabled":"default","ast-page-background-meta":{"desktop":{"background-color":"var(--ast-global-color-4)","background-image":"","background-repeat":"repeat","background-position":"center center","background-size":"auto","background-attachment":"scroll","background-type":"","background-media":"","overlay-type":"","overlay-color":"","overlay-opacity":"","overlay-gradient":""},"tablet":{"background-color":"","background-image":"","background-repeat":"repeat","background-position":"center center","background-size":"auto","background-attachment":"scroll","background-type":"","background-media":"","overlay-type":"","overlay-color":"","overlay-opacity":"","overlay-gradient":""},"mobile":{"background-color":"","background-image":"","background-repeat":"repeat","background-position":"center center","background-size":"auto","background-attachment":"scroll","background-type":"","background-media":"","overlay-type":"","overlay-color":"","overlay-opacity":"","overlay-gradient":""}},"ast-content-background-meta":{"desktop":{"background-color":"var(--ast-global-color-5)","background-image":"","background-repeat":"repeat","background-position":"center center","background-size":"auto","background-attachment":"scroll","background-type":"","background-media":"","overlay-type":"","overlay-color":"","overlay-opacity":"","overlay-gradient":""},"tablet":{"background-color":"var(--ast-global-color-5)","background-image":"","background-repeat":"repeat","background-position":"center center","background-size":"auto","background-attachment":"scroll","background-type":"","background-media":"","overlay-type":"","overlay-color":"","overlay-opacity":"","overlay-gradient":""},"mobile":{"background-color":"var(--ast-global-color-5)","background-image":"","background-repeat":"repeat","background-position":"center center","background-size":"auto","background-attachment":"scroll","background-type":"","background-media":"","overlay-type":"","overlay-color":"","overlay-opacity":"","overlay-gradient":""}},"footnotes":""},"categories":[81,1260,1099,29],"tags":[1436,2278,360,2259,1867,2255,592,100],"class_list":["post-18506","post","type-post","status-publish","format-standard","has-post-thumbnail","hentry","category-biblioteca-escolar","category-contes-a-la-xarxa","category-dinamitzacio-de-la-biblioteca","category-se-baixllobregat6","tag-biblioreport","tag-confinament","tag-conte","tag-covid19","tag-educacio-en-familia","tag-familia-i-escola","tag-gust-per-la-lectura","tag-lectura"],"post_mailing_queue_ids":[],"_links":{"self":[{"href":"https:\/\/serveiseducatius.xtec.cat\/baixllobregat6\/wp-json\/wp\/v2\/posts\/18506","targetHints":{"allow":["GET"]}}],"collection":[{"href":"https:\/\/serveiseducatius.xtec.cat\/baixllobregat6\/wp-json\/wp\/v2\/posts"}],"about":[{"href":"https:\/\/serveiseducatius.xtec.cat\/baixllobregat6\/wp-json\/wp\/v2\/types\/post"}],"author":[{"embeddable":true,"href":"https:\/\/serveiseducatius.xtec.cat\/baixllobregat6\/wp-json\/wp\/v2\/users\/1"}],"replies":[{"embeddable":true,"href":"https:\/\/serveiseducatius.xtec.cat\/baixllobregat6\/wp-json\/wp\/v2\/comments?post=18506"}],"version-history":[{"count":3,"href":"https:\/\/serveiseducatius.xtec.cat\/baixllobregat6\/wp-json\/wp\/v2\/posts\/18506\/revisions"}],"predecessor-version":[{"id":18531,"href":"https:\/\/serveiseducatius.xtec.cat\/baixllobregat6\/wp-json\/wp\/v2\/posts\/18506\/revisions\/18531"}],"wp:featuredmedia":[{"embeddable":true,"href":"https:\/\/serveiseducatius.xtec.cat\/baixllobregat6\/wp-json\/wp\/v2\/media\/18507"}],"wp:attachment":[{"href":"https:\/\/serveiseducatius.xtec.cat\/baixllobregat6\/wp-json\/wp\/v2\/media?parent=18506"}],"wp:term":[{"taxonomy":"category","embeddable":true,"href":"https:\/\/serveiseducatius.xtec.cat\/baixllobregat6\/wp-json\/wp\/v2\/categories?post=18506"},{"taxonomy":"post_tag","embeddable":true,"href":"https:\/\/serveiseducatius.xtec.cat\/baixllobregat6\/wp-json\/wp\/v2\/tags?post=18506"}],"curies":[{"name":"wp","href":"https:\/\/api.w.org\/{rel}","templated":true}]}}