{"id":18470,"date":"2020-03-23T17:34:35","date_gmt":"2020-03-23T16:34:35","guid":{"rendered":"http:\/\/serveiseducatius.xtec.cat\/baixllobregat6\/?p=18470"},"modified":"2020-03-30T17:35:03","modified_gmt":"2020-03-30T15:35:03","slug":"la-lidia-i-leva-de-lescola-el-bosc-de-la-pabordia-ens-proposen-la-participacio-mestresconfinats-joemquedoacasa","status":"publish","type":"post","link":"https:\/\/serveiseducatius.xtec.cat\/baixllobregat6\/se-baixllobregat6\/la-lidia-i-leva-de-lescola-el-bosc-de-la-pabordia-ens-proposen-la-participacio-mestresconfinats-joemquedoacasa\/","title":{"rendered":"La L\u00eddia i l&#8217;Eva de l&#8217;Escola el Bosc de la Pabordia ens proposen la participaci\u00f3  #mestresconfinats #joemquedoacasa"},"content":{"rendered":"<p>A l\u2019<a href=\"http:\/\/www.escolaelboscdelapabordia.cat\/\" target=\"_blank\" rel=\"noopener noreferrer\"><strong>Escola el Bosc de la Pabordia<\/strong><\/a> volem que els nostres alumnes siguin els promotors, els actors principals, els activadors del seu propi aprenentatge. Per aquest motiu proporcionem diferents entorns que potenci\u00efn activitats de la vida i per la vida.<br \/>\nVolem que els entorns facilitin el treball cooperatiu, el treball amb els altres, que promoguin l\u2019experimentaci\u00f3, el descobriment, el plantejament d\u2019hip\u00f2tesis i la comprovaci\u00f3 d\u2019aquestes.<\/p>\n<div class=\"ast-oembed-container \" style=\"height: 100%;\"><iframe loading=\"lazy\" title=\"MESTRES CONFINADES VI\u0301DEO 0\" width=\"500\" height=\"281\" src=\"https:\/\/www.youtube.com\/embed\/VBOKjqINVNQ?feature=oembed\" frameborder=\"0\" allow=\"accelerometer; autoplay; clipboard-write; encrypted-media; gyroscope; picture-in-picture; web-share\" referrerpolicy=\"strict-origin-when-cross-origin\" allowfullscreen><\/iframe><\/div>\n<p><!--more--><\/p>\n<p>Just\u00a0 dues mestres d&#8217;aquesta, escola la L\u00eddia i l&#8217;Eva,\u00a0 ha sorgit la iniciativa de <em><strong>Docents confinats<\/strong><\/em>. A <em><strong>Docents Confinats<\/strong><\/em> hi trobareu senzilles propostes, especialment adre\u00e7ades a alumnes de l&#8217;Educaci\u00f3 prim\u00e0ria, que poden ajudar a les fam\u00edlies i a la seva mainada a aprendre en ple confinament.<\/p>\n<p>Tot seguit uns deixem els v\u00eddeos que han produ\u00eft fins ara i, des del seu compte de Twitter us podreu anar posant al dia amb noves produccions. El canal de <a href=\"https:\/\/www.youtube.com\/channel\/UC6pMFCV-QOuIA6TU00EHxeQ\" target=\"_blank\" rel=\"noopener noreferrer\"><em><strong>Youtube el trobareu clicant aqu\u00ed<\/strong> <\/em><\/a>(des d&#8217;on tamb\u00e9 us hi podreu subscriure)<\/p>\n<p>_____<\/p>\n<p><span style=\"color: #3366ff;\">Per cert:<\/span><\/p>\n<p><span style=\"color: #3366ff;\">Una\u00a0<b>pabordia<\/b>\u00a0\u00e9s una administraci\u00f3 depenent d&#8217;una\u00a0<a style=\"color: #3366ff;\" title=\"Catedral\" href=\"https:\/\/ca.wikipedia.org\/wiki\/Catedral\">catedral<\/a>\u00a0o d&#8217;un\u00a0<a style=\"color: #3366ff;\" title=\"Monestir\" href=\"https:\/\/ca.wikipedia.org\/wiki\/Monestir\">monestir<\/a>\u00a0que s&#8217;encarregava d&#8217;administrar un grup de b\u00e9ns i propietats.<\/span><\/p>\n<p><span style=\"color: #3366ff;\">A les catedrals es van crear pabordies al\u00a0<a style=\"color: #3366ff;\" title=\"Segle XII\" href=\"https:\/\/ca.wikipedia.org\/wiki\/Segle_XII\">segle XII<\/a>. Sovint eren dotze i tenien el nom de cadascun dels mesos de l&#8217;any. Cada\u00a0<b>paborde<\/b>\u00a0cobrava les rendes dels b\u00e9ns que li eren assignats i tenia l&#8217;obligaci\u00f3 de mantenir els\u00a0<a style=\"color: #3366ff;\" title=\"Canonge\" href=\"https:\/\/ca.wikipedia.org\/wiki\/Canonge\">canonges<\/a>\u00a0durant el mes que li corresponia<\/span><\/p>\n","protected":false},"excerpt":{"rendered":"<p>A l\u2019Escola el Bosc de la Pabordia volem que els nostres alumnes siguin els promotors, els actors principals, els activadors del seu propi aprenentatge. Per aquest motiu proporcionem diferents entorns que potenci\u00efn activitats de la vida i per la vida. Volem que els entorns facilitin el treball cooperatiu, el treball amb els altres, que promoguin [&hellip;]<\/p>\n","protected":false},"author":1,"featured_media":18471,"comment_status":"open","ping_status":"closed","sticky":false,"template":"","format":"standard","meta":{"_bbp_topic_count":0,"_bbp_reply_count":0,"_bbp_total_topic_count":0,"_bbp_total_reply_count":0,"_bbp_voice_count":0,"_bbp_anonymous_reply_count":0,"_bbp_topic_count_hidden":0,"_bbp_reply_count_hidden":0,"_bbp_forum_subforum_count":0,"site-sidebar-layout":"default","site-content-layout":"","ast-site-content-layout":"","site-content-style":"default","site-sidebar-style":"default","ast-global-header-display":"","ast-banner-title-visibility":"","ast-main-header-display":"","ast-hfb-above-header-display":"","ast-hfb-below-header-display":"","ast-hfb-mobile-header-display":"","site-post-title":"","ast-breadcrumbs-content":"","ast-featured-img":"","footer-sml-layout":"","theme-transparent-header-meta":"","adv-header-id-meta":"","stick-header-meta":"","header-above-stick-meta":"","header-main-stick-meta":"","header-below-stick-meta":"","astra-migrate-meta-layouts":"default","ast-page-background-enabled":"default","ast-page-background-meta":{"desktop":{"background-color":"var(--ast-global-color-4)","background-image":"","background-repeat":"repeat","background-position":"center center","background-size":"auto","background-attachment":"scroll","background-type":"","background-media":"","overlay-type":"","overlay-color":"","overlay-opacity":"","overlay-gradient":""},"tablet":{"background-color":"","background-image":"","background-repeat":"repeat","background-position":"center center","background-size":"auto","background-attachment":"scroll","background-type":"","background-media":"","overlay-type":"","overlay-color":"","overlay-opacity":"","overlay-gradient":""},"mobile":{"background-color":"","background-image":"","background-repeat":"repeat","background-position":"center center","background-size":"auto","background-attachment":"scroll","background-type":"","background-media":"","overlay-type":"","overlay-color":"","overlay-opacity":"","overlay-gradient":""}},"ast-content-background-meta":{"desktop":{"background-color":"var(--ast-global-color-5)","background-image":"","background-repeat":"repeat","background-position":"center center","background-size":"auto","background-attachment":"scroll","background-type":"","background-media":"","overlay-type":"","overlay-color":"","overlay-opacity":"","overlay-gradient":""},"tablet":{"background-color":"var(--ast-global-color-5)","background-image":"","background-repeat":"repeat","background-position":"center center","background-size":"auto","background-attachment":"scroll","background-type":"","background-media":"","overlay-type":"","overlay-color":"","overlay-opacity":"","overlay-gradient":""},"mobile":{"background-color":"var(--ast-global-color-5)","background-image":"","background-repeat":"repeat","background-position":"center center","background-size":"auto","background-attachment":"scroll","background-type":"","background-media":"","overlay-type":"","overlay-color":"","overlay-opacity":"","overlay-gradient":""}},"footnotes":""},"categories":[1036,29],"tags":[205,220,2278,2259,446,2274,854,2215],"class_list":["post-18470","post","type-post","status-publish","format-standard","has-post-thumbnail","hentry","category-activitat-dels-centres","category-se-baixllobregat6","tag-activitats-daprenentatge","tag-alumnat","tag-confinament","tag-covid19","tag-educacio-primaria","tag-escola-el-bosc-de-la-pabordia","tag-professorat","tag-reporteducacio"],"post_mailing_queue_ids":[],"_links":{"self":[{"href":"https:\/\/serveiseducatius.xtec.cat\/baixllobregat6\/wp-json\/wp\/v2\/posts\/18470","targetHints":{"allow":["GET"]}}],"collection":[{"href":"https:\/\/serveiseducatius.xtec.cat\/baixllobregat6\/wp-json\/wp\/v2\/posts"}],"about":[{"href":"https:\/\/serveiseducatius.xtec.cat\/baixllobregat6\/wp-json\/wp\/v2\/types\/post"}],"author":[{"embeddable":true,"href":"https:\/\/serveiseducatius.xtec.cat\/baixllobregat6\/wp-json\/wp\/v2\/users\/1"}],"replies":[{"embeddable":true,"href":"https:\/\/serveiseducatius.xtec.cat\/baixllobregat6\/wp-json\/wp\/v2\/comments?post=18470"}],"version-history":[{"count":2,"href":"https:\/\/serveiseducatius.xtec.cat\/baixllobregat6\/wp-json\/wp\/v2\/posts\/18470\/revisions"}],"predecessor-version":[{"id":18473,"href":"https:\/\/serveiseducatius.xtec.cat\/baixllobregat6\/wp-json\/wp\/v2\/posts\/18470\/revisions\/18473"}],"wp:featuredmedia":[{"embeddable":true,"href":"https:\/\/serveiseducatius.xtec.cat\/baixllobregat6\/wp-json\/wp\/v2\/media\/18471"}],"wp:attachment":[{"href":"https:\/\/serveiseducatius.xtec.cat\/baixllobregat6\/wp-json\/wp\/v2\/media?parent=18470"}],"wp:term":[{"taxonomy":"category","embeddable":true,"href":"https:\/\/serveiseducatius.xtec.cat\/baixllobregat6\/wp-json\/wp\/v2\/categories?post=18470"},{"taxonomy":"post_tag","embeddable":true,"href":"https:\/\/serveiseducatius.xtec.cat\/baixllobregat6\/wp-json\/wp\/v2\/tags?post=18470"}],"curies":[{"name":"wp","href":"https:\/\/api.w.org\/{rel}","templated":true}]}}