{"id":18461,"date":"2020-03-23T09:47:56","date_gmt":"2020-03-23T08:47:56","guid":{"rendered":"http:\/\/serveiseducatius.xtec.cat\/baixllobregat6\/?p=18461"},"modified":"2020-03-30T17:35:03","modified_gmt":"2020-03-30T15:35:03","slug":"la-direccio-general-dinnovacio-recerca-i-cultura-digital-del-departament-deducaciocat-us-proposa-aquest-pla-daccio","status":"publish","type":"post","link":"https:\/\/serveiseducatius.xtec.cat\/baixllobregat6\/se-baixllobregat6\/la-direccio-general-dinnovacio-recerca-i-cultura-digital-del-departament-deducaciocat-us-proposa-aquest-pla-daccio\/","title":{"rendered":"La Direcci\u00f3 General d\u2019Innovaci\u00f3, Recerca i Cultura Digital del Departament d&#8217;@Educaciocat us proposa aquest Pla d&#8217;acci\u00f3"},"content":{"rendered":"<p><img loading=\"lazy\" decoding=\"async\" class=\"alignleft wp-image-18462 size-medium\" src=\"https:\/\/serveiseducatius.xtec.cat\/baixllobregat6\/wp-content\/uploads\/usu778\/2020\/03\/Captura-de-Pantalla-2020-03-23-a-les-9.37.52-520x435.png\" alt=\"\" width=\"520\" height=\"435\" srcset=\"https:\/\/serveiseducatius.xtec.cat\/baixllobregat6\/wp-content\/uploads\/usu778\/2020\/03\/Captura-de-Pantalla-2020-03-23-a-les-9.37.52-520x435.png 520w, https:\/\/serveiseducatius.xtec.cat\/baixllobregat6\/wp-content\/uploads\/usu778\/2020\/03\/Captura-de-Pantalla-2020-03-23-a-les-9.37.52-768x642.png 768w, https:\/\/serveiseducatius.xtec.cat\/baixllobregat6\/wp-content\/uploads\/usu778\/2020\/03\/Captura-de-Pantalla-2020-03-23-a-les-9.37.52-1024x856.png 1024w, https:\/\/serveiseducatius.xtec.cat\/baixllobregat6\/wp-content\/uploads\/usu778\/2020\/03\/Captura-de-Pantalla-2020-03-23-a-les-9.37.52-300x250.png 300w, https:\/\/serveiseducatius.xtec.cat\/baixllobregat6\/wp-content\/uploads\/usu778\/2020\/03\/Captura-de-Pantalla-2020-03-23-a-les-9.37.52.png 1220w\" sizes=\"auto, (max-width: 520px) 100vw, 520px\" \/>L\u2019actual context generat per l\u2019epid\u00e8mia de coronavirus SARS-CoV-2 al nostre pa\u00eds i l\u2019adopci\u00f3 de mesures extraordin\u00e0ries com el tancament de les escoles suposa una oportunitat, alhora que repte, quan es tracta de garantir l\u2019educaci\u00f3 per a tots i totes, entesa com un dret fonamental i b\u00e0sic. Poder proporcionar als centres educatius els recursos i eines digitals necess\u00e0ries que puguin donar continu\u00eftat, en termes d\u2019equitat i qualitat, al proc\u00e9s d\u2019aprenentatge de l\u2019alumnat \u00e9s una prioritat. <!--more-->\u00c9s per aquest motiu que el Departament d\u2019Educaci\u00f3 de la Generalitat de Catalunya presenta un Pla d\u2019acci\u00f3: Centres educatius en l\u00ednia que posa a disposici\u00f3 dels centres educatius del pa\u00eds amb l\u2019objectiu de garantir l\u2019aprenentatge en l\u00ednia de l\u2019alumnat i acompanyar al professorat i els centres en l\u2019\u00fas educatiu de les tecnologies digitals. Des de l\u2019anunci de suspensi\u00f3 de les classes anunciat el passat dijous dia 12 de mar\u00e7 de 2020, el Departament d\u2019Educaci\u00f3 de la Generalitat de Catalunya ha estat desenvolupant l\u2019esmentat pla d\u2019acci\u00f3 per a la seva posada en marxa immediata. Aquesta iniciativa tamb\u00e9 est\u00e0 acompanyada de l\u2019actualitzaci\u00f3 de les plataformes xtec i edu365, proposant eines, recursos digitals i orientacions per a la realitzaci\u00f3 no-presencial d&#8217;activitats.<\/p>\n<p>&nbsp;<\/p>\n<p>&nbsp;<\/p>\n<p><iframe loading=\"lazy\" src=\"https:\/\/drive.google.com\/file\/d\/1RoUMK-PAXgpGFIPJ2UuqZxWFs5g89fYs\/preview\" width=\"800&quot;\" height=\"1100\"><\/iframe><\/p>\n","protected":false},"excerpt":{"rendered":"<p>L\u2019actual context generat per l\u2019epid\u00e8mia de coronavirus SARS-CoV-2 al nostre pa\u00eds i l\u2019adopci\u00f3 de mesures extraordin\u00e0ries com el tancament de les escoles suposa una oportunitat, alhora que repte, quan es tracta de garantir l\u2019educaci\u00f3 per a tots i totes, entesa com un dret fonamental i b\u00e0sic. Poder proporcionar als centres educatius els recursos i eines [&hellip;]<\/p>\n","protected":false},"author":1,"featured_media":18462,"comment_status":"open","ping_status":"closed","sticky":false,"template":"","format":"standard","meta":{"_bbp_topic_count":0,"_bbp_reply_count":0,"_bbp_total_topic_count":0,"_bbp_total_reply_count":0,"_bbp_voice_count":0,"_bbp_anonymous_reply_count":0,"_bbp_topic_count_hidden":0,"_bbp_reply_count_hidden":0,"_bbp_forum_subforum_count":0,"site-sidebar-layout":"default","site-content-layout":"","ast-site-content-layout":"","site-content-style":"default","site-sidebar-style":"default","ast-global-header-display":"","ast-banner-title-visibility":"","ast-main-header-display":"","ast-hfb-above-header-display":"","ast-hfb-below-header-display":"","ast-hfb-mobile-header-display":"","site-post-title":"","ast-breadcrumbs-content":"","ast-featured-img":"","footer-sml-layout":"","theme-transparent-header-meta":"","adv-header-id-meta":"","stick-header-meta":"","header-above-stick-meta":"","header-main-stick-meta":"","header-below-stick-meta":"","astra-migrate-meta-layouts":"default","ast-page-background-enabled":"default","ast-page-background-meta":{"desktop":{"background-color":"var(--ast-global-color-4)","background-image":"","background-repeat":"repeat","background-position":"center center","background-size":"auto","background-attachment":"scroll","background-type":"","background-media":"","overlay-type":"","overlay-color":"","overlay-opacity":"","overlay-gradient":""},"tablet":{"background-color":"","background-image":"","background-repeat":"repeat","background-position":"center center","background-size":"auto","background-attachment":"scroll","background-type":"","background-media":"","overlay-type":"","overlay-color":"","overlay-opacity":"","overlay-gradient":""},"mobile":{"background-color":"","background-image":"","background-repeat":"repeat","background-position":"center center","background-size":"auto","background-attachment":"scroll","background-type":"","background-media":"","overlay-type":"","overlay-color":"","overlay-opacity":"","overlay-gradient":""}},"ast-content-background-meta":{"desktop":{"background-color":"var(--ast-global-color-5)","background-image":"","background-repeat":"repeat","background-position":"center center","background-size":"auto","background-attachment":"scroll","background-type":"","background-media":"","overlay-type":"","overlay-color":"","overlay-opacity":"","overlay-gradient":""},"tablet":{"background-color":"var(--ast-global-color-5)","background-image":"","background-repeat":"repeat","background-position":"center center","background-size":"auto","background-attachment":"scroll","background-type":"","background-media":"","overlay-type":"","overlay-color":"","overlay-opacity":"","overlay-gradient":""},"mobile":{"background-color":"var(--ast-global-color-5)","background-image":"","background-repeat":"repeat","background-position":"center center","background-size":"auto","background-attachment":"scroll","background-type":"","background-media":"","overlay-type":"","overlay-color":"","overlay-opacity":"","overlay-gradient":""}},"footnotes":""},"categories":[163,1585,29],"tags":[205,220,305,2278,2259,459,551,854,2215],"class_list":["post-18461","post","type-post","status-publish","format-standard","has-post-thumbnail","hentry","category-formacio","category-gestio","category-se-baixllobregat6","tag-activitats-daprenentatge","tag-alumnat","tag-centres-educatius-2","tag-confinament","tag-covid19","tag-elearning","tag-formacio-continuada","tag-professorat","tag-reporteducacio"],"post_mailing_queue_ids":[],"_links":{"self":[{"href":"https:\/\/serveiseducatius.xtec.cat\/baixllobregat6\/wp-json\/wp\/v2\/posts\/18461","targetHints":{"allow":["GET"]}}],"collection":[{"href":"https:\/\/serveiseducatius.xtec.cat\/baixllobregat6\/wp-json\/wp\/v2\/posts"}],"about":[{"href":"https:\/\/serveiseducatius.xtec.cat\/baixllobregat6\/wp-json\/wp\/v2\/types\/post"}],"author":[{"embeddable":true,"href":"https:\/\/serveiseducatius.xtec.cat\/baixllobregat6\/wp-json\/wp\/v2\/users\/1"}],"replies":[{"embeddable":true,"href":"https:\/\/serveiseducatius.xtec.cat\/baixllobregat6\/wp-json\/wp\/v2\/comments?post=18461"}],"version-history":[{"count":3,"href":"https:\/\/serveiseducatius.xtec.cat\/baixllobregat6\/wp-json\/wp\/v2\/posts\/18461\/revisions"}],"predecessor-version":[{"id":18466,"href":"https:\/\/serveiseducatius.xtec.cat\/baixllobregat6\/wp-json\/wp\/v2\/posts\/18461\/revisions\/18466"}],"wp:featuredmedia":[{"embeddable":true,"href":"https:\/\/serveiseducatius.xtec.cat\/baixllobregat6\/wp-json\/wp\/v2\/media\/18462"}],"wp:attachment":[{"href":"https:\/\/serveiseducatius.xtec.cat\/baixllobregat6\/wp-json\/wp\/v2\/media?parent=18461"}],"wp:term":[{"taxonomy":"category","embeddable":true,"href":"https:\/\/serveiseducatius.xtec.cat\/baixllobregat6\/wp-json\/wp\/v2\/categories?post=18461"},{"taxonomy":"post_tag","embeddable":true,"href":"https:\/\/serveiseducatius.xtec.cat\/baixllobregat6\/wp-json\/wp\/v2\/tags?post=18461"}],"curies":[{"name":"wp","href":"https:\/\/api.w.org\/{rel}","templated":true}]}}