{"id":18439,"date":"2020-03-20T16:40:26","date_gmt":"2020-03-20T15:40:26","guid":{"rendered":"http:\/\/serveiseducatius.xtec.cat\/baixllobregat6\/?p=18439"},"modified":"2020-03-30T17:35:04","modified_gmt":"2020-03-30T15:35:04","slug":"avui-aprenem-tv3-a-traves-del-super3-i-catalunya-radio-collaboren-amb-el-departament-deducacio-amb-propostes-daprenentatge-per-als-alumnes","status":"publish","type":"post","link":"https:\/\/serveiseducatius.xtec.cat\/baixllobregat6\/se-baixllobregat6\/avui-aprenem-tv3-a-traves-del-super3-i-catalunya-radio-collaboren-amb-el-departament-deducacio-amb-propostes-daprenentatge-per-als-alumnes\/","title":{"rendered":"&#8220;Avui aprenem&#8221;. TV3, a trav\u00e9s del Super3, i Catalunya R\u00e0dio col\u00b7laboren amb el Departament d&#8217;Educaci\u00f3 amb propostes d&#8217;aprenentatge per als alumnes"},"content":{"rendered":"<p><img loading=\"lazy\" decoding=\"async\" class=\"alignnone size-full wp-image-18440\" src=\"https:\/\/serveiseducatius.xtec.cat\/baixllobregat6\/wp-content\/uploads\/usu778\/2020\/03\/1584617902660.jpg\" alt=\"\" width=\"670\" height=\"378\" srcset=\"https:\/\/serveiseducatius.xtec.cat\/baixllobregat6\/wp-content\/uploads\/usu778\/2020\/03\/1584617902660.jpg 670w, https:\/\/serveiseducatius.xtec.cat\/baixllobregat6\/wp-content\/uploads\/usu778\/2020\/03\/1584617902660-520x293.jpg 520w\" sizes=\"auto, (max-width: 670px) 100vw, 670px\" \/><\/p>\n<p>L&#8217;acord entre TV3 i Catalunya R\u00e0dio amb el Departament d&#8217;Educaci\u00f3 de la Generalitat de Catalunya vol promoure continguts que puguin contribuir a l&#8217;aprenentatge dels alumnes a trav\u00e9s dels programes del canal Super3 i de diferents espais de Catalunya R\u00e0dio i d&#8217;iCat. El canal Super3 continua ampliant aix\u00ed els seus continguts per acompanyar els s\u00fapers que aquests dies han de ser a casa. I a banda d&#8217;espais de participaci\u00f3 com &#8220;Explica&#8217;ns les coses&#8221; de l&#8221;InfoK&#8221; o les &#8220;Superpropostes d&#8217;estar per casa&#8221;, el Super3 estrenar\u00e0 el nou format digital &#8220;<em><strong>Avui aprenem<\/strong><\/em>&#8220;, un recull de peces divulgatives sobre diferents \u00e0mbits. <!--more-->Per la seva banda, Catalunya R\u00e0dio tamb\u00e9 col\u00b7laborar\u00e0 amb el Departament d&#8217;Educaci\u00f3 per tal d&#8217;oferir continguts per als nens i nenes a trav\u00e9s de les diferents plataformes de Catalunya R\u00e0dio i iCat, que es concretaran els pr\u00f2xims dies. A m\u00e9s, a trav\u00e9s de les xarxes s&#8217;oferiran propostes espec\u00edfiques dels espais &#8220;Adolescents iCat&#8221; i &#8220;iCat Kids&#8221;.<\/p>\n<article class=\"M-itemNoti \">\n<div class=\"R-itemNotiCos\">\n<p><strong>Canal Super3<\/strong><\/p>\n<p>El canal Super3 ha arribat a un acord amb el Departament d&#8217;Educaci\u00f3 per proposar als centres educatius, als docents i a les fam\u00edlies programes del Super3 que puguin contribuir a l&#8217;aprenentatge dels alumnes. Alguns d&#8217;aquests espais recomanats s\u00f3n &#8220;Una m\u00e0 de contes&#8221;, el programa de ci\u00e8ncia\u00a0<a href=\"https:\/\/www.ccma.cat\/tv3\/super3\/dinamiks\/\">&#8220;Din\u00e0miks&#8221;<\/a>, l&#8217;informatiu infantil i juvenil\u00a0<a href=\"https:\/\/www.ccma.cat\/tv3\/super3\/infok\/\">&#8220;InfoK&#8221;<\/a>, l&#8217;espai de cuina amb\u00a0<a href=\"https:\/\/www.ccma.cat\/tv3\/super3\/manduka\/\">&#8220;Manduka&#8221;<\/a>\u00a0o el concurs d&#8217;angl\u00e8s\u00a0<a href=\"https:\/\/www.ccma.cat\/tv3\/super3\/fish-and-chips\/\">&#8220;Fish&amp;Chips&#8221;<\/a>.<\/p>\n<p>Pel que fa a la programaci\u00f3 del canal, a partir de dem\u00e0 el Super3 incorpora el nou format digital &#8220;Avui aprenem&#8221;, peces curtes on els s\u00fapers podran descobrir curiositats dels animals o relacionades amb el m\u00f3n de la natura, entendre alguns descobriments cient\u00edfics, jugar en angl\u00e8s o descobrir fets curiosos de la hist\u00f2ria. Aquestes propostes compten amb el suport del Departament d&#8217;Educaci\u00f3 i estan alineades amb les orientacions i activitats adre\u00e7ades a tot l&#8217;alumnat que ahir va publicar a la\u00a0<a href=\"http:\/\/xtec.gencat.cat\/ca\/inici\">Xarxa Telem\u00e0tica de Catalunya, Xtec<\/a>.<\/p>\n<p>Aquestes propostes s&#8217;afegeixen a la programaci\u00f3 especial que ofereix aquests dies el canal Super3 per acompanyar els s\u00fapers que s\u00f3n a casa amb continguts divulgatius i amb accions de participaci\u00f3. Per exemple, aquesta setmana ja es pot veure l&#8217;informatiu &#8220;InfoK&#8221; quatre vegades al dia, que, a m\u00e9s de la informaci\u00f3 acurada sobre la situaci\u00f3 de la crisi del coronavirus, ofereix l&#8217;opci\u00f3 als s\u00fapers de plantejar tots els seus dubtes o angoixes a trav\u00e9s de la secci\u00f3 del web &#8220;Explica&#8217;ns les coses&#8221;. Des de la seva posada en marxa, m\u00e9s de 500 s\u00fapers ja hi han participat.<\/p>\n<p>Una altra acci\u00f3 de participaci\u00f3 s\u00f3n les Superpropostes d&#8217;estar per casa&#8221;, que en pocs dies tamb\u00e9 ha rebut moltes participacions per part dels s\u00fapers.<\/p>\n<p>&nbsp;<\/p>\n<p><strong>Catalunya R\u00e0dio<\/strong><\/p>\n<p>Dins de l&#8217;acord amb el Departament d&#8217;Educaci\u00f3, Catalunya R\u00e0dio es far\u00e0 ress\u00f2 en la programaci\u00f3 excepcional d&#8217;aquests dies dels continguts pedag\u00f2gics que el Departament d&#8217;Educaci\u00f3 posa a l&#8217;abast de la CCMA i far\u00e0 divulgaci\u00f3 de les eines i accions telem\u00e0tiques adre\u00e7ades als alumnes. Aquests continguts es divulgaran a trav\u00e9s del web i l&#8217;app de Catalunya R\u00e0dio i iCat, i tamb\u00e9 es podrien emetre per l&#8217;antena d&#8217;iCat si la situaci\u00f3 d&#8217;excepcionalitat s&#8217;allargu\u00e9s.<\/p>\n<p>D&#8217;aquesta manera, la r\u00e0dio p\u00fablica es posa al servei de la comunitat educativa per evitar la bretxa digital entre els alumnes que no tenen connectivitat a casa amb ordinador, per\u00f2 que en canvi s\u00ed que disposen de tel\u00e8fon m\u00f2bil i escolten la r\u00e0dio en FM.<\/p>\n<p>&nbsp;<\/p>\n<p><strong>Refor\u00e7ar l&#8217;autonomia personal, generar motivaci\u00f3 i curiositat<\/strong><\/p>\n<p>L&#8217;objectiu d&#8217;Educaci\u00f3 amb aquesta col\u00b7laboraci\u00f3 \u00e9s que els nous continguts audiovisuals, que se sumaran a les propostes dels centres educatius, puguin refor\u00e7ar el desenvolupament de l&#8217;autonomia personal, generar motivaci\u00f3 i curiositat a tot l&#8217;alumnat i que tamb\u00e9 siguin significatius per al seu aprenentatge. Les propostes s\u00f3n diverses, contemplant diferents nivells de desenvolupament de capacitats i compet\u00e8ncies, com ara la realitzaci\u00f3 d&#8217;activitats d&#8217;observaci\u00f3 i de contrast d&#8217;elements propers a la realitat de l&#8217;alumne, de cerca d&#8217;informaci\u00f3, d&#8217;indagaci\u00f3, de lectura, culturals, art\u00edstiques, l\u00fadiques&#8230;, aix\u00ed com activitats alternatives a l&#8217;aprenentatge a l&#8217;aula que no \u00e9s possible fer pel tancament dels centres.<\/p>\n<p>&nbsp;<\/p>\n<p><strong>L&#8217;acc\u00e9s digital als continguts: un gran recurs per als s\u00fapers que s\u00f3n a casa<\/strong><\/p>\n<p>Aquests dies de confinament, els nenes i nenes tenen moltes opcions per distreure&#8217;s, informar-se i aprendre a trav\u00e9s de les propostes digitals del Super3. Segons les dades dels darrers dies, l&#8217;inter\u00e8s per aquests continguts ha estat molt elevat, convertint el Super3 en una de les opcions preferides per passar aquests dies a casa. El Super3 ha incrementat en un 121% el nombre de visites al seu web, respecte a ara fa una setmana. Tamb\u00e9 ha augmentat en un 66% el nombre d&#8217;usuaris que entren a les seves plataformes per consumir v\u00eddeo, i el mateix passa amb el nombre de reproduccions.<\/p>\n<p>En una situaci\u00f3 d&#8217;inter\u00e8s informatiu tamb\u00e9 per als nens i nenes, l'&#8221;InfoK&#8221; continua sent el referent del canal en consum digital amb m\u00e9s de 87.000 reproduccions en nom\u00e9s cinc dies de confinament. Si es comparen els n\u00fameros d&#8217;aquests cinc dies de confinament amb els mateixos cinc dies de la setmana anterior, s&#8217;ha incrementat en un 115% el nombre d&#8217;usuaris i de reproduccions.<\/p>\n<p>Els s\u00fapers tamb\u00e9 han buscat altres propostes d&#8217;entreteniment i divulgaci\u00f3 al web del Super3, com l&#8217;espai &#8220;Una m\u00e0 de contes&#8221;, que ha multiplicat per quatre les seves xifres i\u00a0 \u00e9s el segon programa m\u00e9s vist del canal en digital amb gaireb\u00e9 9.000 usuaris i 19.000 reproduccions. La cuina i els aliments tamb\u00e9 han despertat l&#8217;inter\u00e8s del s\u00fapers, ja que l&#8217;espai &#8220;Manduka&#8221; gaireb\u00e9 triplicat el seu consum en digital.<\/p>\n<p><a href=\"http:\/\/www.super3.cat\/\">super3.cat<\/a><\/p>\n<p><a href=\"https:\/\/www.facebook.com\/clubsuper3\/\">facebook.com\/clubsuper3<\/a><\/p>\n<p><a href=\"https:\/\/twitter.com\/search?q=%23HoPassemJunts&amp;src=typed_query\" target=\"_blank\" rel=\"noopener noreferrer\">#HoPassemJunts<\/a><\/p>\n<p><a href=\"https:\/\/twitter.com\/search?q=%23CoronavirusCatR%C3%A0dio&amp;src=typed_query\" target=\"_blank\" rel=\"noopener noreferrer\">#CoronavirusCatR\u00e0dio<\/a><\/p>\n<p>Font: <a href=\"https:\/\/www.ccma.cat\/premsa\/tv3-a-traves-del-super3-i-catalunya-radio-collaboren-amb-el-departament-deducacio-amb-propostes-daprenentatge-per-als-alumnes\/nota-de-premsa\/2998291\/\" target=\"_blank\" rel=\"noopener noreferrer\"><strong>Televisi\u00f3 de Catalunya<\/strong><\/a><\/p>\n<\/div>\n<\/article>\n<p><!--more--><\/p>\n<div class=\"wrapper_M-compartir C-dreta C-neutre C-ambFilet gapAfter\">\n<div id=\"M-compartirBottom\" class=\"M-compartir \" role=\"region\" data-id-div=\"M-compartirBottom\" data-autostart=\"1\" data-hi-service-d=\"\" data-estil-form=\"cssForm\" data-mode=\"pu-premsa\" data-fb-frame=\"\" data-subtitle=\"\" data-link=\"\" data-title=\"\" data-description=\"\" aria-label=\"comparteix\">\n<div class=\"addthis_toolbox addthis_default_style addthis_32x32_style \">\n<div class=\"pu-premsa-wrap\">\n<div class=\"pu-premsa-dcha\"><\/div>\n<\/div>\n<\/div>\n<\/div>\n<\/div>\n","protected":false},"excerpt":{"rendered":"<p>L&#8217;acord entre TV3 i Catalunya R\u00e0dio amb el Departament d&#8217;Educaci\u00f3 de la Generalitat de Catalunya vol promoure continguts que puguin contribuir a l&#8217;aprenentatge dels alumnes a trav\u00e9s dels programes del canal Super3 i de diferents espais de Catalunya R\u00e0dio i d&#8217;iCat. El canal Super3 continua ampliant aix\u00ed els seus continguts per acompanyar els s\u00fapers que [&hellip;]<\/p>\n","protected":false},"author":1,"featured_media":18440,"comment_status":"open","ping_status":"closed","sticky":false,"template":"","format":"standard","meta":{"_bbp_topic_count":0,"_bbp_reply_count":0,"_bbp_total_topic_count":0,"_bbp_total_reply_count":0,"_bbp_voice_count":0,"_bbp_anonymous_reply_count":0,"_bbp_topic_count_hidden":0,"_bbp_reply_count_hidden":0,"_bbp_forum_subforum_count":0,"site-sidebar-layout":"default","site-content-layout":"","ast-site-content-layout":"","site-content-style":"default","site-sidebar-style":"default","ast-global-header-display":"","ast-banner-title-visibility":"","ast-main-header-display":"","ast-hfb-above-header-display":"","ast-hfb-below-header-display":"","ast-hfb-mobile-header-display":"","site-post-title":"","ast-breadcrumbs-content":"","ast-featured-img":"","footer-sml-layout":"","theme-transparent-header-meta":"","adv-header-id-meta":"","stick-header-meta":"","header-above-stick-meta":"","header-main-stick-meta":"","header-below-stick-meta":"","astra-migrate-meta-layouts":"default","ast-page-background-enabled":"default","ast-page-background-meta":{"desktop":{"background-color":"var(--ast-global-color-4)","background-image":"","background-repeat":"repeat","background-position":"center center","background-size":"auto","background-attachment":"scroll","background-type":"","background-media":"","overlay-type":"","overlay-color":"","overlay-opacity":"","overlay-gradient":""},"tablet":{"background-color":"","background-image":"","background-repeat":"repeat","background-position":"center center","background-size":"auto","background-attachment":"scroll","background-type":"","background-media":"","overlay-type":"","overlay-color":"","overlay-opacity":"","overlay-gradient":""},"mobile":{"background-color":"","background-image":"","background-repeat":"repeat","background-position":"center center","background-size":"auto","background-attachment":"scroll","background-type":"","background-media":"","overlay-type":"","overlay-color":"","overlay-opacity":"","overlay-gradient":""}},"ast-content-background-meta":{"desktop":{"background-color":"var(--ast-global-color-5)","background-image":"","background-repeat":"repeat","background-position":"center center","background-size":"auto","background-attachment":"scroll","background-type":"","background-media":"","overlay-type":"","overlay-color":"","overlay-opacity":"","overlay-gradient":""},"tablet":{"background-color":"var(--ast-global-color-5)","background-image":"","background-repeat":"repeat","background-position":"center center","background-size":"auto","background-attachment":"scroll","background-type":"","background-media":"","overlay-type":"","overlay-color":"","overlay-opacity":"","overlay-gradient":""},"mobile":{"background-color":"var(--ast-global-color-5)","background-image":"","background-repeat":"repeat","background-position":"center center","background-size":"auto","background-attachment":"scroll","background-type":"","background-media":"","overlay-type":"","overlay-color":"","overlay-opacity":"","overlay-gradient":""}},"footnotes":""},"categories":[64,29],"tags":[2269,2270,2278,2259,740,2215,951,2268,113],"class_list":["post-18439","post","type-post","status-publish","format-standard","has-post-thumbnail","hentry","category-comunitat","category-se-baixllobregat6","tag-avui-aprenem","tag-catalunya-radio","tag-confinament","tag-covid19","tag-mitjans-de-comunicacio","tag-reporteducacio","tag-televisio-de-catalunya","tag-televisio-educativa","tag-tv3"],"post_mailing_queue_ids":[],"_links":{"self":[{"href":"https:\/\/serveiseducatius.xtec.cat\/baixllobregat6\/wp-json\/wp\/v2\/posts\/18439","targetHints":{"allow":["GET"]}}],"collection":[{"href":"https:\/\/serveiseducatius.xtec.cat\/baixllobregat6\/wp-json\/wp\/v2\/posts"}],"about":[{"href":"https:\/\/serveiseducatius.xtec.cat\/baixllobregat6\/wp-json\/wp\/v2\/types\/post"}],"author":[{"embeddable":true,"href":"https:\/\/serveiseducatius.xtec.cat\/baixllobregat6\/wp-json\/wp\/v2\/users\/1"}],"replies":[{"embeddable":true,"href":"https:\/\/serveiseducatius.xtec.cat\/baixllobregat6\/wp-json\/wp\/v2\/comments?post=18439"}],"version-history":[{"count":3,"href":"https:\/\/serveiseducatius.xtec.cat\/baixllobregat6\/wp-json\/wp\/v2\/posts\/18439\/revisions"}],"predecessor-version":[{"id":18456,"href":"https:\/\/serveiseducatius.xtec.cat\/baixllobregat6\/wp-json\/wp\/v2\/posts\/18439\/revisions\/18456"}],"wp:featuredmedia":[{"embeddable":true,"href":"https:\/\/serveiseducatius.xtec.cat\/baixllobregat6\/wp-json\/wp\/v2\/media\/18440"}],"wp:attachment":[{"href":"https:\/\/serveiseducatius.xtec.cat\/baixllobregat6\/wp-json\/wp\/v2\/media?parent=18439"}],"wp:term":[{"taxonomy":"category","embeddable":true,"href":"https:\/\/serveiseducatius.xtec.cat\/baixllobregat6\/wp-json\/wp\/v2\/categories?post=18439"},{"taxonomy":"post_tag","embeddable":true,"href":"https:\/\/serveiseducatius.xtec.cat\/baixllobregat6\/wp-json\/wp\/v2\/tags?post=18439"}],"curies":[{"name":"wp","href":"https:\/\/api.w.org\/{rel}","templated":true}]}}