{"id":18394,"date":"2020-03-17T13:52:26","date_gmt":"2020-03-17T12:52:26","guid":{"rendered":"http:\/\/serveiseducatius.xtec.cat\/baixllobregat6\/?p=18394"},"modified":"2020-03-17T14:22:18","modified_gmt":"2020-03-17T13:22:18","slug":"maravillosamente-especial-musica-contra-lodi-a-les-persones-amb-la-sindrome-de-down","status":"publish","type":"post","link":"https:\/\/serveiseducatius.xtec.cat\/baixllobregat6\/se-baixllobregat6\/maravillosamente-especial-musica-contra-lodi-a-les-persones-amb-la-sindrome-de-down\/","title":{"rendered":"Maravillosamente especial, m\u00fasica contra l\u2019odi a les persones amb la s\u00edndrome de Down"},"content":{"rendered":"<p><iframe loading=\"lazy\" src=\"https:\/\/www.youtube.com\/embed\/j6RCjtR4IdA\" width=\"560\" height=\"315\" frameborder=\"0\"><\/iframe><br \/>\n<!--more--><\/p>\n<p>El grup musical <strong>Mercado Negro<\/strong> i la <a href=\"https:\/\/www.fcsd.org\/\" target=\"_blank\" rel=\"noopener noreferrer\">Fundaci\u00f3 Catalana S\u00edndrome <strong>de Down<\/strong><\/a> (FCSD) han col\u00b7laborat per difondre un missatge d\u2019inclusi\u00f3 vers les persones amb la s\u00edndrome de Down (SD). El resultat ha estat Maravillosamente especial, una can\u00e7\u00f3 que fa bandera de la inclusi\u00f3.<\/p>\n<p>La col\u00b7laboraci\u00f3 entre Mercado Negro i la FCSD neix d\u2019un episodi lamentable i repugnant protagonitzat per l\u2019escriptor Arcadi Espada. Al programa \u201cChester in Love\u201d de Risto Mejide, Espada es va referir a la s\u00edndrome de Down com una \u201cdesgracia\u201d, i a les persones que el tenen les va titllar de \u201cpat\u00e9ticos\u201d, \u201cv\u00edctimas de su condici\u00f3n\u201d, \u201cdesgraciados\u201d o \u201chijos tontos, enfermos y peores\u201d.<\/p>\n<p>Aquestes declaracions van indignar a molta gent. Entre ells, Mercado Negro, que t\u00e9 un familiar amb SD. Fruit de la indignaci\u00f3, el grup musical va escriure una can\u00e7\u00f3 titulada\u00a0<strong><em>Maravillosamente Especial<\/em><\/strong>\u00a0on es reivindiquen valors com\u00a0<strong>el respecte, la diversitat i la inclusi\u00f3<\/strong>.<\/p>\n<p><a href=\"https:\/\/www.fcsd.org\/celebra-la-festa-per-la-inclusio\/\"><img loading=\"lazy\" decoding=\"async\" class=\"aligncenter wp-image-8183 size-full\" src=\"https:\/\/www.fcsd.org\/wp-content\/uploads\/2020\/02\/banner_cat_festa-inclusio.png\" sizes=\"auto, (max-width: 1920px) 100vw, 1920px\" srcset=\"https:\/\/www.fcsd.org\/wp-content\/uploads\/2020\/02\/banner_cat_festa-inclusio.png 1920w, https:\/\/www.fcsd.org\/wp-content\/uploads\/2020\/02\/banner_cat_festa-inclusio-300x78.png 300w, https:\/\/www.fcsd.org\/wp-content\/uploads\/2020\/02\/banner_cat_festa-inclusio-1024x267.png 1024w, https:\/\/www.fcsd.org\/wp-content\/uploads\/2020\/02\/banner_cat_festa-inclusio-768x200.png 768w, https:\/\/www.fcsd.org\/wp-content\/uploads\/2020\/02\/banner_cat_festa-inclusio-1536x400.png 1536w, https:\/\/www.fcsd.org\/wp-content\/uploads\/2020\/02\/banner_cat_festa-inclusio-1080x281.png 1080w, https:\/\/www.fcsd.org\/wp-content\/uploads\/2020\/02\/banner_cat_festa-inclusio-600x156.png 600w\" alt=\"\" width=\"1920\" height=\"500\" \/><\/a><\/p>\n<p>El cantant i baixista del grup, Manel Fern\u00e1ndez, considera que \u201ca trav\u00e9s de la m\u00fasica com a eina reivindicativa, es pot canviar la imatge equivocada de la SD\u201d. Per la seva part,\u00a0 Katy Trias, directora general de la FCSD, afirma que \u201cla inclusi\u00f3 es basa en el respecte i l\u2019aprenentatge de la difer\u00e8ncia, donant veu i espai a les persones amb SD dins de la societat\u201d.<\/p>\n<p>Aquest videoclip \u00e9s un cant a la celebraci\u00f3 de la vida amb el qual es vol transmetre que tothom \u00e9s diferent, independentment de tenir o no la s\u00edndrome de Down, i just aix\u00f2 \u00e9s all\u00f2 que ens fa especials. Nom\u00e9s cal trencar amb els prejudicis i descobrir que el m\u00f3n de les persones amb s\u00edndrome de Down \u00e9s tan real i interesant com el de les persones que no el tenen.<\/p>\n<p>Descobreix m\u00e9s info sobre la <a href=\"https:\/\/twitter.com\/hashtag\/fiestaporlainclusi%C3%B3n?src=hashtag_click\" target=\"_blank\" rel=\"noopener noreferrer\">#fiestaporlainclusi\u00f3n<\/a> aqu\u00ed: https:\/\/www.fcsd.org\/es\/celebra-la-fi&#8230;<br \/>\n&#8212;&#8212;&#8212;&#8212;&#8212;&#8212;&#8212;&#8212;&#8212;&#8212;&#8212;&#8212;&#8212;&#8212;&#8212;&#8212;&#8212;&#8212;&#8212;&#8212;&#8212;&#8212;&#8212;&#8212;&#8212;&#8212;&#8212;&#8212;&#8212;&#8212;&#8212;&#8212;&#8212;&#8212;&#8212;&#8212;&#8212;&#8212;&#8212;&#8212;&#8212;&#8212;&#8212;&#8212;&#8212;&#8212;&#8212;&#8212;&#8212;&#8212;&#8212;&#8212;&#8212;<br \/>\n<em><strong>Maravillosamente Especial<\/strong><\/em> es la can\u00e7\u00f3 de <strong>Mercado Negro<\/strong> els drets d&#8217;autor de la qual han estat cedits a favor de la FCSD.<br \/>\nProductora: Dark King Films<br \/>\nGui\u00f3: FCSD<br \/>\nCol\u00b7laboradors: Antiga Biblioteca Almirall &#8211; Cosas de Ocio &#8211; Party Fiesta &#8211; Caprabo.<\/p>\n<p>https:\/\/www.fcsd.org\/<\/p>\n","protected":false},"excerpt":{"rendered":"","protected":false},"author":1,"featured_media":18395,"comment_status":"open","ping_status":"closed","sticky":false,"template":"","format":"standard","meta":{"_bbp_topic_count":0,"_bbp_reply_count":0,"_bbp_total_topic_count":0,"_bbp_total_reply_count":0,"_bbp_voice_count":0,"_bbp_anonymous_reply_count":0,"_bbp_topic_count_hidden":0,"_bbp_reply_count_hidden":0,"_bbp_forum_subforum_count":0,"site-sidebar-layout":"default","site-content-layout":"","ast-site-content-layout":"","site-content-style":"default","site-sidebar-style":"default","ast-global-header-display":"","ast-banner-title-visibility":"","ast-main-header-display":"","ast-hfb-above-header-display":"","ast-hfb-below-header-display":"","ast-hfb-mobile-header-display":"","site-post-title":"","ast-breadcrumbs-content":"","ast-featured-img":"","footer-sml-layout":"","theme-transparent-header-meta":"","adv-header-id-meta":"","stick-header-meta":"","header-above-stick-meta":"","header-main-stick-meta":"","header-below-stick-meta":"","astra-migrate-meta-layouts":"default","ast-page-background-enabled":"default","ast-page-background-meta":{"desktop":{"background-color":"var(--ast-global-color-4)","background-image":"","background-repeat":"repeat","background-position":"center center","background-size":"auto","background-attachment":"scroll","background-type":"","background-media":"","overlay-type":"","overlay-color":"","overlay-opacity":"","overlay-gradient":""},"tablet":{"background-color":"","background-image":"","background-repeat":"repeat","background-position":"center center","background-size":"auto","background-attachment":"scroll","background-type":"","background-media":"","overlay-type":"","overlay-color":"","overlay-opacity":"","overlay-gradient":""},"mobile":{"background-color":"","background-image":"","background-repeat":"repeat","background-position":"center center","background-size":"auto","background-attachment":"scroll","background-type":"","background-media":"","overlay-type":"","overlay-color":"","overlay-opacity":"","overlay-gradient":""}},"ast-content-background-meta":{"desktop":{"background-color":"var(--ast-global-color-5)","background-image":"","background-repeat":"repeat","background-position":"center center","background-size":"auto","background-attachment":"scroll","background-type":"","background-media":"","overlay-type":"","overlay-color":"","overlay-opacity":"","overlay-gradient":""},"tablet":{"background-color":"var(--ast-global-color-5)","background-image":"","background-repeat":"repeat","background-position":"center center","background-size":"auto","background-attachment":"scroll","background-type":"","background-media":"","overlay-type":"","overlay-color":"","overlay-opacity":"","overlay-gradient":""},"mobile":{"background-color":"var(--ast-global-color-5)","background-image":"","background-repeat":"repeat","background-position":"center center","background-size":"auto","background-attachment":"scroll","background-type":"","background-media":"","overlay-type":"","overlay-color":"","overlay-opacity":"","overlay-gradient":""}},"footnotes":""},"categories":[1040,29],"tags":[250,2215,925],"class_list":["post-18394","post","type-post","status-publish","format-standard","has-post-thumbnail","hentry","category-diversitat-en-xarxa","category-se-baixllobregat6","tag-atencio-a-la-diversitat","tag-reporteducacio","tag-sindrome-de-down"],"post_mailing_queue_ids":[],"_links":{"self":[{"href":"https:\/\/serveiseducatius.xtec.cat\/baixllobregat6\/wp-json\/wp\/v2\/posts\/18394","targetHints":{"allow":["GET"]}}],"collection":[{"href":"https:\/\/serveiseducatius.xtec.cat\/baixllobregat6\/wp-json\/wp\/v2\/posts"}],"about":[{"href":"https:\/\/serveiseducatius.xtec.cat\/baixllobregat6\/wp-json\/wp\/v2\/types\/post"}],"author":[{"embeddable":true,"href":"https:\/\/serveiseducatius.xtec.cat\/baixllobregat6\/wp-json\/wp\/v2\/users\/1"}],"replies":[{"embeddable":true,"href":"https:\/\/serveiseducatius.xtec.cat\/baixllobregat6\/wp-json\/wp\/v2\/comments?post=18394"}],"version-history":[{"count":3,"href":"https:\/\/serveiseducatius.xtec.cat\/baixllobregat6\/wp-json\/wp\/v2\/posts\/18394\/revisions"}],"predecessor-version":[{"id":18400,"href":"https:\/\/serveiseducatius.xtec.cat\/baixllobregat6\/wp-json\/wp\/v2\/posts\/18394\/revisions\/18400"}],"wp:featuredmedia":[{"embeddable":true,"href":"https:\/\/serveiseducatius.xtec.cat\/baixllobregat6\/wp-json\/wp\/v2\/media\/18395"}],"wp:attachment":[{"href":"https:\/\/serveiseducatius.xtec.cat\/baixllobregat6\/wp-json\/wp\/v2\/media?parent=18394"}],"wp:term":[{"taxonomy":"category","embeddable":true,"href":"https:\/\/serveiseducatius.xtec.cat\/baixllobregat6\/wp-json\/wp\/v2\/categories?post=18394"},{"taxonomy":"post_tag","embeddable":true,"href":"https:\/\/serveiseducatius.xtec.cat\/baixllobregat6\/wp-json\/wp\/v2\/tags?post=18394"}],"curies":[{"name":"wp","href":"https:\/\/api.w.org\/{rel}","templated":true}]}}