{"id":18341,"date":"2020-03-12T20:14:07","date_gmt":"2020-03-12T19:14:07","guid":{"rendered":"http:\/\/serveiseducatius.xtec.cat\/baixllobregat6\/?p=18341"},"modified":"2020-03-25T19:37:01","modified_gmt":"2020-03-25T18:37:01","slug":"el-servei-educatiu-baix-llobregat-6-tanca-latencio-presencial-seguint-les-indicacions-del-departament-deducaciocat","status":"publish","type":"post","link":"https:\/\/serveiseducatius.xtec.cat\/baixllobregat6\/politicaeducativa\/el-servei-educatiu-baix-llobregat-6-tanca-latencio-presencial-seguint-les-indicacions-del-departament-deducaciocat\/","title":{"rendered":"El Servei Educatiu Baix Llobregat-6 tanca l&#8217;atenci\u00f3 presencial seguint les indicacions del Departament d&#8217;@Educaciocat"},"content":{"rendered":"<p><img loading=\"lazy\" decoding=\"async\" class=\"alignnone size-full wp-image-18342\" src=\"https:\/\/serveiseducatius.xtec.cat\/baixllobregat6\/wp-content\/uploads\/usu778\/2020\/03\/Captura-de-Pantalla-2020-03-12-a-les-19.43.54.png\" alt=\"\" width=\"642\" height=\"914\" srcset=\"https:\/\/serveiseducatius.xtec.cat\/baixllobregat6\/wp-content\/uploads\/usu778\/2020\/03\/Captura-de-Pantalla-2020-03-12-a-les-19.43.54.png 642w, https:\/\/serveiseducatius.xtec.cat\/baixllobregat6\/wp-content\/uploads\/usu778\/2020\/03\/Captura-de-Pantalla-2020-03-12-a-les-19.43.54-365x520.png 365w\" sizes=\"auto, (max-width: 642px) 100vw, 642px\" \/><br \/>\n<!--more--><\/p>\n<p>El Departament d\u2019Educaci\u00f3, seguint instruccions del Departament de Salut i com a mesura excepcional per contenir el coronavirus, ha pres la decisi\u00f3 de tancar a partir del dia <strong>13 de mar\u00e7 <\/strong>i fins al proper dia<strong> 27 mar\u00e7<\/strong>, ambd\u00f3s inclosos, tots els centres i serveis educatius del pa\u00eds i, per tant, han quedat suspeses les classes en horari lectiu i les activitats extraescolars.<\/p>\n<p>En conseq\u00fc\u00e8ncia, el Servei Educatiu Baix Llobregat-6, tamb\u00e9 susp\u00e8n la seva activitat presencial tant pel que fa a l&#8217;assessorament als diversos perfils de destinataris (fam\u00edlies, mestres i professors i alumnat), aix\u00ed com tamb\u00e9 les sessions de treball que hi havia convocades dintre d&#8217;aquesta franja del calendari que en resulta afectada, les activitats de din\u00e0mica educativa i les sessions presencials de les activitats de formaci\u00f3 continuada del professorat.<\/p>\n<p>Podeu mantenir el contacte amb nosaltres, mitjan\u00e7ant els mecanismes no presencials habituals:<strong> <a href=\"mailto:se-baixllobregat6@xtec.cat\" target=\"_blank\" rel=\"noopener noreferrer\">correu-e<\/a><\/strong>, <a href=\"https:\/\/twitter.com\/reporteducacio\" target=\"_blank\" rel=\"noopener noreferrer\"><strong>Twitte<\/strong>r<\/a> i <strong><a href=\"https:\/\/www.linkedin.com\/signup\/cold-join?session_redirect=https%3A%2F%2Fwww%2Elinkedin%2Ecom%2Fgroups%2F3670919&amp;trk=login_reg_redirect\" target=\"_blank\" rel=\"noopener noreferrer\">Linkedin<\/a><\/strong>.<\/p>\n<p>Agra\u00efm la vostra comprensi\u00f3. Salut!<\/p>\n","protected":false},"excerpt":{"rendered":"","protected":false},"author":1,"featured_media":18342,"comment_status":"open","ping_status":"closed","sticky":false,"template":"","format":"standard","meta":{"_bbp_topic_count":0,"_bbp_reply_count":0,"_bbp_total_topic_count":0,"_bbp_total_reply_count":0,"_bbp_voice_count":0,"_bbp_anonymous_reply_count":0,"_bbp_topic_count_hidden":0,"_bbp_reply_count_hidden":0,"_bbp_forum_subforum_count":0,"site-sidebar-layout":"default","site-content-layout":"","ast-site-content-layout":"","site-content-style":"default","site-sidebar-style":"default","ast-global-header-display":"","ast-banner-title-visibility":"","ast-main-header-display":"","ast-hfb-above-header-display":"","ast-hfb-below-header-display":"","ast-hfb-mobile-header-display":"","site-post-title":"","ast-breadcrumbs-content":"","ast-featured-img":"","footer-sml-layout":"","theme-transparent-header-meta":"","adv-header-id-meta":"","stick-header-meta":"","header-above-stick-meta":"","header-main-stick-meta":"","header-below-stick-meta":"","astra-migrate-meta-layouts":"default","ast-page-background-enabled":"default","ast-page-background-meta":{"desktop":{"background-color":"var(--ast-global-color-4)","background-image":"","background-repeat":"repeat","background-position":"center center","background-size":"auto","background-attachment":"scroll","background-type":"","background-media":"","overlay-type":"","overlay-color":"","overlay-opacity":"","overlay-gradient":""},"tablet":{"background-color":"","background-image":"","background-repeat":"repeat","background-position":"center center","background-size":"auto","background-attachment":"scroll","background-type":"","background-media":"","overlay-type":"","overlay-color":"","overlay-opacity":"","overlay-gradient":""},"mobile":{"background-color":"","background-image":"","background-repeat":"repeat","background-position":"center center","background-size":"auto","background-attachment":"scroll","background-type":"","background-media":"","overlay-type":"","overlay-color":"","overlay-opacity":"","overlay-gradient":""}},"ast-content-background-meta":{"desktop":{"background-color":"var(--ast-global-color-5)","background-image":"","background-repeat":"repeat","background-position":"center center","background-size":"auto","background-attachment":"scroll","background-type":"","background-media":"","overlay-type":"","overlay-color":"","overlay-opacity":"","overlay-gradient":""},"tablet":{"background-color":"var(--ast-global-color-5)","background-image":"","background-repeat":"repeat","background-position":"center center","background-size":"auto","background-attachment":"scroll","background-type":"","background-media":"","overlay-type":"","overlay-color":"","overlay-opacity":"","overlay-gradient":""},"mobile":{"background-color":"var(--ast-global-color-5)","background-image":"","background-repeat":"repeat","background-position":"center center","background-size":"auto","background-attachment":"scroll","background-type":"","background-media":"","overlay-type":"","overlay-color":"","overlay-opacity":"","overlay-gradient":""}},"footnotes":""},"categories":[1036,1,29],"tags":[2259,445,2215,2287],"class_list":["post-18341","post","type-post","status-publish","format-standard","has-post-thumbnail","hentry","category-activitat-dels-centres","category-politicaeducativa","category-se-baixllobregat6","tag-covid19","tag-educacio-per-a-la-salut","tag-reporteducacio","tag-serveiseducatiusenlinia"],"post_mailing_queue_ids":[],"_links":{"self":[{"href":"https:\/\/serveiseducatius.xtec.cat\/baixllobregat6\/wp-json\/wp\/v2\/posts\/18341","targetHints":{"allow":["GET"]}}],"collection":[{"href":"https:\/\/serveiseducatius.xtec.cat\/baixllobregat6\/wp-json\/wp\/v2\/posts"}],"about":[{"href":"https:\/\/serveiseducatius.xtec.cat\/baixllobregat6\/wp-json\/wp\/v2\/types\/post"}],"author":[{"embeddable":true,"href":"https:\/\/serveiseducatius.xtec.cat\/baixllobregat6\/wp-json\/wp\/v2\/users\/1"}],"replies":[{"embeddable":true,"href":"https:\/\/serveiseducatius.xtec.cat\/baixllobregat6\/wp-json\/wp\/v2\/comments?post=18341"}],"version-history":[{"count":3,"href":"https:\/\/serveiseducatius.xtec.cat\/baixllobregat6\/wp-json\/wp\/v2\/posts\/18341\/revisions"}],"predecessor-version":[{"id":18346,"href":"https:\/\/serveiseducatius.xtec.cat\/baixllobregat6\/wp-json\/wp\/v2\/posts\/18341\/revisions\/18346"}],"wp:featuredmedia":[{"embeddable":true,"href":"https:\/\/serveiseducatius.xtec.cat\/baixllobregat6\/wp-json\/wp\/v2\/media\/18342"}],"wp:attachment":[{"href":"https:\/\/serveiseducatius.xtec.cat\/baixllobregat6\/wp-json\/wp\/v2\/media?parent=18341"}],"wp:term":[{"taxonomy":"category","embeddable":true,"href":"https:\/\/serveiseducatius.xtec.cat\/baixllobregat6\/wp-json\/wp\/v2\/categories?post=18341"},{"taxonomy":"post_tag","embeddable":true,"href":"https:\/\/serveiseducatius.xtec.cat\/baixllobregat6\/wp-json\/wp\/v2\/tags?post=18341"}],"curies":[{"name":"wp","href":"https:\/\/api.w.org\/{rel}","templated":true}]}}