{"id":18300,"date":"2020-03-10T12:59:08","date_gmt":"2020-03-10T11:59:08","guid":{"rendered":"http:\/\/serveiseducatius.xtec.cat\/baixllobregat6\/?p=18300"},"modified":"2020-03-17T14:15:11","modified_gmt":"2020-03-17T13:15:11","slug":"la-campanya-desmilitaritzem-leducacio-denuncia-lincompliment-de-la-mocio-55-xi-del-parlament-en-relacio-a-fires-i-salons-educatius-i-de-formacio","status":"publish","type":"post","link":"https:\/\/serveiseducatius.xtec.cat\/baixllobregat6\/se-baixllobregat6\/la-campanya-desmilitaritzem-leducacio-denuncia-lincompliment-de-la-mocio-55-xi-del-parlament-en-relacio-a-fires-i-salons-educatius-i-de-formacio\/","title":{"rendered":"La campanya @desmilitaritzem l\u2019Educaci\u00f3 den\u00fancia l\u2019incompliment de la Moci\u00f3 55\/XI del Parlament en relaci\u00f3 amb les fires i els salons educatius i de formaci\u00f3"},"content":{"rendered":"<p><img loading=\"lazy\" decoding=\"async\" class=\"aligncenter wp-image-18301\" src=\"https:\/\/serveiseducatius.xtec.cat\/baixllobregat6\/wp-content\/uploads\/usu778\/2020\/03\/desmilitaritzem.jpg\" alt=\"\" width=\"412\" height=\"401\" \/><\/p>\n<p><!--more--><\/p>\n<p>Del de mar\u00e7, (Montju\u00efc), tindr\u00e0 lloc l&#8217;edici\u00f3 d&#8217;enguany del Sal\u00f3 de l&#8217;Ensenyament de Barcelona Fira de Barcelona i la direcci\u00f3 del Sal\u00f3 de l&#8217;Ensenyament han pres la decisi\u00f3 d&#8217;incloure, un cop m\u00e9s, un estand de l&#8217;ex\u00e8rcit.<\/p>\n<p>Aquesta decisi\u00f3, sens dubte, contrav\u00e9 de nou d&#8217;una manera flagrant la\u00a0<b><a href=\"https:\/\/desmilitaritzem.blog.pangea.org\/2016\/07\/18\/mocio-55xi-del-parlament-de-catalunya-sobre-la-desmilitaritzacio-de-catalunya\/\" target=\"_blank\" rel=\"noopener noreferrer\">Moci\u00f3 55\/XI,<\/a>\u00a0<\/b><a href=\"https:\/\/desmilitaritzem.blog.pangea.org\/2016\/07\/18\/mocio-55xi-del-parlament-de-catalunya-sobre-la-desmilitaritzacio-de-catalunya\/\" target=\"_blank\" rel=\"noopener noreferrer\"><b>Sobre la desmilitaritzaci\u00f3 de Catalunya<\/b><\/a>, aprovada pel Parlament de Catalunya el 14 de juliol de 2016, aix\u00ed com, l&#8217;<span style=\"color: #0000ff;\"><b><a href=\"http:\/\/ajuntament.barcelona.cat\/sites\/default\/files\/acords_cp_260216_ca.pdf\" target=\"_blank\" rel=\"noopener noreferrer\" data-saferedirecturl=\"https:\/\/www.google.com\/url?q=http:\/\/ajuntament.barcelona.cat\/sites\/default\/files\/acords_cp_260216_ca.pdf&amp;source=gmail&amp;ust=1583926928837000&amp;usg=AFQjCNGraWsRtx6ppvVqcv3qH1tTqYhauw\">A<\/a><a href=\"http:\/\/desmilitaritzem.blog.pangea.org\/2016\/02\/26\/lajuntament-de-barcelona-promoura-que-lexercit-espanyol-deixi-destar-representat-al-salo-de-lensenyament\/\" target=\"_blank\" rel=\"noopener noreferrer\" data-saferedirecturl=\"https:\/\/www.google.com\/url?q=http:\/\/desmilitaritzem.blog.pangea.org\/2016\/02\/26\/lajuntament-de-barcelona-promoura-que-lexercit-espanyol-deixi-destar-representat-al-salo-de-lensenyament\/&amp;source=gmail&amp;ust=1583926928837000&amp;usg=AFQjCNHEi4e6SfpHXjd1c1YmWi6gCWOUEg\">cord del Plenari del Consell Municipal de Barcelona, de 26 de febrer de 2016. Ambdues resolucions institucionals van ser aprovades per majoria absoluta.<\/a><\/b><\/span><\/p>\n<p>La\u00a0Campanya Desmilitaritzem l&#8217;Educaci\u00f3\u00a0treballa des de fa m\u00e9s de 10 anys perqu\u00e8 l&#8217;ex\u00e8rcit no tingui cap mena de pres\u00e8ncia als espais educatius, de formaci\u00f3 o de lleure i, en el cas que ens ocupa, al Sal\u00f3 de l&#8217;Ensenyament de Barcelona. \u00c9s per aquest motiu, que us volem explicar, donar a con\u00e8ixer i fer p\u00fabliques totes les accions que s&#8217;han dut a terme darrerament i les que estan previstes per als pr\u00f2xims dies.<\/p>\n<p><b>Reuni\u00f3 al Parlament de Catalunya \u2013 Dijous 05\/03\/20<\/b><\/p>\n<p><a href=\"http:\/\/desmilitaritzem.blog.pangea.org\/2020\/03\/06\/reunio-al-parlament-de-catalunya-dijous-05-03-20\/\" target=\"_blank\" rel=\"noopener noreferrer\" data-saferedirecturl=\"https:\/\/www.google.com\/url?q=http:\/\/desmilitaritzem.blog.pangea.org\/2020\/03\/06\/reunio-al-parlament-de-catalunya-dijous-05-03-20\/&amp;source=gmail&amp;ust=1583926928837000&amp;usg=AFQjCNGlKBA7EFQvWCdEm_D4Ab6Kcv3l8g\">http:\/\/desmilitaritzem.blog.<wbr \/>pangea.org\/2020\/03\/06\/reunio-<wbr \/>al-parlament-de-catalunya-<wbr \/>dijous-05-03-20\/<\/a><\/p>\n<p>Des de la\u00a0<b>Campanya Desmilitaritzem l&#8217;Educaci\u00f3<\/b>, tamb\u00e9 es denuncia la constant pres\u00e8ncia d&#8217;agents armats (de Mossos d&#8217;Esquadra com de policies locals) dins d&#8217;escoles i instituts. Accions que contravenen tots els esfor\u00e7os educatius per a fomentar una Cultura de Pau.<\/p>\n<p>A la Roda de premsa tamb\u00e9 hi seran presents diverses persones representants d&#8217;algunes de les m\u00e9s de 100 entitats i organitzacions que conformen\u00a0<a href=\"http:\/\/desmilitaritzem.blog.pangea.org\/participen\/qui-participa\/\" target=\"_blank\" rel=\"noopener noreferrer\" data-saferedirecturl=\"https:\/\/www.google.com\/url?q=http:\/\/desmilitaritzem.blog.pangea.org\/participen\/qui-participa\/&amp;source=gmail&amp;ust=1583926928837000&amp;usg=AFQjCNG_IfzXECvHjIxdNFQKHmBgsPBx4g\">la campanya\u00a0<\/a><a href=\"http:\/\/desmilitaritzem.blog.pangea.org\/participen\/qui-participa\/\" target=\"_blank\" rel=\"noopener noreferrer\" data-saferedirecturl=\"https:\/\/www.google.com\/url?q=http:\/\/desmilitaritzem.blog.pangea.org\/participen\/qui-participa\/&amp;source=gmail&amp;ust=1583926928837000&amp;usg=AFQjCNG_IfzXECvHjIxdNFQKHmBgsPBx4g\"><b>Desmilitaritzem l&#8217;Educaci\u00f3<\/b><br \/>\nFont: <em><span style=\"color: #000000;\"><span style=\"font-family: Arial, sans-serif;\"><span style=\"font-size: medium;\">Les Armes No Eduquen, Les Armes Maten<\/span><\/span><\/span><\/em><\/a><\/p>\n<pre><span style=\"color: #000000;\"><span style=\"font-family: Arial, sans-serif;\"><span style=\"font-size: medium;\">Desmilitaritzem l'Educaci\u00f3\r\n<\/span><\/span><\/span><a href=\"mailto:desmilitaritzem@gmail.com\" target=\"_blank\" rel=\"noopener noreferrer\"><span style=\"color: #000000;\"><span style=\"font-family: Arial, sans-serif;\"><span style=\"font-size: medium;\">desmilitaritzem@gmail.com<\/span><\/span><\/span><\/a>\r\n\r\n<span style=\"color: #000000;\"><span style=\"font-family: Arial, sans-serif;\"><span style=\"font-size: medium;\"><b>Segueix la campanya a <\/b><\/span><\/span><\/span><a href=\"https:\/\/www.facebook.com\/Desmilitaritzem\" target=\"_blank\" rel=\"noopener noreferrer\" data-saferedirecturl=\"https:\/\/www.google.com\/url?q=https:\/\/www.facebook.com\/Desmilitaritzem&amp;source=gmail&amp;ust=1583926928837000&amp;usg=AFQjCNGXGLBbp5sLwwBsMPl-yVmBq8mDjw\"><span style=\"color: #0000ff;\"><span style=\"font-family: Arial, sans-serif;\"><span style=\"font-size: medium;\"><b>Facebook\u00a0<\/b><\/span><\/span><\/span><\/a><span style=\"color: #000000;\"><span style=\"font-family: Arial, sans-serif;\"><span style=\"font-size: medium;\"><b>i\u00a0<\/b><\/span><\/span><\/span><a href=\"https:\/\/twitter.com\/desmilitaritzem\" target=\"_blank\" rel=\"noopener noreferrer\" data-saferedirecturl=\"https:\/\/www.google.com\/url?q=https:\/\/twitter.com\/desmilitaritzem&amp;source=gmail&amp;ust=1583926928837000&amp;usg=AFQjCNHZCvvo-indXPjgpHSdwluI71QPEg\"><span style=\"color: #0000ff;\"><span style=\"font-family: Arial, sans-serif;\"><span style=\"font-size: medium;\"><b>Twitter<\/b><\/span><\/span><\/span><\/a><span style=\"color: #000000; font-size: large;\">\u00a0<\/span><span style=\"color: #000000; font-size: large;\">\u00a0<\/span><\/pre>\n","protected":false},"excerpt":{"rendered":"","protected":false},"author":1,"featured_media":18307,"comment_status":"open","ping_status":"closed","sticky":false,"template":"","format":"standard","meta":{"_bbp_topic_count":0,"_bbp_reply_count":0,"_bbp_total_topic_count":0,"_bbp_total_reply_count":0,"_bbp_voice_count":0,"_bbp_anonymous_reply_count":0,"_bbp_topic_count_hidden":0,"_bbp_reply_count_hidden":0,"_bbp_forum_subforum_count":0,"site-sidebar-layout":"default","site-content-layout":"","ast-site-content-layout":"","site-content-style":"default","site-sidebar-style":"default","ast-global-header-display":"","ast-banner-title-visibility":"","ast-main-header-display":"","ast-hfb-above-header-display":"","ast-hfb-below-header-display":"","ast-hfb-mobile-header-display":"","site-post-title":"","ast-breadcrumbs-content":"","ast-featured-img":"","footer-sml-layout":"","theme-transparent-header-meta":"","adv-header-id-meta":"","stick-header-meta":"","header-above-stick-meta":"","header-main-stick-meta":"","header-below-stick-meta":"","astra-migrate-meta-layouts":"default","ast-page-background-enabled":"default","ast-page-background-meta":{"desktop":{"background-color":"var(--ast-global-color-4)","background-image":"","background-repeat":"repeat","background-position":"center center","background-size":"auto","background-attachment":"scroll","background-type":"","background-media":"","overlay-type":"","overlay-color":"","overlay-opacity":"","overlay-gradient":""},"tablet":{"background-color":"","background-image":"","background-repeat":"repeat","background-position":"center center","background-size":"auto","background-attachment":"scroll","background-type":"","background-media":"","overlay-type":"","overlay-color":"","overlay-opacity":"","overlay-gradient":""},"mobile":{"background-color":"","background-image":"","background-repeat":"repeat","background-position":"center center","background-size":"auto","background-attachment":"scroll","background-type":"","background-media":"","overlay-type":"","overlay-color":"","overlay-opacity":"","overlay-gradient":""}},"ast-content-background-meta":{"desktop":{"background-color":"var(--ast-global-color-5)","background-image":"","background-repeat":"repeat","background-position":"center center","background-size":"auto","background-attachment":"scroll","background-type":"","background-media":"","overlay-type":"","overlay-color":"","overlay-opacity":"","overlay-gradient":""},"tablet":{"background-color":"var(--ast-global-color-5)","background-image":"","background-repeat":"repeat","background-position":"center center","background-size":"auto","background-attachment":"scroll","background-type":"","background-media":"","overlay-type":"","overlay-color":"","overlay-opacity":"","overlay-gradient":""},"mobile":{"background-color":"var(--ast-global-color-5)","background-image":"","background-repeat":"repeat","background-position":"center center","background-size":"auto","background-attachment":"scroll","background-type":"","background-media":"","overlay-type":"","overlay-color":"","overlay-opacity":"","overlay-gradient":""}},"footnotes":""},"categories":[66,29],"tags":[444,447,556,790,2215,2262],"class_list":["post-18300","post","type-post","status-publish","format-standard","has-post-thumbnail","hentry","category-dinamitzacio","category-se-baixllobregat6","tag-educacio-per-a-la-pau","tag-educacio-secundaria","tag-formacio-professional","tag-orientacio-educativa","tag-reporteducacio","tag-salo-de-lensenyament"],"post_mailing_queue_ids":[],"_links":{"self":[{"href":"https:\/\/serveiseducatius.xtec.cat\/baixllobregat6\/wp-json\/wp\/v2\/posts\/18300","targetHints":{"allow":["GET"]}}],"collection":[{"href":"https:\/\/serveiseducatius.xtec.cat\/baixllobregat6\/wp-json\/wp\/v2\/posts"}],"about":[{"href":"https:\/\/serveiseducatius.xtec.cat\/baixllobregat6\/wp-json\/wp\/v2\/types\/post"}],"author":[{"embeddable":true,"href":"https:\/\/serveiseducatius.xtec.cat\/baixllobregat6\/wp-json\/wp\/v2\/users\/1"}],"replies":[{"embeddable":true,"href":"https:\/\/serveiseducatius.xtec.cat\/baixllobregat6\/wp-json\/wp\/v2\/comments?post=18300"}],"version-history":[{"count":3,"href":"https:\/\/serveiseducatius.xtec.cat\/baixllobregat6\/wp-json\/wp\/v2\/posts\/18300\/revisions"}],"predecessor-version":[{"id":18399,"href":"https:\/\/serveiseducatius.xtec.cat\/baixllobregat6\/wp-json\/wp\/v2\/posts\/18300\/revisions\/18399"}],"wp:featuredmedia":[{"embeddable":true,"href":"https:\/\/serveiseducatius.xtec.cat\/baixllobregat6\/wp-json\/wp\/v2\/media\/18307"}],"wp:attachment":[{"href":"https:\/\/serveiseducatius.xtec.cat\/baixllobregat6\/wp-json\/wp\/v2\/media?parent=18300"}],"wp:term":[{"taxonomy":"category","embeddable":true,"href":"https:\/\/serveiseducatius.xtec.cat\/baixllobregat6\/wp-json\/wp\/v2\/categories?post=18300"},{"taxonomy":"post_tag","embeddable":true,"href":"https:\/\/serveiseducatius.xtec.cat\/baixllobregat6\/wp-json\/wp\/v2\/tags?post=18300"}],"curies":[{"name":"wp","href":"https:\/\/api.w.org\/{rel}","templated":true}]}}