{"id":18291,"date":"2020-03-09T17:18:44","date_gmt":"2020-03-09T16:18:44","guid":{"rendered":"http:\/\/serveiseducatius.xtec.cat\/baixllobregat6\/?p=18291"},"modified":"2020-03-10T13:54:51","modified_gmt":"2020-03-10T12:54:51","slug":"preinscripcio-a-leducacio-infantil-2n-cicle-primaria-i-secundaria-obligatoria-curs-2020-2021","status":"publish","type":"post","link":"https:\/\/serveiseducatius.xtec.cat\/baixllobregat6\/politicaeducativa\/preinscripcio-a-leducacio-infantil-2n-cicle-primaria-i-secundaria-obligatoria-curs-2020-2021\/","title":{"rendered":"#Preinscripci\u00f3 a l&#8217;#educaci\u00f3 infantil (2n cicle), prim\u00e0ria i secund\u00e0ria obligat\u00f2ria (Curs 2020\/2021)"},"content":{"rendered":"<blockquote class=\"twitter-tweet\">\n<p dir=\"ltr\" lang=\"ca\">? Ja s&#8217;acosta la <a href=\"https:\/\/twitter.com\/hashtag\/preinscripci%C3%B3?src=hash&amp;ref_src=twsrc%5Etfw\">#preinscripci\u00f3<\/a> a l&#8217;<a href=\"https:\/\/twitter.com\/hashtag\/educaci%C3%B3?src=hash&amp;ref_src=twsrc%5Etfw\">#educaci\u00f3<\/a> infantil (2n cicle), prim\u00e0ria i secund\u00e0ria obligat\u00f2ria<br \/>\n?\ufe0f Presentaci\u00f3 de sol\u00b7licituds: del 23 de mar\u00e7 a l&#8217;1 d&#8217;abril<br \/>\n\u2795 Info ? <a href=\"https:\/\/t.co\/9e90sQ0oR9\">https:\/\/t.co\/9e90sQ0oR9<\/a><a href=\"https:\/\/twitter.com\/hashtag\/ElFuturEtsTu?src=hash&amp;ref_src=twsrc%5Etfw\">#ElFuturEtsTu<\/a> <a href=\"https:\/\/twitter.com\/hashtag\/Preinscripci%C3%B3Escolar?src=hash&amp;ref_src=twsrc%5Etfw\">#Preinscripci\u00f3Escolar<\/a> <a href=\"https:\/\/t.co\/sShS17iTTU\">pic.twitter.com\/sShS17iTTU<\/a><\/p>\n<p>\u2014 Educaci\u00f3 (@educaciocat) <a href=\"https:\/\/twitter.com\/educaciocat\/status\/1236937761246130176?ref_src=twsrc%5Etfw\">March 9, 2020<\/a><\/p><\/blockquote>\n<p><script async src=\"https:\/\/platform.twitter.com\/widgets.js\" charset=\"utf-8\"><\/script><\/p>\n","protected":false},"excerpt":{"rendered":"<p>? Ja s&#8217;acosta la #preinscripci\u00f3 a l&#8217;#educaci\u00f3 infantil (2n cicle), prim\u00e0ria i secund\u00e0ria obligat\u00f2ria ?\ufe0f Presentaci\u00f3 de sol\u00b7licituds: del 23 de mar\u00e7 a l&#8217;1 d&#8217;abril \u2795 Info ? https:\/\/t.co\/9e90sQ0oR9#ElFuturEtsTu #Preinscripci\u00f3Escolar pic.twitter.com\/sShS17iTTU \u2014 Educaci\u00f3 (@educaciocat) March 9, 2020<\/p>\n","protected":false},"author":1,"featured_media":0,"comment_status":"open","ping_status":"closed","sticky":false,"template":"","format":"standard","meta":{"_bbp_topic_count":0,"_bbp_reply_count":0,"_bbp_total_topic_count":0,"_bbp_total_reply_count":0,"_bbp_voice_count":0,"_bbp_anonymous_reply_count":0,"_bbp_topic_count_hidden":0,"_bbp_reply_count_hidden":0,"_bbp_forum_subforum_count":0,"site-sidebar-layout":"default","site-content-layout":"","ast-site-content-layout":"","site-content-style":"default","site-sidebar-style":"default","ast-global-header-display":"","ast-banner-title-visibility":"","ast-main-header-display":"","ast-hfb-above-header-display":"","ast-hfb-below-header-display":"","ast-hfb-mobile-header-display":"","site-post-title":"","ast-breadcrumbs-content":"","ast-featured-img":"","footer-sml-layout":"","theme-transparent-header-meta":"","adv-header-id-meta":"","stick-header-meta":"","header-above-stick-meta":"","header-main-stick-meta":"","header-below-stick-meta":"","astra-migrate-meta-layouts":"default","ast-page-background-enabled":"default","ast-page-background-meta":{"desktop":{"background-color":"var(--ast-global-color-4)","background-image":"","background-repeat":"repeat","background-position":"center center","background-size":"auto","background-attachment":"scroll","background-type":"","background-media":"","overlay-type":"","overlay-color":"","overlay-opacity":"","overlay-gradient":""},"tablet":{"background-color":"","background-image":"","background-repeat":"repeat","background-position":"center center","background-size":"auto","background-attachment":"scroll","background-type":"","background-media":"","overlay-type":"","overlay-color":"","overlay-opacity":"","overlay-gradient":""},"mobile":{"background-color":"","background-image":"","background-repeat":"repeat","background-position":"center center","background-size":"auto","background-attachment":"scroll","background-type":"","background-media":"","overlay-type":"","overlay-color":"","overlay-opacity":"","overlay-gradient":""}},"ast-content-background-meta":{"desktop":{"background-color":"var(--ast-global-color-5)","background-image":"","background-repeat":"repeat","background-position":"center center","background-size":"auto","background-attachment":"scroll","background-type":"","background-media":"","overlay-type":"","overlay-color":"","overlay-opacity":"","overlay-gradient":""},"tablet":{"background-color":"var(--ast-global-color-5)","background-image":"","background-repeat":"repeat","background-position":"center center","background-size":"auto","background-attachment":"scroll","background-type":"","background-media":"","overlay-type":"","overlay-color":"","overlay-opacity":"","overlay-gradient":""},"mobile":{"background-color":"var(--ast-global-color-5)","background-image":"","background-repeat":"repeat","background-position":"center center","background-size":"auto","background-attachment":"scroll","background-type":"","background-media":"","overlay-type":"","overlay-color":"","overlay-opacity":"","overlay-gradient":""}},"footnotes":""},"categories":[1],"tags":[439,446,447,2261,2215],"class_list":["post-18291","post","type-post","status-publish","format-standard","hentry","category-politicaeducativa","tag-educacio-infantil","tag-educacio-primaria","tag-educacio-secundaria","tag-preinscripcio","tag-reporteducacio"],"post_mailing_queue_ids":[],"_links":{"self":[{"href":"https:\/\/serveiseducatius.xtec.cat\/baixllobregat6\/wp-json\/wp\/v2\/posts\/18291","targetHints":{"allow":["GET"]}}],"collection":[{"href":"https:\/\/serveiseducatius.xtec.cat\/baixllobregat6\/wp-json\/wp\/v2\/posts"}],"about":[{"href":"https:\/\/serveiseducatius.xtec.cat\/baixllobregat6\/wp-json\/wp\/v2\/types\/post"}],"author":[{"embeddable":true,"href":"https:\/\/serveiseducatius.xtec.cat\/baixllobregat6\/wp-json\/wp\/v2\/users\/1"}],"replies":[{"embeddable":true,"href":"https:\/\/serveiseducatius.xtec.cat\/baixllobregat6\/wp-json\/wp\/v2\/comments?post=18291"}],"version-history":[{"count":1,"href":"https:\/\/serveiseducatius.xtec.cat\/baixllobregat6\/wp-json\/wp\/v2\/posts\/18291\/revisions"}],"predecessor-version":[{"id":18292,"href":"https:\/\/serveiseducatius.xtec.cat\/baixllobregat6\/wp-json\/wp\/v2\/posts\/18291\/revisions\/18292"}],"wp:attachment":[{"href":"https:\/\/serveiseducatius.xtec.cat\/baixllobregat6\/wp-json\/wp\/v2\/media?parent=18291"}],"wp:term":[{"taxonomy":"category","embeddable":true,"href":"https:\/\/serveiseducatius.xtec.cat\/baixllobregat6\/wp-json\/wp\/v2\/categories?post=18291"},{"taxonomy":"post_tag","embeddable":true,"href":"https:\/\/serveiseducatius.xtec.cat\/baixllobregat6\/wp-json\/wp\/v2\/tags?post=18291"}],"curies":[{"name":"wp","href":"https:\/\/api.w.org\/{rel}","templated":true}]}}