{"id":18179,"date":"2020-02-27T12:42:23","date_gmt":"2020-02-27T11:42:23","guid":{"rendered":"http:\/\/serveiseducatius.xtec.cat\/baixllobregat6\/?p=18179"},"modified":"2020-02-28T10:08:08","modified_gmt":"2020-02-28T09:08:08","slug":"8-de-marc-dia-internacional-de-les-dones","status":"publish","type":"post","link":"https:\/\/serveiseducatius.xtec.cat\/baixllobregat6\/se-baixllobregat6\/8-de-marc-dia-internacional-de-les-dones\/","title":{"rendered":"8 de mar\u00e7. Dia Internacional de les Dones"},"content":{"rendered":"<div class=\"ast-oembed-container \" style=\"height: 100%;\"><iframe loading=\"lazy\" title=\"Can\u00e7\u00f3 de fer cam\u00ed - Mireia Vives, Borja Penalba, Berta I\u00f1\u00edguez i Ovidi3 al Palau Sant Jordi\" width=\"500\" height=\"281\" src=\"https:\/\/www.youtube.com\/embed\/U5dQ58LqLzo?feature=oembed\" frameborder=\"0\" allow=\"accelerometer; autoplay; clipboard-write; encrypted-media; gyroscope; picture-in-picture; web-share\" referrerpolicy=\"strict-origin-when-cross-origin\" allowfullscreen><\/iframe><\/div>\n<p><span style=\"color: #800080;\">Des del Departament d\u2019Educaci\u00f3 impulsem la commemoraci\u00f3 del\u00a0<a style=\"color: #800080;\" href=\"http:\/\/dones.gencat.cat\/ca\/ambits\/sensibilitzacio\/campanyes\/dia_internacional_dones\/origen_dia_internacional_dones\/\" target=\"_blank\" rel=\"noopener noreferrer\">Dia internacional de les dones<\/a>\u00a0proposant activitats per visibilitzar i conscienciar l\u2019alumnat i tota la comunitat educativa sobre els drets de les dones. Amb aquest objectiu, ens fem nostre el lema de les Nacions Unides per al 8 de mar\u00e7 de 2020:\u00a0<strong>S\u00f3c de la generaci\u00f3 igualtat: pels drets de les dones<\/strong><em>,<\/em> que ens convida a reflexionar i actuar per apoderar les nenes, les noies, les dones i fomentar l\u2019equitat entre tots i totes. Trobareu tota informaci\u00f3 <a style=\"color: #800080;\" href=\"http:\/\/xtec.gencat.cat\/ca\/centres\/celebracions\/2020\/dia-internacional-de-les-dones-2020\/\" target=\"_blank\" rel=\"noopener noreferrer\">clicant aqu\u00ed<\/a>.<\/span><\/p>\n<p><!--more--><\/p>\n<p><span style=\"color: #800080;\">Aix\u00ed mateix en clau m\u00e9s divulgativa que did\u00e0ctica, <a style=\"color: #800080;\" href=\"https:\/\/beteve.cat\/dia-internacional-de-les-dones\/\" target=\"_blank\" rel=\"noopener noreferrer\">betev\u00e9<\/a> disposa d&#8217;un espai informatiu i documental que tamb\u00e9 pot resultar interessant per al tractament educatiu de la lluita feminista.<\/span><\/p>\n<p><span style=\"color: #800080;\">El v\u00eddeo que encap\u00e7ala aquest apunt correspon a la interpretaci\u00f3 del poema de Maria Merc\u00e8 Mar\u00e7al\u00a0 &#8220;<strong>Can\u00e7\u00f3 de fer cam\u00ed<\/strong>&#8220;, feta\u00a0 per Mireia Vives, Borja Penalba, Berta I\u00f1\u00edguez i Ovidi3 en viu al concert &#8220;<em><strong>Volem acollir<\/strong><\/em>&#8221; que va tenir lloc l&#8217;11 de febrer al Palau Sant Jordi de Barcelona.<\/span><\/p>\n<p>&nbsp;<\/p>\n<p style=\"text-align: center;\"><strong><span style=\"color: #800080;\">Vols venir a la meva barca?<\/span><\/strong><br \/>\n<strong><span style=\"color: #800080;\">-Hi ha violetes, a desdir!<\/span><\/strong><br \/>\n<strong><span style=\"color: #800080;\">anirem lluny sense recan\u00e7a<\/span><\/strong><br \/>\n<strong><span style=\"color: #800080;\">d\u2019all\u00f2 que haurem deixat aqu\u00ed.<\/span><\/strong><\/p>\n<p style=\"text-align: center;\"><strong><span style=\"color: #800080;\">Anirem lluny sense recan\u00e7a<\/span><\/strong><br \/>\n<strong><span style=\"color: #800080;\">-i serem dues, serem tres.<\/span><\/strong><br \/>\n<strong><span style=\"color: #800080;\">Veniu, veniu, a la nostra barca,<\/span><\/strong><br \/>\n<strong><span style=\"color: #800080;\">les veles altes, el cel obert.<\/span><\/strong><\/p>\n<p style=\"text-align: center;\"><strong><span style=\"color: #800080;\">Hi haur\u00e0 rems per a tots els bra\u00e7os<\/span><\/strong><br \/>\n<strong><span style=\"color: #800080;\">-i serem quatre, serem cinc!-<\/span><\/strong><br \/>\n<strong><span style=\"color: #800080;\">i els nostres ulls, estels esparsos,<\/span><\/strong><br \/>\n<strong><span style=\"color: #800080;\">oblidaran tots els confins.<\/span><\/strong><\/p>\n<p style=\"text-align: center;\"><strong><span style=\"color: #800080;\">Partim pel mar\u00e7 amb la ventada,<\/span><\/strong><br \/>\n<strong><span style=\"color: #800080;\">i amb n\u00favols de cor trasbalsat.<\/span><\/strong><br \/>\n<strong><span style=\"color: #800080;\">S\u00ed, serem vint, serem quaranta,<\/span><\/strong><br \/>\n<strong><span style=\"color: #800080;\">amb la lluna per estendard.<\/span><\/strong><\/p>\n<p style=\"text-align: center;\"><strong><span style=\"color: #800080;\">Bruixes d\u2019ahir, bruixes del dia,<\/span><\/strong><br \/>\n<strong><span style=\"color: #800080;\">ens trobarem a plena mar.<\/span><\/strong><br \/>\n<strong><span style=\"color: #800080;\">Arreu s\u2019escampar\u00e0 la vida<\/span><\/strong><br \/>\n<strong><span style=\"color: #800080;\">com una dansa vegetal.<\/span><\/strong><\/p>\n<p style=\"text-align: center;\"><strong><span style=\"color: #800080;\">Dins la pell de l\u2019ona salada<\/span><\/strong><br \/>\n<strong><span style=\"color: #800080;\">serem cinc-centes, serem mil.<\/span><\/strong><br \/>\n<strong><span style=\"color: #800080;\">Perdrem el compte a la tombada.<\/span><\/strong><br \/>\n<strong><span style=\"color: #800080;\">Juntes farem nostra la nit.<\/span><\/strong><\/p>\n<p>Maria Merc\u00e8 Mar\u00e7al. (Ivars d\u2019Urgell, el Pla d\u2019Urgell, 13 de novembre de 1952 \u2013 Barcelona, 5 de juliol de 1998) Poeta, traductora i narradora.<\/p>\n","protected":false},"excerpt":{"rendered":"<p>Des del Departament d\u2019Educaci\u00f3 impulsem la commemoraci\u00f3 del\u00a0Dia internacional de les dones\u00a0proposant activitats per visibilitzar i conscienciar l\u2019alumnat i tota la comunitat educativa sobre els drets de les dones. Amb aquest objectiu, ens fem nostre el lema de les Nacions Unides per al 8 de mar\u00e7 de 2020:\u00a0S\u00f3c de la generaci\u00f3 igualtat: pels drets de [&hellip;]<\/p>\n","protected":false},"author":1,"featured_media":18180,"comment_status":"open","ping_status":"closed","sticky":false,"template":"","format":"standard","meta":{"_bbp_topic_count":0,"_bbp_reply_count":0,"_bbp_total_topic_count":0,"_bbp_total_reply_count":0,"_bbp_voice_count":0,"_bbp_anonymous_reply_count":0,"_bbp_topic_count_hidden":0,"_bbp_reply_count_hidden":0,"_bbp_forum_subforum_count":0,"site-sidebar-layout":"default","site-content-layout":"","ast-site-content-layout":"","site-content-style":"default","site-sidebar-style":"default","ast-global-header-display":"","ast-banner-title-visibility":"","ast-main-header-display":"","ast-hfb-above-header-display":"","ast-hfb-below-header-display":"","ast-hfb-mobile-header-display":"","site-post-title":"","ast-breadcrumbs-content":"","ast-featured-img":"","footer-sml-layout":"","theme-transparent-header-meta":"","adv-header-id-meta":"","stick-header-meta":"","header-above-stick-meta":"","header-main-stick-meta":"","header-below-stick-meta":"","astra-migrate-meta-layouts":"default","ast-page-background-enabled":"default","ast-page-background-meta":{"desktop":{"background-color":"var(--ast-global-color-4)","background-image":"","background-repeat":"repeat","background-position":"center center","background-size":"auto","background-attachment":"scroll","background-type":"","background-media":"","overlay-type":"","overlay-color":"","overlay-opacity":"","overlay-gradient":""},"tablet":{"background-color":"","background-image":"","background-repeat":"repeat","background-position":"center center","background-size":"auto","background-attachment":"scroll","background-type":"","background-media":"","overlay-type":"","overlay-color":"","overlay-opacity":"","overlay-gradient":""},"mobile":{"background-color":"","background-image":"","background-repeat":"repeat","background-position":"center center","background-size":"auto","background-attachment":"scroll","background-type":"","background-media":"","overlay-type":"","overlay-color":"","overlay-opacity":"","overlay-gradient":""}},"ast-content-background-meta":{"desktop":{"background-color":"var(--ast-global-color-5)","background-image":"","background-repeat":"repeat","background-position":"center center","background-size":"auto","background-attachment":"scroll","background-type":"","background-media":"","overlay-type":"","overlay-color":"","overlay-opacity":"","overlay-gradient":""},"tablet":{"background-color":"var(--ast-global-color-5)","background-image":"","background-repeat":"repeat","background-position":"center center","background-size":"auto","background-attachment":"scroll","background-type":"","background-media":"","overlay-type":"","overlay-color":"","overlay-opacity":"","overlay-gradient":""},"mobile":{"background-color":"var(--ast-global-color-5)","background-image":"","background-repeat":"repeat","background-position":"center center","background-size":"auto","background-attachment":"scroll","background-type":"","background-media":"","overlay-type":"","overlay-color":"","overlay-opacity":"","overlay-gradient":""}},"footnotes":""},"categories":[176,29],"tags":[1970,324,1959,539,1960,2215,1516],"class_list":["post-18179","post","type-post","status-publish","format-standard","has-post-thumbnail","hentry","category-dinamica-educativa-sant-vicenc-dels-horts","category-se-baixllobregat6","tag-8-de-marc","tag-coeducacio","tag-dia-internacional-de-les-dones","tag-feminisme","tag-genere","tag-reporteducacio","tag-sexe"],"post_mailing_queue_ids":[],"_links":{"self":[{"href":"https:\/\/serveiseducatius.xtec.cat\/baixllobregat6\/wp-json\/wp\/v2\/posts\/18179","targetHints":{"allow":["GET"]}}],"collection":[{"href":"https:\/\/serveiseducatius.xtec.cat\/baixllobregat6\/wp-json\/wp\/v2\/posts"}],"about":[{"href":"https:\/\/serveiseducatius.xtec.cat\/baixllobregat6\/wp-json\/wp\/v2\/types\/post"}],"author":[{"embeddable":true,"href":"https:\/\/serveiseducatius.xtec.cat\/baixllobregat6\/wp-json\/wp\/v2\/users\/1"}],"replies":[{"embeddable":true,"href":"https:\/\/serveiseducatius.xtec.cat\/baixllobregat6\/wp-json\/wp\/v2\/comments?post=18179"}],"version-history":[{"count":4,"href":"https:\/\/serveiseducatius.xtec.cat\/baixllobregat6\/wp-json\/wp\/v2\/posts\/18179\/revisions"}],"predecessor-version":[{"id":18196,"href":"https:\/\/serveiseducatius.xtec.cat\/baixllobregat6\/wp-json\/wp\/v2\/posts\/18179\/revisions\/18196"}],"wp:featuredmedia":[{"embeddable":true,"href":"https:\/\/serveiseducatius.xtec.cat\/baixllobregat6\/wp-json\/wp\/v2\/media\/18180"}],"wp:attachment":[{"href":"https:\/\/serveiseducatius.xtec.cat\/baixllobregat6\/wp-json\/wp\/v2\/media?parent=18179"}],"wp:term":[{"taxonomy":"category","embeddable":true,"href":"https:\/\/serveiseducatius.xtec.cat\/baixllobregat6\/wp-json\/wp\/v2\/categories?post=18179"},{"taxonomy":"post_tag","embeddable":true,"href":"https:\/\/serveiseducatius.xtec.cat\/baixllobregat6\/wp-json\/wp\/v2\/tags?post=18179"}],"curies":[{"name":"wp","href":"https:\/\/api.w.org\/{rel}","templated":true}]}}