{"id":18157,"date":"2020-02-26T13:51:28","date_gmt":"2020-02-26T12:51:28","guid":{"rendered":"http:\/\/serveiseducatius.xtec.cat\/baixllobregat6\/?p=18157"},"modified":"2020-02-26T13:53:14","modified_gmt":"2020-02-26T12:53:14","slug":"llibres-dartista-taller-al-voltant-de-lobra-de-katsumi-komagata","status":"publish","type":"post","link":"https:\/\/serveiseducatius.xtec.cat\/baixllobregat6\/se-baixllobregat6\/llibres-dartista-taller-al-voltant-de-lobra-de-katsumi-komagata\/","title":{"rendered":"Llibres d&#8217;artista: taller al voltant de l&#8217;obra de Katsumi Komagata"},"content":{"rendered":"<p><img loading=\"lazy\" decoding=\"async\" class=\"alignnone size-full wp-image-18162\" src=\"https:\/\/serveiseducatius.xtec.cat\/baixllobregat6\/wp-content\/uploads\/usu778\/2020\/02\/Komagata01.jpg\" alt=\"\" width=\"900\" height=\"516\" srcset=\"https:\/\/serveiseducatius.xtec.cat\/baixllobregat6\/wp-content\/uploads\/usu778\/2020\/02\/Komagata01.jpg 900w, https:\/\/serveiseducatius.xtec.cat\/baixllobregat6\/wp-content\/uploads\/usu778\/2020\/02\/Komagata01-520x298.jpg 520w, https:\/\/serveiseducatius.xtec.cat\/baixllobregat6\/wp-content\/uploads\/usu778\/2020\/02\/Komagata01-768x440.jpg 768w\" sizes=\"auto, (max-width: 900px) 100vw, 900px\" \/><\/p>\n<p>En el marc de les comunitats de pr\u00e0ctica d&#8217;educaci\u00f3 infantil i de biblioteques escolars la Desir\u00e9e Grif\u00e9 i el <a href=\"https:\/\/jaumecentelles.cat\/\" target=\"_blank\" rel=\"noopener noreferrer\">Jaume Centelles<\/a> van oferir un taller de com introduir i treballar els <strong>llibres d&#8217;artista<\/strong> o <em>llibres objecte<\/em> a l&#8217;aula, a partir de l&#8217;obra de l&#8217;il\u00b7lustrador japon\u00e8s <a href=\"http:\/\/revistababar.com\/wp\/entrevista-a-katsumi-komagata\/\" target=\"_blank\" rel=\"noopener noreferrer\">Katsumi Komagata<\/a>.<\/p>\n<p>Qu\u00e8 ens diu <a href=\"https:\/\/www.clijcat.cat\/faristol\/descargas\/87\/2_87.pdf\" target=\"_blank\" rel=\"noopener noreferrer\">Pascal Humbert<\/a> sobre els llibres d&#8217;artista?<\/p>\n<blockquote><p>Els llibres d&#8217;artista s\u00f3n llibres creats com a obres d&#8217;art originals i normalment en edicions limitades.<\/p>\n<p>Obres d&#8217;art en forma de llibre, on el llibre nom\u00e9s \u00e9s un suport i en la creaci\u00f3 del qual es poden utilitzar infinites t\u00e8cniques i amb diverses intencions comunicatives.<!--more--><\/p>\n<p>Aquest tipus de llibres, amb text o sense, amb narraci\u00f3 oberta o tancada, permeten una major estimulaci\u00f3 de les capacitats imaginatives dels nostres infants i dels adults, ja que m\u00e9s que explicar suggereixen. Aix\u00ed, no nom\u00e9s som els oients de la hist\u00f2ria, sin\u00f3 que esdevenim narradors de la nostra pr\u00f2pia hist\u00f2ria.<\/p><\/blockquote>\n<p>Es van presentar obres de Bruno Munari i de Katsumi Komagata, del qual es feu una especial incid\u00e8ncia sobre la s\u00e8rie <a href=\"https:\/\/drive.google.com\/file\/d\/1vrWHOTysY_izjYqiLtQvHrWUpMuGiWIW\/view?usp=sharing\" target=\"_blank\" rel=\"noopener noreferrer\"><strong>Little Eyes<\/strong><\/a>.<\/p>\n<p><img loading=\"lazy\" decoding=\"async\" class=\"size-large wp-image-18158 aligncenter\" src=\"https:\/\/serveiseducatius.xtec.cat\/baixllobregat6\/wp-content\/uploads\/usu778\/2020\/02\/little_eye_chart-1024x580.jpg\" alt=\"\" width=\"1024\" height=\"580\" srcset=\"https:\/\/serveiseducatius.xtec.cat\/baixllobregat6\/wp-content\/uploads\/usu778\/2020\/02\/little_eye_chart-1024x580.jpg 1024w, https:\/\/serveiseducatius.xtec.cat\/baixllobregat6\/wp-content\/uploads\/usu778\/2020\/02\/little_eye_chart-520x295.jpg 520w, https:\/\/serveiseducatius.xtec.cat\/baixllobregat6\/wp-content\/uploads\/usu778\/2020\/02\/little_eye_chart-768x435.jpg 768w, https:\/\/serveiseducatius.xtec.cat\/baixllobregat6\/wp-content\/uploads\/usu778\/2020\/02\/little_eye_chart.jpg 1029w\" sizes=\"auto, (max-width: 1024px) 100vw, 1024px\" \/><\/p>\n<p>La Desir\u00e9e i en Jaume van explicar com presentar i explotar a l&#8217;aula aquests llibres tan singulars i ensenyar algunes de les obres fetes per alumnes seguint l&#8217;estil de l&#8217;il\u00b7lustrador japon\u00e8s<\/p>\n<p style=\"text-align: left;\">Per acabar la sessi\u00f3 van proposar a les mestres de fer una creaci\u00f3 seguint l&#8217;estil d&#8217;en Komagata:<\/p>\n<table class=\" aligncenter\" style=\"width: 608px;\">\n<tbody>\n<tr>\n<td style=\"width: 299.52px;\"><img loading=\"lazy\" decoding=\"async\" class=\"alignnone size-full wp-image-18171\" src=\"https:\/\/serveiseducatius.xtec.cat\/baixllobregat6\/wp-content\/uploads\/usu778\/2020\/02\/IMG_5504.png\" alt=\"\" width=\"350\" height=\"262\" srcset=\"https:\/\/serveiseducatius.xtec.cat\/baixllobregat6\/wp-content\/uploads\/usu778\/2020\/02\/IMG_5504.png 350w, https:\/\/serveiseducatius.xtec.cat\/baixllobregat6\/wp-content\/uploads\/usu778\/2020\/02\/IMG_5504-200x150.png 200w\" sizes=\"auto, (max-width: 350px) 100vw, 350px\" \/><\/td>\n<td style=\"width: 300.16px;\"><img loading=\"lazy\" decoding=\"async\" class=\"alignnone size-full wp-image-18164\" src=\"https:\/\/serveiseducatius.xtec.cat\/baixllobregat6\/wp-content\/uploads\/usu778\/2020\/02\/Komagata03.jpg\" alt=\"\" width=\"300\" height=\"225\" srcset=\"https:\/\/serveiseducatius.xtec.cat\/baixllobregat6\/wp-content\/uploads\/usu778\/2020\/02\/Komagata03.jpg 300w, https:\/\/serveiseducatius.xtec.cat\/baixllobregat6\/wp-content\/uploads\/usu778\/2020\/02\/Komagata03-200x150.jpg 200w\" sizes=\"auto, (max-width: 300px) 100vw, 300px\" \/><\/td>\n<\/tr>\n<tr>\n<td style=\"width: 299.52px;\"><img loading=\"lazy\" decoding=\"async\" class=\"alignnone size-full wp-image-18165\" src=\"https:\/\/serveiseducatius.xtec.cat\/baixllobregat6\/wp-content\/uploads\/usu778\/2020\/02\/Komagata04.jpg\" alt=\"\" width=\"300\" height=\"225\" srcset=\"https:\/\/serveiseducatius.xtec.cat\/baixllobregat6\/wp-content\/uploads\/usu778\/2020\/02\/Komagata04.jpg 300w, https:\/\/serveiseducatius.xtec.cat\/baixllobregat6\/wp-content\/uploads\/usu778\/2020\/02\/Komagata04-200x150.jpg 200w\" sizes=\"auto, (max-width: 300px) 100vw, 300px\" \/><\/td>\n<td style=\"width: 300.16px;\"><img loading=\"lazy\" decoding=\"async\" class=\"alignnone size-full wp-image-18172\" src=\"https:\/\/serveiseducatius.xtec.cat\/baixllobregat6\/wp-content\/uploads\/usu778\/2020\/02\/IMG_5521.png\" alt=\"\" width=\"350\" height=\"262\" srcset=\"https:\/\/serveiseducatius.xtec.cat\/baixllobregat6\/wp-content\/uploads\/usu778\/2020\/02\/IMG_5521.png 350w, https:\/\/serveiseducatius.xtec.cat\/baixllobregat6\/wp-content\/uploads\/usu778\/2020\/02\/IMG_5521-200x150.png 200w\" sizes=\"auto, (max-width: 350px) 100vw, 350px\" \/><\/td>\n<\/tr>\n<tr>\n<td style=\"width: 299.52px;\"><img loading=\"lazy\" decoding=\"async\" class=\"alignnone size-full wp-image-18167\" src=\"https:\/\/serveiseducatius.xtec.cat\/baixllobregat6\/wp-content\/uploads\/usu778\/2020\/02\/Komagata06.jpg\" alt=\"\" width=\"300\" height=\"225\" srcset=\"https:\/\/serveiseducatius.xtec.cat\/baixllobregat6\/wp-content\/uploads\/usu778\/2020\/02\/Komagata06.jpg 300w, https:\/\/serveiseducatius.xtec.cat\/baixllobregat6\/wp-content\/uploads\/usu778\/2020\/02\/Komagata06-200x150.jpg 200w\" sizes=\"auto, (max-width: 300px) 100vw, 300px\" \/><\/td>\n<td style=\"width: 300.16px;\"><img loading=\"lazy\" decoding=\"async\" class=\"alignnone size-full wp-image-18168\" src=\"https:\/\/serveiseducatius.xtec.cat\/baixllobregat6\/wp-content\/uploads\/usu778\/2020\/02\/Komagata07.jpg\" alt=\"\" width=\"300\" height=\"225\" srcset=\"https:\/\/serveiseducatius.xtec.cat\/baixllobregat6\/wp-content\/uploads\/usu778\/2020\/02\/Komagata07.jpg 300w, https:\/\/serveiseducatius.xtec.cat\/baixllobregat6\/wp-content\/uploads\/usu778\/2020\/02\/Komagata07-200x150.jpg 200w\" sizes=\"auto, (max-width: 300px) 100vw, 300px\" \/><\/td>\n<\/tr>\n<\/tbody>\n<\/table>\n<p><a href=\"https:\/\/photos.app.goo.gl\/81s6Quw5eEVkeuMy7\" target=\"_blank\" rel=\"noopener noreferrer\">| Reportatge de la sessi\u00f3 |<\/a><\/p>\n","protected":false},"excerpt":{"rendered":"<p>En el marc de les comunitats de pr\u00e0ctica d&#8217;educaci\u00f3 infantil i de biblioteques escolars la Desir\u00e9e Grif\u00e9 i el Jaume Centelles van oferir un taller de com introduir i treballar els llibres d&#8217;artista o llibres objecte a l&#8217;aula, a partir de l&#8217;obra de l&#8217;il\u00b7lustrador japon\u00e8s Katsumi Komagata. Qu\u00e8 ens diu Pascal Humbert sobre els llibres [&hellip;]<\/p>\n","protected":false},"author":1,"featured_media":18162,"comment_status":"open","ping_status":"closed","sticky":false,"template":"","format":"standard","meta":{"_bbp_topic_count":0,"_bbp_reply_count":0,"_bbp_total_topic_count":0,"_bbp_total_reply_count":0,"_bbp_voice_count":0,"_bbp_anonymous_reply_count":0,"_bbp_topic_count_hidden":0,"_bbp_reply_count_hidden":0,"_bbp_forum_subforum_count":0,"site-sidebar-layout":"default","site-content-layout":"","ast-site-content-layout":"","site-content-style":"default","site-sidebar-style":"default","ast-global-header-display":"","ast-banner-title-visibility":"","ast-main-header-display":"","ast-hfb-above-header-display":"","ast-hfb-below-header-display":"","ast-hfb-mobile-header-display":"","site-post-title":"","ast-breadcrumbs-content":"","ast-featured-img":"","footer-sml-layout":"","theme-transparent-header-meta":"","adv-header-id-meta":"","stick-header-meta":"","header-above-stick-meta":"","header-main-stick-meta":"","header-below-stick-meta":"","astra-migrate-meta-layouts":"default","ast-page-background-enabled":"default","ast-page-background-meta":{"desktop":{"background-color":"var(--ast-global-color-4)","background-image":"","background-repeat":"repeat","background-position":"center center","background-size":"auto","background-attachment":"scroll","background-type":"","background-media":"","overlay-type":"","overlay-color":"","overlay-opacity":"","overlay-gradient":""},"tablet":{"background-color":"","background-image":"","background-repeat":"repeat","background-position":"center center","background-size":"auto","background-attachment":"scroll","background-type":"","background-media":"","overlay-type":"","overlay-color":"","overlay-opacity":"","overlay-gradient":""},"mobile":{"background-color":"","background-image":"","background-repeat":"repeat","background-position":"center center","background-size":"auto","background-attachment":"scroll","background-type":"","background-media":"","overlay-type":"","overlay-color":"","overlay-opacity":"","overlay-gradient":""}},"ast-content-background-meta":{"desktop":{"background-color":"var(--ast-global-color-5)","background-image":"","background-repeat":"repeat","background-position":"center center","background-size":"auto","background-attachment":"scroll","background-type":"","background-media":"","overlay-type":"","overlay-color":"","overlay-opacity":"","overlay-gradient":""},"tablet":{"background-color":"var(--ast-global-color-5)","background-image":"","background-repeat":"repeat","background-position":"center center","background-size":"auto","background-attachment":"scroll","background-type":"","background-media":"","overlay-type":"","overlay-color":"","overlay-opacity":"","overlay-gradient":""},"mobile":{"background-color":"var(--ast-global-color-5)","background-image":"","background-repeat":"repeat","background-position":"center center","background-size":"auto","background-attachment":"scroll","background-type":"","background-media":"","overlay-type":"","overlay-color":"","overlay-opacity":"","overlay-gradient":""}},"footnotes":""},"categories":[2213,29,1071],"tags":[215,270,272,2091,439,449,2151,2248],"class_list":["post-18157","post","type-post","status-publish","format-standard","has-post-thumbnail","hentry","category-coordinacio-0-6","category-se-baixllobregat6","category-seminari-de-biblioteques-escolars","tag-albums-illustrats","tag-biblioteca","tag-biblioteca-escolar","tag-creativitat","tag-educacio-infantil","tag-educacio-visual-i-plastica","tag-ei06","tag-llibres-dautor"],"post_mailing_queue_ids":[],"_links":{"self":[{"href":"https:\/\/serveiseducatius.xtec.cat\/baixllobregat6\/wp-json\/wp\/v2\/posts\/18157","targetHints":{"allow":["GET"]}}],"collection":[{"href":"https:\/\/serveiseducatius.xtec.cat\/baixllobregat6\/wp-json\/wp\/v2\/posts"}],"about":[{"href":"https:\/\/serveiseducatius.xtec.cat\/baixllobregat6\/wp-json\/wp\/v2\/types\/post"}],"author":[{"embeddable":true,"href":"https:\/\/serveiseducatius.xtec.cat\/baixllobregat6\/wp-json\/wp\/v2\/users\/1"}],"replies":[{"embeddable":true,"href":"https:\/\/serveiseducatius.xtec.cat\/baixllobregat6\/wp-json\/wp\/v2\/comments?post=18157"}],"version-history":[{"count":3,"href":"https:\/\/serveiseducatius.xtec.cat\/baixllobregat6\/wp-json\/wp\/v2\/posts\/18157\/revisions"}],"predecessor-version":[{"id":18176,"href":"https:\/\/serveiseducatius.xtec.cat\/baixllobregat6\/wp-json\/wp\/v2\/posts\/18157\/revisions\/18176"}],"wp:featuredmedia":[{"embeddable":true,"href":"https:\/\/serveiseducatius.xtec.cat\/baixllobregat6\/wp-json\/wp\/v2\/media\/18162"}],"wp:attachment":[{"href":"https:\/\/serveiseducatius.xtec.cat\/baixllobregat6\/wp-json\/wp\/v2\/media?parent=18157"}],"wp:term":[{"taxonomy":"category","embeddable":true,"href":"https:\/\/serveiseducatius.xtec.cat\/baixllobregat6\/wp-json\/wp\/v2\/categories?post=18157"},{"taxonomy":"post_tag","embeddable":true,"href":"https:\/\/serveiseducatius.xtec.cat\/baixllobregat6\/wp-json\/wp\/v2\/tags?post=18157"}],"curies":[{"name":"wp","href":"https:\/\/api.w.org\/{rel}","templated":true}]}}