{"id":18115,"date":"2020-02-10T18:47:14","date_gmt":"2020-02-10T17:47:14","guid":{"rendered":"http:\/\/serveiseducatius.xtec.cat\/baixllobregat6\/?p=18115"},"modified":"2020-02-10T19:00:58","modified_gmt":"2020-02-10T18:00:58","slug":"economies-feministes-a-laula-transformar-lescola-per-a-posar-la-vida-al-centre","status":"publish","type":"post","link":"https:\/\/serveiseducatius.xtec.cat\/baixllobregat6\/se-baixllobregat6\/economies-feministes-a-laula-transformar-lescola-per-a-posar-la-vida-al-centre\/","title":{"rendered":"Economies Feministes a l\u2019aula, Transformar l\u2019Escola per a posar la Vida al Centre"},"content":{"rendered":"<p><a title=\"Acc\u00e9s al programa i a les inscripcions (cliqueu sobre el cartell)\" href=\"https:\/\/serveiseducatius.xtec.cat\/baixllobregat6\/?p=18115&amp;preview=true\" target=\"_blank\" rel=\"noopener noreferrer\"><img loading=\"lazy\" decoding=\"async\" class=\"alignnone size-large wp-image-18117\" src=\"https:\/\/serveiseducatius.xtec.cat\/baixllobregat6\/wp-content\/uploads\/usu778\/2020\/02\/poster_economiesfeministes_alta-scaled-724x1024.jpg\" alt=\"\" width=\"724\" height=\"1024\" srcset=\"https:\/\/serveiseducatius.xtec.cat\/baixllobregat6\/wp-content\/uploads\/usu778\/2020\/02\/poster_economiesfeministes_alta-scaled-724x1024.jpg 724w, https:\/\/serveiseducatius.xtec.cat\/baixllobregat6\/wp-content\/uploads\/usu778\/2020\/02\/poster_economiesfeministes_alta-scaled-368x520.jpg 368w, https:\/\/serveiseducatius.xtec.cat\/baixllobregat6\/wp-content\/uploads\/usu778\/2020\/02\/poster_economiesfeministes_alta-scaled-768x1086.jpg 768w, https:\/\/serveiseducatius.xtec.cat\/baixllobregat6\/wp-content\/uploads\/usu778\/2020\/02\/poster_economiesfeministes_alta-scaled.jpg 1810w\" sizes=\"auto, (max-width: 724px) 100vw, 724px\" \/><\/a><\/p>\n<p><!--more--><\/p>\n<p><strong>PROGRAMA<\/strong><br \/>\n<strong>Divendres 28 de febrer 2020<\/strong><\/p>\n<blockquote><p>16h30 Arribada relaxada, te i caf\u00e8<br \/>\n17h Registre i benvinguda<br \/>\n17h30 L\u2019Economia Feminista a l\u2019aula<\/p><\/blockquote>\n<p>El Bon Viure com a horitz\u00f3 global | Reflexions des del local a lo global | El potencial educatiu i transformador de pensar l\u2019economia des del feminisme<\/p>\n<blockquote><p>19h30 Activitat de relacions<\/p><\/blockquote>\n<p><strong>Dissabte 29 de febrer 2020<\/strong><\/p>\n<blockquote><p>9h30 Arribada relaxada i esmorzar<br \/>\n10h Benvinguda<br \/>\n10h30 Tallers d\u2019experi\u00e8ncies, materials i recursos educatius<br \/>\n12h30 Dinar | Espai de trobada<br \/>\n14h30 Taula de debat sobre articulaci\u00f3 de propostes, incid\u00e8ncia i den\u00fancia<\/p><\/blockquote>\n<p>Curr\u00edculum i itineraris per a posar la vida al centre | La cura i la comunitat educativa, situaci\u00f3 del professorat, implicaci\u00f3 de les fam\u00edlies | La l\u00f2gica capitalista a l\u2019educaci\u00f3: innovaci\u00f3 i compet\u00e8ncia<\/p>\n<blockquote><p><strong>16h00 Taller de continu\u00eftat | Berenar<\/strong><\/p><\/blockquote>\n<p>Tancament de les jornades des de la proximitat. Propostes de continu\u00eftat i acompanyament<\/p>\n<h4><span style=\"color: #ff0000;\"><a style=\"color: #ff0000;\" href=\"http:\/\/limesurvey.edualter.org\/index.php\/797442?newtest=Y&amp;lang=ca\" target=\"_blank\" rel=\"noopener noreferrer\">Inscripcions aqu\u00ed<\/a><\/span><\/h4>\n<p><strong>M\u00e9s informaci\u00f3:<br \/>\n<\/strong><a href=\"http:\/\/www.edualter.org\" target=\"_blank\" rel=\"noopener noreferrer\">www.edualter.org<\/a><br \/>\n<a href=\"mailto:edualter@pangea.org\" target=\"_blank\" rel=\"noopener noreferrer\">edualter@pangea.org<\/a><br \/>\n<a href=\"https:\/\/twitter.com\/edualter\" target=\"_blank\" rel=\"noopener noreferrer\">@edualter.org<\/a><\/p>\n<p>&nbsp;<\/p>\n<p><img loading=\"lazy\" decoding=\"async\" class=\"alignnone size-large wp-image-18116\" src=\"https:\/\/serveiseducatius.xtec.cat\/baixllobregat6\/wp-content\/uploads\/usu778\/2020\/02\/bannerinerior-1024x128.jpg\" alt=\"\" width=\"1024\" height=\"128\" srcset=\"https:\/\/serveiseducatius.xtec.cat\/baixllobregat6\/wp-content\/uploads\/usu778\/2020\/02\/bannerinerior-1024x128.jpg 1024w, https:\/\/serveiseducatius.xtec.cat\/baixllobregat6\/wp-content\/uploads\/usu778\/2020\/02\/bannerinerior-520x65.jpg 520w, https:\/\/serveiseducatius.xtec.cat\/baixllobregat6\/wp-content\/uploads\/usu778\/2020\/02\/bannerinerior-768x96.jpg 768w, https:\/\/serveiseducatius.xtec.cat\/baixllobregat6\/wp-content\/uploads\/usu778\/2020\/02\/bannerinerior.jpg 1333w\" sizes=\"auto, (max-width: 1024px) 100vw, 1024px\" \/><\/p>\n","protected":false},"excerpt":{"rendered":"","protected":false},"author":1,"featured_media":18120,"comment_status":"open","ping_status":"closed","sticky":false,"template":"","format":"standard","meta":{"_bbp_topic_count":0,"_bbp_reply_count":0,"_bbp_total_topic_count":0,"_bbp_total_reply_count":0,"_bbp_voice_count":0,"_bbp_anonymous_reply_count":0,"_bbp_topic_count_hidden":0,"_bbp_reply_count_hidden":0,"_bbp_forum_subforum_count":0,"site-sidebar-layout":"default","site-content-layout":"","ast-site-content-layout":"","site-content-style":"default","site-sidebar-style":"default","ast-global-header-display":"","ast-banner-title-visibility":"","ast-main-header-display":"","ast-hfb-above-header-display":"","ast-hfb-below-header-display":"","ast-hfb-mobile-header-display":"","site-post-title":"","ast-breadcrumbs-content":"","ast-featured-img":"","footer-sml-layout":"","theme-transparent-header-meta":"","adv-header-id-meta":"","stick-header-meta":"","header-above-stick-meta":"","header-main-stick-meta":"","header-below-stick-meta":"","astra-migrate-meta-layouts":"default","ast-page-background-enabled":"default","ast-page-background-meta":{"desktop":{"background-color":"var(--ast-global-color-4)","background-image":"","background-repeat":"repeat","background-position":"center center","background-size":"auto","background-attachment":"scroll","background-type":"","background-media":"","overlay-type":"","overlay-color":"","overlay-opacity":"","overlay-gradient":""},"tablet":{"background-color":"","background-image":"","background-repeat":"repeat","background-position":"center center","background-size":"auto","background-attachment":"scroll","background-type":"","background-media":"","overlay-type":"","overlay-color":"","overlay-opacity":"","overlay-gradient":""},"mobile":{"background-color":"","background-image":"","background-repeat":"repeat","background-position":"center center","background-size":"auto","background-attachment":"scroll","background-type":"","background-media":"","overlay-type":"","overlay-color":"","overlay-opacity":"","overlay-gradient":""}},"ast-content-background-meta":{"desktop":{"background-color":"var(--ast-global-color-5)","background-image":"","background-repeat":"repeat","background-position":"center center","background-size":"auto","background-attachment":"scroll","background-type":"","background-media":"","overlay-type":"","overlay-color":"","overlay-opacity":"","overlay-gradient":""},"tablet":{"background-color":"var(--ast-global-color-5)","background-image":"","background-repeat":"repeat","background-position":"center center","background-size":"auto","background-attachment":"scroll","background-type":"","background-media":"","overlay-type":"","overlay-color":"","overlay-opacity":"","overlay-gradient":""},"mobile":{"background-color":"var(--ast-global-color-5)","background-image":"","background-repeat":"repeat","background-position":"center center","background-size":"auto","background-attachment":"scroll","background-type":"","background-media":"","overlay-type":"","overlay-color":"","overlay-opacity":"","overlay-gradient":""}},"footnotes":""},"categories":[163,29],"tags":[1438,430,539,2132,2215],"class_list":["post-18115","post","type-post","status-publish","format-standard","has-post-thumbnail","hentry","category-formacio","category-se-baixllobregat6","tag-economia","tag-educacio","tag-feminisme","tag-perspectiva-de-genere","tag-reporteducacio"],"post_mailing_queue_ids":[],"_links":{"self":[{"href":"https:\/\/serveiseducatius.xtec.cat\/baixllobregat6\/wp-json\/wp\/v2\/posts\/18115","targetHints":{"allow":["GET"]}}],"collection":[{"href":"https:\/\/serveiseducatius.xtec.cat\/baixllobregat6\/wp-json\/wp\/v2\/posts"}],"about":[{"href":"https:\/\/serveiseducatius.xtec.cat\/baixllobregat6\/wp-json\/wp\/v2\/types\/post"}],"author":[{"embeddable":true,"href":"https:\/\/serveiseducatius.xtec.cat\/baixllobregat6\/wp-json\/wp\/v2\/users\/1"}],"replies":[{"embeddable":true,"href":"https:\/\/serveiseducatius.xtec.cat\/baixllobregat6\/wp-json\/wp\/v2\/comments?post=18115"}],"version-history":[{"count":2,"href":"https:\/\/serveiseducatius.xtec.cat\/baixllobregat6\/wp-json\/wp\/v2\/posts\/18115\/revisions"}],"predecessor-version":[{"id":18119,"href":"https:\/\/serveiseducatius.xtec.cat\/baixllobregat6\/wp-json\/wp\/v2\/posts\/18115\/revisions\/18119"}],"wp:featuredmedia":[{"embeddable":true,"href":"https:\/\/serveiseducatius.xtec.cat\/baixllobregat6\/wp-json\/wp\/v2\/media\/18120"}],"wp:attachment":[{"href":"https:\/\/serveiseducatius.xtec.cat\/baixllobregat6\/wp-json\/wp\/v2\/media?parent=18115"}],"wp:term":[{"taxonomy":"category","embeddable":true,"href":"https:\/\/serveiseducatius.xtec.cat\/baixllobregat6\/wp-json\/wp\/v2\/categories?post=18115"},{"taxonomy":"post_tag","embeddable":true,"href":"https:\/\/serveiseducatius.xtec.cat\/baixllobregat6\/wp-json\/wp\/v2\/tags?post=18115"}],"curies":[{"name":"wp","href":"https:\/\/api.w.org\/{rel}","templated":true}]}}