{"id":18074,"date":"2020-02-03T15:42:08","date_gmt":"2020-02-03T14:42:08","guid":{"rendered":"http:\/\/serveiseducatius.xtec.cat\/baixllobregat6\/?p=18074"},"modified":"2020-02-10T18:55:35","modified_gmt":"2020-02-10T17:55:35","slug":"tolerancia-zero-amb-la-mutilacio-genital-femenina-6-de-febrer-dia-internacional-contra-la-mgf","status":"publish","type":"post","link":"https:\/\/serveiseducatius.xtec.cat\/baixllobregat6\/se-baixllobregat6\/tolerancia-zero-amb-la-mutilacio-genital-femenina-6-de-febrer-dia-internacional-contra-la-mgf\/","title":{"rendered":"Toler\u00e0ncia Zero amb la Mutilaci\u00f3 Genital Femenina. 6 de febrer: Dia internacional contra la MGF"},"content":{"rendered":"<figure id=\"attachment_18075\" aria-describedby=\"caption-attachment-18075\" style=\"width: 1024px\" class=\"wp-caption alignnone\"><img loading=\"lazy\" decoding=\"async\" class=\"wp-image-18075 size-large\" src=\"https:\/\/serveiseducatius.xtec.cat\/baixllobregat6\/wp-content\/uploads\/usu778\/2020\/02\/abida_and_son-1024x379.png\" alt=\"\" width=\"1024\" height=\"379\" srcset=\"https:\/\/serveiseducatius.xtec.cat\/baixllobregat6\/wp-content\/uploads\/usu778\/2020\/02\/abida_and_son-1024x379.png 1024w, https:\/\/serveiseducatius.xtec.cat\/baixllobregat6\/wp-content\/uploads\/usu778\/2020\/02\/abida_and_son-520x193.png 520w, https:\/\/serveiseducatius.xtec.cat\/baixllobregat6\/wp-content\/uploads\/usu778\/2020\/02\/abida_and_son-768x284.png 768w, https:\/\/serveiseducatius.xtec.cat\/baixllobregat6\/wp-content\/uploads\/usu778\/2020\/02\/abida_and_son.png 1350w\" sizes=\"auto, (max-width: 1024px) 100vw, 1024px\" \/><figcaption id=\"caption-attachment-18075\" class=\"wp-caption-text\">Abida i el seu fill viuen a la regi\u00f3 d&#8217;Afar (Eti\u00f2pia). En aquesta zona la prevalen\u00e7a de la mutilaci\u00f3 general femenina s&#8217;ha redu\u00eft dr\u00e0sticament, fis al 31% en alguns districtes, en \u00e0rees on actua el programa conjunt de la UNFPA-UNICEF per a l&#8217;eliminaci\u00f3 de la MGF. Foto: Sara Elgamal per a la UNFPA.<\/figcaption><\/figure>\n<p>&nbsp;<\/p>\n<p>La mutilaci\u00f3 genital femenina (MGF) es una pr\u00e0ctica que implica l&#8217;alteraci\u00f3 o lesi\u00f3 dels genitals femenins per motius no m\u00e8dics i que internacionalment \u00e9s reconeguda com a una violaci\u00f3 greu dels drets humans, la salut i la integritat de les dones i les nenes.<\/p>\n<p>Pot causar complicacions de salut a curt i a llarg termini, com ara dolor cr\u00f2nic, infeccions, sagnats, risc m\u00e9s gran de transmissi\u00f3 del VIH, ansietat i depressi\u00f3, complicacions durant el part, infecunditat i, en el pitjor dels casos, la mort.<\/p>\n<p><!--more--><\/p>\n<p><span style=\"font-family: inherit; font-size: 1em;\">Aquesta pr\u00e0ctica es concentra en uns trenta pa\u00efsos d&#8217;\u00c0frica i a l&#8217;Orient Mitj\u00e0 i l&#8217;\u00c0sia meridional, aix\u00ed com a alguns pa\u00efsos asi\u00e0tics (\u00cdndia, Indon\u00e8sia, Iraq i Pakistan) i en algunes petites comunitats de Llatinoam\u00e8rica. Tamb\u00e9 persisteix en les poblacions migrades que viuen a Europa occidental, a Am\u00e8rica del Nord, Austr\u00e0lia i Nova Zelanda.<\/span><\/p>\n<p>Per promoure la seva erradicaci\u00f3 \u00e9s necessari fer esfor\u00e7os coordinats i sistem\u00e0tics i que les comunitats hi participin per conscienciar sobre els drets humans, la igualtat de g\u00e8nere, l&#8217;educaci\u00f3 sexual i l&#8217;atenci\u00f3 a les v\u00edctimes de l&#8217;ablaci\u00f3.<\/p>\n<div class=\"ast-oembed-container \" style=\"height: 100%;\"><iframe loading=\"lazy\" title=\"\u00bfQu\u00e9 es la mutilaci\u00f3n genital femenina?\" width=\"500\" height=\"281\" src=\"https:\/\/www.youtube.com\/embed\/cuE0G4f6sZk?feature=oembed\" frameborder=\"0\" allow=\"accelerometer; autoplay; clipboard-write; encrypted-media; gyroscope; picture-in-picture; web-share\" referrerpolicy=\"strict-origin-when-cross-origin\" allowfullscreen><\/iframe><\/div>\n<p>A Catalunya, on tamb\u00e9 hi \u00e9s present aquest atac als drets humans, la Secretaria per a la Immigraci\u00f3 de la Generalitat de Catalunya, va coordinar el 2007,\u00a0 l\u2019elaboraci\u00f3 del <a href=\"http:\/\/treballiaferssocials.gencat.cat\/web\/.content\/03ambits_tematics\/05immigracio_refugi\/08recursosprofessionals\/02prevenciomutilaciofemenina\/Protocol_mutilacio_catala.pdf\">Protocol d\u2019actuacions per prevenir la mutilaci\u00f3 genital femenina.<\/a><\/p>\n<h5><a href=\"https:\/\/www.unfpa.org\/es\/resources\/preguntas-frecuentes-sobre-la-mutilaci%C3%B3n-genital-femenina-mgf\" target=\"_blank\" rel=\"noopener noreferrer\"> \u27a1 Preguntes freq\u00fcents sobre la Mutilaci\u00f3 Genital Femenina (Font: Nacions Unides)<\/a><\/h5>\n<h5>\u27a1 La XTEC ha elaborat un recull de recursos did\u00e0ctics que poden ser d&#8217;utilitat per abordar aquest problema en els centres educatius:<\/h5>\n<div id=\"bloc2\" class=\"panel-collapse collapse in\">\n<div class=\"col-xs-12 columna_esquerra\">\n<div class=\"cos_bloc basic_text_peq pd-15\">\n<ul>\n<li><a href=\"http:\/\/ateneu.xtec.cat\/wikiform\/wikiexport\/cursos\/curriculum\/interniv\/prevm\/index#_ga=2.177366053.1007590765.1580134373-401446924.1528298234\">Prevenci\u00f3 de la viol\u00e8ncia masclista en l\u2019\u00e0mbit educatiu<\/a>. El Departament d\u2019Educaci\u00f3 disposa d\u2019aquests materials formatius elaborats per\u00a0<strong>Tamaia\u00a0<\/strong><em><strong>Viure Sense viol\u00e8ncia<\/strong><\/em>, adre\u00e7ats al professorat i al professional d\u2019atenci\u00f3 educativa i de suport a la doc\u00e8ncia, a fi de donar a con\u00e8ixer el marc conceptual i legal de la viol\u00e8ncia masclista, facilitar-ne la detecci\u00f3 i dotar d\u2019eines per la prevenci\u00f3, detecci\u00f3 i intervenci\u00f3 per al seu abordatge en l\u2019\u00e0mbit educatiu.<\/li>\n<li><a href=\"http:\/\/ateneu.xtec.cat\/wikiform\/wikiexport\/cursos\/escola_inclusiva\/deic\/guia\">Educaci\u00f3 intercultural: fonaments te\u00f2rics i aplicaci\u00f3 en els centres educatius<\/a><strong>.\u00a0\u00a0<\/strong>El Departament d\u2019Educaci\u00f3 disposa d\u2019aquests materials adre\u00e7ats a docents en qu\u00e8 hi ha el\u00a0<a href=\"http:\/\/ateneu.xtec.cat\/wikiform\/wikiexport\/cursos\/escola_inclusiva\/deic\/modul_6\/index\">M\u00f2dul 6: G\u00e8nere i diversitat en l\u2019\u00e0mbit educatiu<\/a>\u00a0i s\u2019hi tracta espec\u00edficament la mutilaci\u00f3 genital femenina i els matrimonis for\u00e7ats.<\/li>\n<li><a href=\"http:\/\/dones.gencat.cat\/web\/.content\/03_ambits\/docs\/cdoc_guiabib_mgf.pdf\">Guia bibliogr\u00e0fica MGF<\/a>. En aquesta guia bibliogr\u00e0fica sobre MGF publicada per l\u2019Institut Catal\u00e0 de les Dones, hi ha monografies,relats personals i narratives, fullets, audiovisuals i recursos electr\u00f2nics sobre el tema.<\/li>\n<li><a href=\"http:\/\/interior.gencat.cat\/ca\/arees_dactuacio\/seguretat\/violencia-masclista-i-domestica\/materials-sobre-violencia-masclista-i-domestica\/comic\/\">Assegura\u2019t! C\u00f2mic de prevenci\u00f3 de les viol\u00e8ncies masclistes<\/a>\u00a0. En aquest c\u00f2mic publicat pel Departament d\u2019Interior, es dedica un apartat a la mutilaci\u00f3 genital femenina, de la p\u00e0gines 15-22, i va acompanyat d\u2019una guia did\u00e0ctica.<\/li>\n<li><strong>Maite Carranza, El fruit del baobab, Edicions 62.\u00a0<\/strong>En aquest llibre es presenta una hist\u00f2ria de relaci\u00f3 entre dones, una metgessa catalana, una jove gambiana i la seva filla, \u00a0bona estudiant i disposada a trencar tab\u00fas. \u00c9s una hist\u00f2ria marcada per l\u2019exist\u00e8ncia de la pr\u00e0ctica de l\u2019ablaci\u00f3.<\/li>\n<li><a href=\"https:\/\/www.youtube.com\/watch?v=7ZgqO_fyfmI\">Documental Bref<\/a>. En aquest curtmetratge dirigit per Christina Pitouli i produ\u00eft per Metges del M\u00f3n amb el suport de l\u2019Ajuntament de Barcelona, se\u2019ns mostren les converses hagudes amb persones africanes que viuen a Espanya sobre l\u2019her\u00e8ncia cultural i el respecte als drets humans.<\/li>\n<li><a href=\"https:\/\/www.ccma.cat\/tv3\/alacarta\/els-matins\/homes-contra-la-mutilacio-genital-femenina\/video\/5831952\/\">Homes contra la MGF<\/a>. En el programa Els matins, 15 de mar\u00e7 de 2019, de TV3, se\u2019ns planteja una experi\u00e8ncia de treball envers l\u2019erradicaci\u00f3 de la MGF i es fan reflexions sobre qu\u00e8 \u00e9s un tab\u00fa sexual, es distingeix entre la cultura i creen\u00e7a nociva i es posa de relleu la import\u00e0ncia de parlar de la MGF.<\/li>\n<\/ul>\n<p>Fonts documentals:<\/p>\n<pre><a href=\"http:\/\/treballiaferssocials.gencat.cat\/ca\/ambits_tematics\/immigracio\/\">Secretaria d\u2019Igualtat, Migracions i Ciutadania<\/a>\r\n\r\n<a href=\"http:\/\/www.un.org\/es\/events\/femalegenitalmutilationday\/\">Nacions Unides. Dia internacional de la toler\u00e0ncia zero amb la mutilaci\u00f3 genital femenina<\/a><\/pre>\n<\/div>\n<\/div>\n<\/div>\n","protected":false},"excerpt":{"rendered":"<p>&nbsp; La mutilaci\u00f3 genital femenina (MGF) es una pr\u00e0ctica que implica l&#8217;alteraci\u00f3 o lesi\u00f3 dels genitals femenins per motius no m\u00e8dics i que internacionalment \u00e9s reconeguda com a una violaci\u00f3 greu dels drets humans, la salut i la integritat de les dones i les nenes. Pot causar complicacions de salut a curt i a llarg [&hellip;]<\/p>\n","protected":false},"author":1,"featured_media":18078,"comment_status":"open","ping_status":"closed","sticky":false,"template":"","format":"standard","meta":{"_bbp_topic_count":0,"_bbp_reply_count":0,"_bbp_total_topic_count":0,"_bbp_total_reply_count":0,"_bbp_voice_count":0,"_bbp_anonymous_reply_count":0,"_bbp_topic_count_hidden":0,"_bbp_reply_count_hidden":0,"_bbp_forum_subforum_count":0,"site-sidebar-layout":"default","site-content-layout":"","ast-site-content-layout":"","site-content-style":"default","site-sidebar-style":"default","ast-global-header-display":"","ast-banner-title-visibility":"","ast-main-header-display":"","ast-hfb-above-header-display":"","ast-hfb-below-header-display":"","ast-hfb-mobile-header-display":"","site-post-title":"","ast-breadcrumbs-content":"","ast-featured-img":"","footer-sml-layout":"","theme-transparent-header-meta":"","adv-header-id-meta":"","stick-header-meta":"","header-above-stick-meta":"","header-main-stick-meta":"","header-below-stick-meta":"","astra-migrate-meta-layouts":"default","ast-page-background-enabled":"default","ast-page-background-meta":{"desktop":{"background-color":"var(--ast-global-color-4)","background-image":"","background-repeat":"repeat","background-position":"center center","background-size":"auto","background-attachment":"scroll","background-type":"","background-media":"","overlay-type":"","overlay-color":"","overlay-opacity":"","overlay-gradient":""},"tablet":{"background-color":"","background-image":"","background-repeat":"repeat","background-position":"center center","background-size":"auto","background-attachment":"scroll","background-type":"","background-media":"","overlay-type":"","overlay-color":"","overlay-opacity":"","overlay-gradient":""},"mobile":{"background-color":"","background-image":"","background-repeat":"repeat","background-position":"center center","background-size":"auto","background-attachment":"scroll","background-type":"","background-media":"","overlay-type":"","overlay-color":"","overlay-opacity":"","overlay-gradient":""}},"ast-content-background-meta":{"desktop":{"background-color":"var(--ast-global-color-5)","background-image":"","background-repeat":"repeat","background-position":"center center","background-size":"auto","background-attachment":"scroll","background-type":"","background-media":"","overlay-type":"","overlay-color":"","overlay-opacity":"","overlay-gradient":""},"tablet":{"background-color":"var(--ast-global-color-5)","background-image":"","background-repeat":"repeat","background-position":"center center","background-size":"auto","background-attachment":"scroll","background-type":"","background-media":"","overlay-type":"","overlay-color":"","overlay-opacity":"","overlay-gradient":""},"mobile":{"background-color":"var(--ast-global-color-5)","background-image":"","background-repeat":"repeat","background-position":"center center","background-size":"auto","background-attachment":"scroll","background-type":"","background-media":"","overlay-type":"","overlay-color":"","overlay-opacity":"","overlay-gradient":""}},"footnotes":""},"categories":[75,29],"tags":[2237,420,2236,762,2215,922],"class_list":["post-18074","post","type-post","status-publish","format-standard","has-post-thumbnail","hentry","category-pee020","category-se-baixllobregat6","tag-ablacio","tag-drets-humans","tag-mgf","tag-nacions-unides","tag-reporteducacio","tag-sexualitat"],"post_mailing_queue_ids":[],"_links":{"self":[{"href":"https:\/\/serveiseducatius.xtec.cat\/baixllobregat6\/wp-json\/wp\/v2\/posts\/18074","targetHints":{"allow":["GET"]}}],"collection":[{"href":"https:\/\/serveiseducatius.xtec.cat\/baixllobregat6\/wp-json\/wp\/v2\/posts"}],"about":[{"href":"https:\/\/serveiseducatius.xtec.cat\/baixllobregat6\/wp-json\/wp\/v2\/types\/post"}],"author":[{"embeddable":true,"href":"https:\/\/serveiseducatius.xtec.cat\/baixllobregat6\/wp-json\/wp\/v2\/users\/1"}],"replies":[{"embeddable":true,"href":"https:\/\/serveiseducatius.xtec.cat\/baixllobregat6\/wp-json\/wp\/v2\/comments?post=18074"}],"version-history":[{"count":4,"href":"https:\/\/serveiseducatius.xtec.cat\/baixllobregat6\/wp-json\/wp\/v2\/posts\/18074\/revisions"}],"predecessor-version":[{"id":18122,"href":"https:\/\/serveiseducatius.xtec.cat\/baixllobregat6\/wp-json\/wp\/v2\/posts\/18074\/revisions\/18122"}],"wp:featuredmedia":[{"embeddable":true,"href":"https:\/\/serveiseducatius.xtec.cat\/baixllobregat6\/wp-json\/wp\/v2\/media\/18078"}],"wp:attachment":[{"href":"https:\/\/serveiseducatius.xtec.cat\/baixllobregat6\/wp-json\/wp\/v2\/media?parent=18074"}],"wp:term":[{"taxonomy":"category","embeddable":true,"href":"https:\/\/serveiseducatius.xtec.cat\/baixllobregat6\/wp-json\/wp\/v2\/categories?post=18074"},{"taxonomy":"post_tag","embeddable":true,"href":"https:\/\/serveiseducatius.xtec.cat\/baixllobregat6\/wp-json\/wp\/v2\/tags?post=18074"}],"curies":[{"name":"wp","href":"https:\/\/api.w.org\/{rel}","templated":true}]}}