{"id":18062,"date":"2020-01-31T20:05:07","date_gmt":"2020-01-31T19:05:07","guid":{"rendered":"http:\/\/serveiseducatius.xtec.cat\/baixllobregat6\/?p=18062"},"modified":"2020-02-27T12:23:46","modified_gmt":"2020-02-27T11:23:46","slug":"junts-descobrim-el-futur-lalianca-entre-escolalaguardia-i-upcllobregat-posa-emfasi-en-lus-transversal-de-la-ciencia-la-tecnologia-l-enginyeria-el-medi-i-les-mate","status":"publish","type":"post","link":"https:\/\/serveiseducatius.xtec.cat\/baixllobregat6\/se-baixllobregat6\/junts-descobrim-el-futur-lalianca-entre-escolalaguardia-i-upcllobregat-posa-emfasi-en-lus-transversal-de-la-ciencia-la-tecnologia-l-enginyeria-el-medi-i-les-mate\/","title":{"rendered":"&#8220;Junts descobrim el futur&#8221;. L&#8217;alian\u00e7a entre  @escolalaguardia  i  @UPCLlobregat  posa \u00e8mfasi en l\u2019\u00fas transversal de la #ci\u00e8ncia, la #tecnologia, l\u2019 #enginyeria, el #medi i les #matem\u00e0tiques (#STEAM). Ho expliquen alumnes, mestres i fam\u00edlies i els investigadors UPC"},"content":{"rendered":"<p><span class=\"style-scope yt-formatted-string\" dir=\"auto\"><img loading=\"lazy\" decoding=\"async\" class=\"alignleft wp-image-18063 size-full\" src=\"https:\/\/serveiseducatius.xtec.cat\/baixllobregat6\/wp-content\/uploads\/usu778\/2020\/01\/Logo-Magnet-1.1-Positiu-Color-RGB.png\" alt=\"\" width=\"164\" height=\"220\" \/>&#8220;<em><strong>Junts descobrim el futur<\/strong><\/em>&#8221; \u00e9s el lema del projecte que desenvolupa l&#8217;<strong>Escola La Gu\u00e0rdia<\/strong> de Sant Vicen\u00e7 dels Horts en alian\u00e7a amb el Campus del Baix Llobregat de la UPC (Castelldefels), en el marc del programa &#8220;Magnet. Aliances per a l&#8217;\u00e8xit educatiu&#8221; impulsat per la Fundaci\u00f3 Jaume Bofill, el Departament d&#8217;Ensenyament, la Diputaci\u00f3 de Barcelona i l&#8217;Institut de Ci\u00e8ncies de l&#8217;Educaci\u00f3 de la UAB en col\u00b7laboraci\u00f3 amb l&#8217;Ajuntament de Rub\u00ed. L&#8217;escola La Gu\u00e0rdia (Sant Vicen\u00e7 dels Horts) posa un \u00e8mfasi especial en l\u2019\u00fas transversal de les ci\u00e8ncies, la tecnologia, l\u2019enginyeria i les matem\u00e0tiques (STEAM).\u00a0<\/span><!--more--><\/p>\n<p><iframe loading=\"lazy\" src=\"https:\/\/www.youtube.com\/embed\/exDwSELDwU4\" width=\"560\" height=\"315\" frameborder=\"0\" allowfullscreen=\"allowfullscreen\"><\/iframe><\/p>\n<p><span class=\"style-scope yt-formatted-string\" dir=\"auto\">Per a m\u00e9s informaci\u00f3 del projecte, podeu consultar el web <\/span><a class=\"yt-simple-endpoint style-scope yt-formatted-string\" dir=\"auto\" spellcheck=\"false\" href=\"https:\/\/www.youtube.com\/redirect?q=https%3A%2F%2Fagora.xtec.cat%2Fescolalaguardia&amp;v=exDwSELDwU4&amp;redir_token=63j13nicfQO5r08C8RN7Ufqnnnd8MTU4MDU4MzM5NUAxNTgwNDk2OTk1&amp;event=video_description\" target=\"_blank\" rel=\"nofollow noopener noreferrer\">https:\/\/agora.xtec.cat\/escolalaguardia<\/a><span class=\"style-scope yt-formatted-string\" dir=\"auto\"> El Campus del Baix Llobregat de la UPC (Castelldefels) est\u00e0 integrat per dos centres docents: l\u2019Escola d\u2019Enginyeria de Telecomunicaci\u00f3 i Aeron\u00e0utica de Castelldefels (EETAC) i l\u2019Escola Superior d\u2019Agricultura de Barcelona (ESAB), un departament universitari amb seu al Campus, el Departament d\u2019Enginyeria Agroaliment\u00e0ria (DEAB) i un institut de recerca adscrit, l\u2019Institut de Ci\u00e8ncies Fot\u00f2niques (ICFO). El programa Magnet t\u00e9 per objectiu acompanyar els centres educatius en el desenvolupament d&#8217;un projecte educatiu en alian\u00e7a amb una instituci\u00f3 d&#8217;excel\u00b7l\u00e8ncia. Aquesta alian\u00e7a ha de permetre al centre desenvolupar un projecte innovador i de qualitat, un projecte atractiu, que tingui magnetisme i que es converteixi en un projecte de refer\u00e8ncia en el seu territori, tant per les fam\u00edlies com per la comunitat educativa.<\/span><\/p>\n","protected":false},"excerpt":{"rendered":"<p>&#8220;Junts descobrim el futur&#8221; \u00e9s el lema del projecte que desenvolupa l&#8217;Escola La Gu\u00e0rdia de Sant Vicen\u00e7 dels Horts en alian\u00e7a amb el Campus del Baix Llobregat de la UPC (Castelldefels), en el marc del programa &#8220;Magnet. Aliances per a l&#8217;\u00e8xit educatiu&#8221; impulsat per la Fundaci\u00f3 Jaume Bofill, el Departament d&#8217;Ensenyament, la Diputaci\u00f3 de Barcelona [&hellip;]<\/p>\n","protected":false},"author":1,"featured_media":18063,"comment_status":"open","ping_status":"closed","sticky":false,"template":"","format":"standard","meta":{"_bbp_topic_count":0,"_bbp_reply_count":0,"_bbp_total_topic_count":0,"_bbp_total_reply_count":0,"_bbp_voice_count":0,"_bbp_anonymous_reply_count":0,"_bbp_topic_count_hidden":0,"_bbp_reply_count_hidden":0,"_bbp_forum_subforum_count":0,"site-sidebar-layout":"default","site-content-layout":"","ast-site-content-layout":"","site-content-style":"default","site-sidebar-style":"default","ast-global-header-display":"","ast-banner-title-visibility":"","ast-main-header-display":"","ast-hfb-above-header-display":"","ast-hfb-below-header-display":"","ast-hfb-mobile-header-display":"","site-post-title":"","ast-breadcrumbs-content":"","ast-featured-img":"","footer-sml-layout":"","theme-transparent-header-meta":"","adv-header-id-meta":"","stick-header-meta":"","header-above-stick-meta":"","header-main-stick-meta":"","header-below-stick-meta":"","astra-migrate-meta-layouts":"default","ast-page-background-enabled":"default","ast-page-background-meta":{"desktop":{"background-color":"var(--ast-global-color-4)","background-image":"","background-repeat":"repeat","background-position":"center center","background-size":"auto","background-attachment":"scroll","background-type":"","background-media":"","overlay-type":"","overlay-color":"","overlay-opacity":"","overlay-gradient":""},"tablet":{"background-color":"","background-image":"","background-repeat":"repeat","background-position":"center center","background-size":"auto","background-attachment":"scroll","background-type":"","background-media":"","overlay-type":"","overlay-color":"","overlay-opacity":"","overlay-gradient":""},"mobile":{"background-color":"","background-image":"","background-repeat":"repeat","background-position":"center center","background-size":"auto","background-attachment":"scroll","background-type":"","background-media":"","overlay-type":"","overlay-color":"","overlay-opacity":"","overlay-gradient":""}},"ast-content-background-meta":{"desktop":{"background-color":"var(--ast-global-color-5)","background-image":"","background-repeat":"repeat","background-position":"center center","background-size":"auto","background-attachment":"scroll","background-type":"","background-media":"","overlay-type":"","overlay-color":"","overlay-opacity":"","overlay-gradient":""},"tablet":{"background-color":"var(--ast-global-color-5)","background-image":"","background-repeat":"repeat","background-position":"center center","background-size":"auto","background-attachment":"scroll","background-type":"","background-media":"","overlay-type":"","overlay-color":"","overlay-opacity":"","overlay-gradient":""},"mobile":{"background-color":"var(--ast-global-color-5)","background-image":"","background-repeat":"repeat","background-position":"center center","background-size":"auto","background-attachment":"scroll","background-type":"","background-media":"","overlay-type":"","overlay-color":"","overlay-opacity":"","overlay-gradient":""}},"footnotes":""},"categories":[75,29,1708],"tags":[2014,499,564,2235,2215,907,2060,996],"class_list":["post-18062","post","type-post","status-publish","format-standard","has-post-thumbnail","hentry","category-pee020","category-se-baixllobregat6","category-robotica","tag-aliances-magnet","tag-escola-la-guardia","tag-fundacio-bofill","tag-ice_uab","tag-reporteducacio","tag-sant-vicenc-dels-horts","tag-steam","tag-upc"],"post_mailing_queue_ids":[],"_links":{"self":[{"href":"https:\/\/serveiseducatius.xtec.cat\/baixllobregat6\/wp-json\/wp\/v2\/posts\/18062","targetHints":{"allow":["GET"]}}],"collection":[{"href":"https:\/\/serveiseducatius.xtec.cat\/baixllobregat6\/wp-json\/wp\/v2\/posts"}],"about":[{"href":"https:\/\/serveiseducatius.xtec.cat\/baixllobregat6\/wp-json\/wp\/v2\/types\/post"}],"author":[{"embeddable":true,"href":"https:\/\/serveiseducatius.xtec.cat\/baixllobregat6\/wp-json\/wp\/v2\/users\/1"}],"replies":[{"embeddable":true,"href":"https:\/\/serveiseducatius.xtec.cat\/baixllobregat6\/wp-json\/wp\/v2\/comments?post=18062"}],"version-history":[{"count":3,"href":"https:\/\/serveiseducatius.xtec.cat\/baixllobregat6\/wp-json\/wp\/v2\/posts\/18062\/revisions"}],"predecessor-version":[{"id":18178,"href":"https:\/\/serveiseducatius.xtec.cat\/baixllobregat6\/wp-json\/wp\/v2\/posts\/18062\/revisions\/18178"}],"wp:featuredmedia":[{"embeddable":true,"href":"https:\/\/serveiseducatius.xtec.cat\/baixllobregat6\/wp-json\/wp\/v2\/media\/18063"}],"wp:attachment":[{"href":"https:\/\/serveiseducatius.xtec.cat\/baixllobregat6\/wp-json\/wp\/v2\/media?parent=18062"}],"wp:term":[{"taxonomy":"category","embeddable":true,"href":"https:\/\/serveiseducatius.xtec.cat\/baixllobregat6\/wp-json\/wp\/v2\/categories?post=18062"},{"taxonomy":"post_tag","embeddable":true,"href":"https:\/\/serveiseducatius.xtec.cat\/baixllobregat6\/wp-json\/wp\/v2\/tags?post=18062"}],"curies":[{"name":"wp","href":"https:\/\/api.w.org\/{rel}","templated":true}]}}