{"id":18008,"date":"2020-01-27T09:29:20","date_gmt":"2020-01-27T08:29:20","guid":{"rendered":"http:\/\/serveiseducatius.xtec.cat\/baixllobregat6\/?p=18008"},"modified":"2020-01-28T11:46:42","modified_gmt":"2020-01-28T10:46:42","slug":"el-concurs-joves-i-mobilitat-te-com-a-objectiu-promoure-actituds-i-valors-de-mobilitat-segura-sostenible-i-responsable-entre-els-adolescents-i-els-joves-de-catalunya","status":"publish","type":"post","link":"https:\/\/serveiseducatius.xtec.cat\/baixllobregat6\/se-baixllobregat6\/el-concurs-joves-i-mobilitat-te-com-a-objectiu-promoure-actituds-i-valors-de-mobilitat-segura-sostenible-i-responsable-entre-els-adolescents-i-els-joves-de-catalunya\/","title":{"rendered":"El concurs Joves i Mobilitat t\u00e9 com a objectiu promoure actituds i valors de mobilitat segura, sostenible i responsable entre els adolescents i els joves de Catalunya."},"content":{"rendered":"<p><img loading=\"lazy\" decoding=\"async\" class=\"alignnone size-large wp-image-18009\" src=\"https:\/\/serveiseducatius.xtec.cat\/baixllobregat6\/wp-content\/uploads\/usu778\/2020\/01\/concursracc-1024x444.png\" alt=\"\" width=\"1024\" height=\"444\" srcset=\"https:\/\/serveiseducatius.xtec.cat\/baixllobregat6\/wp-content\/uploads\/usu778\/2020\/01\/concursracc-1024x444.png 1024w, https:\/\/serveiseducatius.xtec.cat\/baixllobregat6\/wp-content\/uploads\/usu778\/2020\/01\/concursracc-520x225.png 520w, https:\/\/serveiseducatius.xtec.cat\/baixllobregat6\/wp-content\/uploads\/usu778\/2020\/01\/concursracc-768x333.png 768w, https:\/\/serveiseducatius.xtec.cat\/baixllobregat6\/wp-content\/uploads\/usu778\/2020\/01\/concursracc.png 1637w\" sizes=\"auto, (max-width: 1024px) 100vw, 1024px\" \/><\/p>\n<p><strong>Joves i Mobilitat<\/strong>\u00a0\u00e9s una proposta pedag\u00f2gica i l\u00fadica que va n\u00e9ixer el 2007 arrel d\u2019un estudi del <strong>RACC<\/strong> sobre els joves i l\u2019accidentalitat, que en aquells moments era de m\u00e9s del 30%. Aquest any es va celebrar la seva 1a edici\u00f3, sota la denominaci\u00f3 \u201cJoves i Conducci\u00f3\u201d, i fins l\u2019actualitat s\u00f3n 12 les edicions realitzades, que han comptat amb m\u00e9s de 17.000 participants. <!--more--><\/p>\n<p>Arrel d\u2019aquell estudi va n\u00e9ixer el concurs\u00a0<strong>Joves i Mobilitat<\/strong>\u00a0organitzat pel RACC amb la col\u00b7laboraci\u00f3 del <strong>Servei Catal\u00e0 del Tr\u00e0nsit<\/strong>, amb l\u2019objectiu de promoure actituds i valors de mobilitat segura, sostenible i responsable entre els adolescents i joves de Catalunya.<\/p>\n<p>El concurs vol contribuir a afavorir la reflexi\u00f3 dels adolescents i joves entorn la mobilitat entesa com un sistema social de conviv\u00e8ncia i responsabilitat, amb diversitat de modes i d\u2019usos i basat en determinades actituds i valors, amb especial \u00e8mfasi en la seguretat vi\u00e0ria.<\/p>\n<p>Aporta propostes did\u00e0ctiques als mestres, professors i professionals de la seguretat vi\u00e0ria, per tal de generar un canvi en els m\u00e9s joves sobre els reptes de la mobilitat del segle XXI, com s\u00f3n la seguretat vi\u00e0ria i la mobilitat sostenible.<\/p>\n<p><span style=\"font-size: 1.125em; font-weight: bold;\">A qui s&#8217;adre\u00e7a?<\/span><\/p>\n<p><span style=\"font-family: inherit; font-size: 1em;\">Als alumnes de Secund\u00e0ria, Batxillerat i Cicles Formatius de centres escolars i als nois i noies de 13 a 18 anys membres de casals de joves i centres de lleure de Catalunya.<\/span><\/p>\n<p><span style=\"font-family: inherit; font-size: 1em;\">Els participants han d\u2019estar tutoritzats des de centres escolars, centres de lleure o casals de joves. Es poden inscriure de la ma dels seus tutors de forma individual o formant part d\u2019equips de fins a un m\u00e0xim de quatre components. <\/span><a class=\"et_pb_button et_pb_custom_button_icon et_pb_promo_button\" style=\"font-family: inherit; font-size: 1em;\" href=\"https:\/\/www.jovesimobilitat.cat\/categories\" data-icon=\"I\">CATEGORIES DEL CONCURS<\/a><\/p>\n<p>|<a href=\"https:\/\/www.jovesimobilitat.cat\/que-es\/\" target=\"_blank\" rel=\"noopener noreferrer\">M\u00c9S INFO<\/a>|<\/p>\n","protected":false},"excerpt":{"rendered":"<p>Joves i Mobilitat\u00a0\u00e9s una proposta pedag\u00f2gica i l\u00fadica que va n\u00e9ixer el 2007 arrel d\u2019un estudi del RACC sobre els joves i l\u2019accidentalitat, que en aquells moments era de m\u00e9s del 30%. Aquest any es va celebrar la seva 1a edici\u00f3, sota la denominaci\u00f3 \u201cJoves i Conducci\u00f3\u201d, i fins l\u2019actualitat s\u00f3n 12 les edicions realitzades, [&hellip;]<\/p>\n","protected":false},"author":1,"featured_media":18009,"comment_status":"open","ping_status":"closed","sticky":false,"template":"","format":"standard","meta":{"_bbp_topic_count":0,"_bbp_reply_count":0,"_bbp_total_topic_count":0,"_bbp_total_reply_count":0,"_bbp_voice_count":0,"_bbp_anonymous_reply_count":0,"_bbp_topic_count_hidden":0,"_bbp_reply_count_hidden":0,"_bbp_forum_subforum_count":0,"site-sidebar-layout":"default","site-content-layout":"","ast-site-content-layout":"","site-content-style":"default","site-sidebar-style":"default","ast-global-header-display":"","ast-banner-title-visibility":"","ast-main-header-display":"","ast-hfb-above-header-display":"","ast-hfb-below-header-display":"","ast-hfb-mobile-header-display":"","site-post-title":"","ast-breadcrumbs-content":"","ast-featured-img":"","footer-sml-layout":"","theme-transparent-header-meta":"","adv-header-id-meta":"","stick-header-meta":"","header-above-stick-meta":"","header-main-stick-meta":"","header-below-stick-meta":"","astra-migrate-meta-layouts":"default","ast-page-background-enabled":"default","ast-page-background-meta":{"desktop":{"background-color":"var(--ast-global-color-4)","background-image":"","background-repeat":"repeat","background-position":"center center","background-size":"auto","background-attachment":"scroll","background-type":"","background-media":"","overlay-type":"","overlay-color":"","overlay-opacity":"","overlay-gradient":""},"tablet":{"background-color":"","background-image":"","background-repeat":"repeat","background-position":"center center","background-size":"auto","background-attachment":"scroll","background-type":"","background-media":"","overlay-type":"","overlay-color":"","overlay-opacity":"","overlay-gradient":""},"mobile":{"background-color":"","background-image":"","background-repeat":"repeat","background-position":"center center","background-size":"auto","background-attachment":"scroll","background-type":"","background-media":"","overlay-type":"","overlay-color":"","overlay-opacity":"","overlay-gradient":""}},"ast-content-background-meta":{"desktop":{"background-color":"var(--ast-global-color-5)","background-image":"","background-repeat":"repeat","background-position":"center center","background-size":"auto","background-attachment":"scroll","background-type":"","background-media":"","overlay-type":"","overlay-color":"","overlay-opacity":"","overlay-gradient":""},"tablet":{"background-color":"var(--ast-global-color-5)","background-image":"","background-repeat":"repeat","background-position":"center center","background-size":"auto","background-attachment":"scroll","background-type":"","background-media":"","overlay-type":"","overlay-color":"","overlay-opacity":"","overlay-gradient":""},"mobile":{"background-color":"var(--ast-global-color-5)","background-image":"","background-repeat":"repeat","background-position":"center center","background-size":"auto","background-attachment":"scroll","background-type":"","background-media":"","overlay-type":"","overlay-color":"","overlay-opacity":"","overlay-gradient":""}},"footnotes":""},"categories":[153,29],"tags":[448,1052,2229,2215],"class_list":["post-18008","post","type-post","status-publish","format-standard","has-post-thumbnail","hentry","category-xesc","category-se-baixllobregat6","tag-educacio-viaria","tag-mobilitat","tag-racc","tag-reporteducacio"],"post_mailing_queue_ids":[],"_links":{"self":[{"href":"https:\/\/serveiseducatius.xtec.cat\/baixllobregat6\/wp-json\/wp\/v2\/posts\/18008","targetHints":{"allow":["GET"]}}],"collection":[{"href":"https:\/\/serveiseducatius.xtec.cat\/baixllobregat6\/wp-json\/wp\/v2\/posts"}],"about":[{"href":"https:\/\/serveiseducatius.xtec.cat\/baixllobregat6\/wp-json\/wp\/v2\/types\/post"}],"author":[{"embeddable":true,"href":"https:\/\/serveiseducatius.xtec.cat\/baixllobregat6\/wp-json\/wp\/v2\/users\/1"}],"replies":[{"embeddable":true,"href":"https:\/\/serveiseducatius.xtec.cat\/baixllobregat6\/wp-json\/wp\/v2\/comments?post=18008"}],"version-history":[{"count":3,"href":"https:\/\/serveiseducatius.xtec.cat\/baixllobregat6\/wp-json\/wp\/v2\/posts\/18008\/revisions"}],"predecessor-version":[{"id":18024,"href":"https:\/\/serveiseducatius.xtec.cat\/baixllobregat6\/wp-json\/wp\/v2\/posts\/18008\/revisions\/18024"}],"wp:featuredmedia":[{"embeddable":true,"href":"https:\/\/serveiseducatius.xtec.cat\/baixllobregat6\/wp-json\/wp\/v2\/media\/18009"}],"wp:attachment":[{"href":"https:\/\/serveiseducatius.xtec.cat\/baixllobregat6\/wp-json\/wp\/v2\/media?parent=18008"}],"wp:term":[{"taxonomy":"category","embeddable":true,"href":"https:\/\/serveiseducatius.xtec.cat\/baixllobregat6\/wp-json\/wp\/v2\/categories?post=18008"},{"taxonomy":"post_tag","embeddable":true,"href":"https:\/\/serveiseducatius.xtec.cat\/baixllobregat6\/wp-json\/wp\/v2\/tags?post=18008"}],"curies":[{"name":"wp","href":"https:\/\/api.w.org\/{rel}","templated":true}]}}