{"id":17974,"date":"2020-01-10T15:25:37","date_gmt":"2020-01-10T14:25:37","guid":{"rendered":"http:\/\/serveiseducatius.xtec.cat\/baixllobregat6\/?p=17974"},"modified":"2020-01-24T10:51:31","modified_gmt":"2020-01-24T09:51:31","slug":"programa-eduquem-en-familia-del-pla-dentorn-de-sant-vicenc-dels-horts-gener-febrer-del-2020","status":"publish","type":"post","link":"https:\/\/serveiseducatius.xtec.cat\/baixllobregat6\/se-baixllobregat6\/programa-eduquem-en-familia-del-pla-dentorn-de-sant-vicenc-dels-horts-gener-febrer-del-2020\/","title":{"rendered":"Programa &#8220;Eduquem en fam\u00edlia&#8221; del Pla d&#8217;Entorn de Sant Vicen\u00e7 dels Horts (Gener-Febrer del 2020)"},"content":{"rendered":"<p><img loading=\"lazy\" decoding=\"async\" class=\"alignnone size-large wp-image-17976\" src=\"https:\/\/serveiseducatius.xtec.cat\/baixllobregat6\/wp-content\/uploads\/usu778\/2020\/01\/Captura-de-Pantalla-2020-01-10-a-les-15.21.20-1024x450.png\" alt=\"\" width=\"1024\" height=\"450\" srcset=\"https:\/\/serveiseducatius.xtec.cat\/baixllobregat6\/wp-content\/uploads\/usu778\/2020\/01\/Captura-de-Pantalla-2020-01-10-a-les-15.21.20-1024x450.png 1024w, https:\/\/serveiseducatius.xtec.cat\/baixllobregat6\/wp-content\/uploads\/usu778\/2020\/01\/Captura-de-Pantalla-2020-01-10-a-les-15.21.20-520x229.png 520w, https:\/\/serveiseducatius.xtec.cat\/baixllobregat6\/wp-content\/uploads\/usu778\/2020\/01\/Captura-de-Pantalla-2020-01-10-a-les-15.21.20-768x338.png 768w, https:\/\/serveiseducatius.xtec.cat\/baixllobregat6\/wp-content\/uploads\/usu778\/2020\/01\/Captura-de-Pantalla-2020-01-10-a-les-15.21.20.png 1092w\" sizes=\"auto, (max-width: 1024px) 100vw, 1024px\" \/><\/p>\n<p>Aquest programa, integrat en el conjunt d&#8217;activitats del Pla Educatiu d&#8217;Entorn de Sant Vicen\u00e7 dels Horts, compta amb una variada oferta d&#8217;activitats adre\u00e7ades a les fam\u00edlies dels alumnes, especialment amb mainada integrada en l&#8217;etapa d&#8217;educaci\u00f3 infantil i del cicle inicial de prim\u00e0ria.<!--more--><\/p>\n<p>Les activitats que ara podeu consultar correponen al per\u00edode de gener i febrer del 2020 i, en alguns casos, permeten la participaci\u00f3 directa dels alumnes.<\/p>\n<p><iframe loading=\"lazy\" src=\"https:\/\/drive.google.com\/file\/d\/1wzbX6_NCplmSzDM40wsERm0MLRJqOWNL\/preview\" width=\"640\" height=\"910\"><span data-mce-type=\"bookmark\" style=\"display: inline-block; width: 0px; overflow: hidden; line-height: 0;\" class=\"mce_SELRES_start\">\ufeff<\/span><\/iframe><\/p>\n","protected":false},"excerpt":{"rendered":"<p>Aquest programa, integrat en el conjunt d&#8217;activitats del Pla Educatiu d&#8217;Entorn de Sant Vicen\u00e7 dels Horts, compta amb una variada oferta d&#8217;activitats adre\u00e7ades a les fam\u00edlies dels alumnes, especialment amb mainada integrada en l&#8217;etapa d&#8217;educaci\u00f3 infantil i del cicle inicial de prim\u00e0ria.<\/p>\n","protected":false},"author":1,"featured_media":17976,"comment_status":"open","ping_status":"closed","sticky":false,"template":"","format":"standard","meta":{"_bbp_topic_count":0,"_bbp_reply_count":0,"_bbp_total_topic_count":0,"_bbp_total_reply_count":0,"_bbp_voice_count":0,"_bbp_anonymous_reply_count":0,"_bbp_topic_count_hidden":0,"_bbp_reply_count_hidden":0,"_bbp_forum_subforum_count":0,"site-sidebar-layout":"default","site-content-layout":"","ast-site-content-layout":"","site-content-style":"default","site-sidebar-style":"default","ast-global-header-display":"","ast-banner-title-visibility":"","ast-main-header-display":"","ast-hfb-above-header-display":"","ast-hfb-below-header-display":"","ast-hfb-mobile-header-display":"","site-post-title":"","ast-breadcrumbs-content":"","ast-featured-img":"","footer-sml-layout":"","theme-transparent-header-meta":"","adv-header-id-meta":"","stick-header-meta":"","header-above-stick-meta":"","header-main-stick-meta":"","header-below-stick-meta":"","astra-migrate-meta-layouts":"default","ast-page-background-enabled":"default","ast-page-background-meta":{"desktop":{"background-color":"var(--ast-global-color-4)","background-image":"","background-repeat":"repeat","background-position":"center center","background-size":"auto","background-attachment":"scroll","background-type":"","background-media":"","overlay-type":"","overlay-color":"","overlay-opacity":"","overlay-gradient":""},"tablet":{"background-color":"","background-image":"","background-repeat":"repeat","background-position":"center center","background-size":"auto","background-attachment":"scroll","background-type":"","background-media":"","overlay-type":"","overlay-color":"","overlay-opacity":"","overlay-gradient":""},"mobile":{"background-color":"","background-image":"","background-repeat":"repeat","background-position":"center center","background-size":"auto","background-attachment":"scroll","background-type":"","background-media":"","overlay-type":"","overlay-color":"","overlay-opacity":"","overlay-gradient":""}},"ast-content-background-meta":{"desktop":{"background-color":"var(--ast-global-color-5)","background-image":"","background-repeat":"repeat","background-position":"center center","background-size":"auto","background-attachment":"scroll","background-type":"","background-media":"","overlay-type":"","overlay-color":"","overlay-opacity":"","overlay-gradient":""},"tablet":{"background-color":"var(--ast-global-color-5)","background-image":"","background-repeat":"repeat","background-position":"center center","background-size":"auto","background-attachment":"scroll","background-type":"","background-media":"","overlay-type":"","overlay-color":"","overlay-opacity":"","overlay-gradient":""},"mobile":{"background-color":"var(--ast-global-color-5)","background-image":"","background-repeat":"repeat","background-position":"center center","background-size":"auto","background-attachment":"scroll","background-type":"","background-media":"","overlay-type":"","overlay-color":"","overlay-opacity":"","overlay-gradient":""}},"footnotes":""},"categories":[75,29],"tags":[222,1867,469,2226,2215,907,58],"class_list":["post-17974","post","type-post","status-publish","format-standard","has-post-thumbnail","hentry","category-pee020","category-se-baixllobregat6","tag-alumnes","tag-educacio-en-familia","tag-entorn-social","tag-formacio-al-llarg-de-la-vida","tag-reporteducacio","tag-sant-vicenc-dels-horts","tag-tallers"],"post_mailing_queue_ids":[],"_links":{"self":[{"href":"https:\/\/serveiseducatius.xtec.cat\/baixllobregat6\/wp-json\/wp\/v2\/posts\/17974","targetHints":{"allow":["GET"]}}],"collection":[{"href":"https:\/\/serveiseducatius.xtec.cat\/baixllobregat6\/wp-json\/wp\/v2\/posts"}],"about":[{"href":"https:\/\/serveiseducatius.xtec.cat\/baixllobregat6\/wp-json\/wp\/v2\/types\/post"}],"author":[{"embeddable":true,"href":"https:\/\/serveiseducatius.xtec.cat\/baixllobregat6\/wp-json\/wp\/v2\/users\/1"}],"replies":[{"embeddable":true,"href":"https:\/\/serveiseducatius.xtec.cat\/baixllobregat6\/wp-json\/wp\/v2\/comments?post=17974"}],"version-history":[{"count":3,"href":"https:\/\/serveiseducatius.xtec.cat\/baixllobregat6\/wp-json\/wp\/v2\/posts\/17974\/revisions"}],"predecessor-version":[{"id":17998,"href":"https:\/\/serveiseducatius.xtec.cat\/baixllobregat6\/wp-json\/wp\/v2\/posts\/17974\/revisions\/17998"}],"wp:featuredmedia":[{"embeddable":true,"href":"https:\/\/serveiseducatius.xtec.cat\/baixllobregat6\/wp-json\/wp\/v2\/media\/17976"}],"wp:attachment":[{"href":"https:\/\/serveiseducatius.xtec.cat\/baixllobregat6\/wp-json\/wp\/v2\/media?parent=17974"}],"wp:term":[{"taxonomy":"category","embeddable":true,"href":"https:\/\/serveiseducatius.xtec.cat\/baixllobregat6\/wp-json\/wp\/v2\/categories?post=17974"},{"taxonomy":"post_tag","embeddable":true,"href":"https:\/\/serveiseducatius.xtec.cat\/baixllobregat6\/wp-json\/wp\/v2\/tags?post=17974"}],"curies":[{"name":"wp","href":"https:\/\/api.w.org\/{rel}","templated":true}]}}