{"id":1791,"date":"2010-12-20T13:01:24","date_gmt":"2010-12-20T12:01:24","guid":{"rendered":"http:\/\/www.reporteducacio.cat\/?p=1791"},"modified":"2016-01-14T16:25:20","modified_gmt":"2016-01-14T15:25:20","slug":"1791","status":"publish","type":"post","link":"https:\/\/serveiseducatius.xtec.cat\/baixllobregat6\/politicaeducativa\/1791\/","title":{"rendered":"VI Jornades del Patrimoni del Baix Llobregat"},"content":{"rendered":"<p><a href=\"http:\/\/serveiseducatius.xtec.cat\/se-baixllobregat6\/wp-content\/uploads\/usu778\/2010\/12\/patrimonibl.png\"><img loading=\"lazy\" decoding=\"async\" class=\"alignleft size-medium wp-image-1792\" title=\"patrimonibl\" src=\"http:\/\/www.reporteducacio.cat\/wp-content\/uploads\/2010\/12\/patrimonibl-300x161.png\" alt=\"\" width=\"300\" height=\"161\" \/><\/a>Les Jornades del Patrimoni del Baix Llobregat s\u00f3n des de fa 12<br \/>\nanys un punt de trobada i debat per a totes les persones que volen<br \/>\ncon\u00e8ixer el patrimoni de la comarca, i un espai privilegiat per<br \/>\nescoltar experts i experi\u00e8ncies de dins i fora de casa nostra.<br \/>\nAquesta sisena edici\u00f3 se celebra al Prat de Llobregat, on va n\u00e9ixer i<br \/>\nmorir Jaume Codina i Vil\u00e0, mestre d\u2019historiadors, emprenedor<br \/>\nhome de ci\u00e8ncia i fundador i primer president del Centre d\u2019Estudis<br \/>\nComarcals del Baix Llobregat. \u00c9s, doncs, la millor oportunitat per<br \/>\nfer de les Jornades un acte d\u2019homenatge a qui va ser un apassionat<br \/>\nde la hist\u00f2ria m\u00e9s propera i m\u00e9s minuciosa, la hist\u00f2ria local; i un<br \/>\ndefensor del patrimoni del Baix Llobregat.<br \/>\nJaume Codina es va dedicar tamb\u00e9 a l\u2019ensenyament, fent de<br \/>\nprofessor i fundant la seva pr\u00f2pia escola al Prat de Llobregat. \u00c9s<br \/>\nper aix\u00f2 que aquestes VI Jornades volen ser un espai de reflexi\u00f3<br \/>\nsobre les possibilitats did\u00e0ctiques del patrimoni i la hist\u00f2ria local;<br \/>\nsobre com construir coneixement significatiu des dels elements que<br \/>\ndi\u00e0riament estan al nostre horitz\u00f3 visual i, pedag\u00f2gicament, poden<br \/>\ncobrar vida per ser clau de volta de l\u2019aprenentatge. Ens adrecem,<br \/>\ndoncs, especialment als ensenyants que, gr\u00e0cies a un acord amb els<br \/>\nServeis Territorials d\u2019Educaci\u00f3 de la Generalitat, podran acreditar<br \/>\nla seva assist\u00e8ncia a les Jornades dins del Pla de Formaci\u00f3<\/p>\n<p>A continuaci\u00f3 podeu consultar la primera circular amb informaci\u00f3 complement\u00e0ria clicant <a href=\"http:\/\/www.cecbll.cat\/3066\/imagenes\/grandes\/Varis\/versio_imprimir.pdf\" target=\"_blank\">aqui<\/a>.<\/p>\n","protected":false},"excerpt":{"rendered":"<p>Les Jornades del Patrimoni del Baix Llobregat s\u00f3n des de fa 12 anys un punt de trobada i debat per a totes les persones que volen con\u00e8ixer el patrimoni de la comarca, i un espai privilegiat per escoltar experts i experi\u00e8ncies de dins i fora de casa nostra. Aquesta sisena edici\u00f3 se celebra al Prat [&hellip;]<\/p>\n","protected":false},"author":1,"featured_media":0,"comment_status":"open","ping_status":"open","sticky":false,"template":"","format":"standard","meta":{"_bbp_topic_count":0,"_bbp_reply_count":0,"_bbp_total_topic_count":0,"_bbp_total_reply_count":0,"_bbp_voice_count":0,"_bbp_anonymous_reply_count":0,"_bbp_topic_count_hidden":0,"_bbp_reply_count_hidden":0,"_bbp_forum_subforum_count":0,"site-sidebar-layout":"default","site-content-layout":"","ast-site-content-layout":"","site-content-style":"default","site-sidebar-style":"default","ast-global-header-display":"","ast-banner-title-visibility":"","ast-main-header-display":"","ast-hfb-above-header-display":"","ast-hfb-below-header-display":"","ast-hfb-mobile-header-display":"","site-post-title":"","ast-breadcrumbs-content":"","ast-featured-img":"","footer-sml-layout":"","theme-transparent-header-meta":"","adv-header-id-meta":"","stick-header-meta":"","header-above-stick-meta":"","header-main-stick-meta":"","header-below-stick-meta":"","astra-migrate-meta-layouts":"default","ast-page-background-enabled":"default","ast-page-background-meta":{"desktop":{"background-color":"var(--ast-global-color-4)","background-image":"","background-repeat":"repeat","background-position":"center center","background-size":"auto","background-attachment":"scroll","background-type":"","background-media":"","overlay-type":"","overlay-color":"","overlay-opacity":"","overlay-gradient":""},"tablet":{"background-color":"","background-image":"","background-repeat":"repeat","background-position":"center center","background-size":"auto","background-attachment":"scroll","background-type":"","background-media":"","overlay-type":"","overlay-color":"","overlay-opacity":"","overlay-gradient":""},"mobile":{"background-color":"","background-image":"","background-repeat":"repeat","background-position":"center center","background-size":"auto","background-attachment":"scroll","background-type":"","background-media":"","overlay-type":"","overlay-color":"","overlay-opacity":"","overlay-gradient":""}},"ast-content-background-meta":{"desktop":{"background-color":"var(--ast-global-color-5)","background-image":"","background-repeat":"repeat","background-position":"center center","background-size":"auto","background-attachment":"scroll","background-type":"","background-media":"","overlay-type":"","overlay-color":"","overlay-opacity":"","overlay-gradient":""},"tablet":{"background-color":"var(--ast-global-color-5)","background-image":"","background-repeat":"repeat","background-position":"center center","background-size":"auto","background-attachment":"scroll","background-type":"","background-media":"","overlay-type":"","overlay-color":"","overlay-opacity":"","overlay-gradient":""},"mobile":{"background-color":"var(--ast-global-color-5)","background-image":"","background-repeat":"repeat","background-position":"center center","background-size":"auto","background-attachment":"scroll","background-type":"","background-media":"","overlay-type":"","overlay-color":"","overlay-opacity":"","overlay-gradient":""}},"footnotes":""},"categories":[1],"tags":[263,302,458,597,601,660,805],"class_list":["post-1791","post","type-post","status-publish","format-standard","hentry","category-politicaeducativa","tag-baix-llobregat","tag-centre-destudis-comarcals","tag-el-prat-del-llobregat","tag-historia","tag-historia-local","tag-jaume-codina","tag-patrimoni"],"post_mailing_queue_ids":[],"_links":{"self":[{"href":"https:\/\/serveiseducatius.xtec.cat\/baixllobregat6\/wp-json\/wp\/v2\/posts\/1791","targetHints":{"allow":["GET"]}}],"collection":[{"href":"https:\/\/serveiseducatius.xtec.cat\/baixllobregat6\/wp-json\/wp\/v2\/posts"}],"about":[{"href":"https:\/\/serveiseducatius.xtec.cat\/baixllobregat6\/wp-json\/wp\/v2\/types\/post"}],"author":[{"embeddable":true,"href":"https:\/\/serveiseducatius.xtec.cat\/baixllobregat6\/wp-json\/wp\/v2\/users\/1"}],"replies":[{"embeddable":true,"href":"https:\/\/serveiseducatius.xtec.cat\/baixllobregat6\/wp-json\/wp\/v2\/comments?post=1791"}],"version-history":[{"count":1,"href":"https:\/\/serveiseducatius.xtec.cat\/baixllobregat6\/wp-json\/wp\/v2\/posts\/1791\/revisions"}],"predecessor-version":[{"id":6281,"href":"https:\/\/serveiseducatius.xtec.cat\/baixllobregat6\/wp-json\/wp\/v2\/posts\/1791\/revisions\/6281"}],"wp:attachment":[{"href":"https:\/\/serveiseducatius.xtec.cat\/baixllobregat6\/wp-json\/wp\/v2\/media?parent=1791"}],"wp:term":[{"taxonomy":"category","embeddable":true,"href":"https:\/\/serveiseducatius.xtec.cat\/baixllobregat6\/wp-json\/wp\/v2\/categories?post=1791"},{"taxonomy":"post_tag","embeddable":true,"href":"https:\/\/serveiseducatius.xtec.cat\/baixllobregat6\/wp-json\/wp\/v2\/tags?post=1791"}],"curies":[{"name":"wp","href":"https:\/\/api.w.org\/{rel}","templated":true}]}}