{"id":17777,"date":"2019-11-27T10:19:23","date_gmt":"2019-11-27T09:19:23","guid":{"rendered":"http:\/\/serveiseducatius.xtec.cat\/baixllobregat6\/?p=17777"},"modified":"2020-02-18T11:06:20","modified_gmt":"2020-02-18T10:06:20","slug":"presentacio-del-laboratori-de-lectura-el-gran-circ-de-la-por","status":"publish","type":"post","link":"https:\/\/serveiseducatius.xtec.cat\/baixllobregat6\/biblioteca-escolar\/seminari-de-biblioteques-escolars\/presentacio-del-laboratori-de-lectura-el-gran-circ-de-la-por\/","title":{"rendered":"Presentaci\u00f3 del laboratori de lectura &#8220;El gran circ de la por&#8221;"},"content":{"rendered":"<table>\n<tbody>\n<tr>\n<td><img loading=\"lazy\" decoding=\"async\" class=\"alignnone wp-image-17780\" src=\"https:\/\/serveiseducatius.xtec.cat\/baixllobregat6\/wp-content\/uploads\/usu778\/2019\/11\/IMG_20191126_161034.jpg\" alt=\"\" width=\"350\" height=\"266\" srcset=\"https:\/\/serveiseducatius.xtec.cat\/baixllobregat6\/wp-content\/uploads\/usu778\/2019\/11\/IMG_20191126_161034.jpg 800w, https:\/\/serveiseducatius.xtec.cat\/baixllobregat6\/wp-content\/uploads\/usu778\/2019\/11\/IMG_20191126_161034-520x395.jpg 520w, https:\/\/serveiseducatius.xtec.cat\/baixllobregat6\/wp-content\/uploads\/usu778\/2019\/11\/IMG_20191126_161034-768x583.jpg 768w\" sizes=\"auto, (max-width: 350px) 100vw, 350px\" \/><\/td>\n<td><img loading=\"lazy\" decoding=\"async\" class=\"alignnone wp-image-17781\" src=\"https:\/\/serveiseducatius.xtec.cat\/baixllobregat6\/wp-content\/uploads\/usu778\/2019\/11\/IMG_20191126_161441.jpg\" alt=\"\" width=\"350\" height=\"263\" srcset=\"https:\/\/serveiseducatius.xtec.cat\/baixllobregat6\/wp-content\/uploads\/usu778\/2019\/11\/IMG_20191126_161441.jpg 800w, https:\/\/serveiseducatius.xtec.cat\/baixllobregat6\/wp-content\/uploads\/usu778\/2019\/11\/IMG_20191126_161441-520x390.jpg 520w, https:\/\/serveiseducatius.xtec.cat\/baixllobregat6\/wp-content\/uploads\/usu778\/2019\/11\/IMG_20191126_161441-768x576.jpg 768w, https:\/\/serveiseducatius.xtec.cat\/baixllobregat6\/wp-content\/uploads\/usu778\/2019\/11\/IMG_20191126_161441-200x150.jpg 200w\" sizes=\"auto, (max-width: 350px) 100vw, 350px\" \/><\/td>\n<\/tr>\n<tr>\n<td><img loading=\"lazy\" decoding=\"async\" class=\"alignnone wp-image-17779\" style=\"background-color: #ffffff;\" src=\"https:\/\/serveiseducatius.xtec.cat\/baixllobregat6\/wp-content\/uploads\/usu778\/2019\/11\/IMG_20191126_161023.jpg\" alt=\"\" width=\"350\" height=\"234\" srcset=\"https:\/\/serveiseducatius.xtec.cat\/baixllobregat6\/wp-content\/uploads\/usu778\/2019\/11\/IMG_20191126_161023.jpg 800w, https:\/\/serveiseducatius.xtec.cat\/baixllobregat6\/wp-content\/uploads\/usu778\/2019\/11\/IMG_20191126_161023-520x347.jpg 520w, https:\/\/serveiseducatius.xtec.cat\/baixllobregat6\/wp-content\/uploads\/usu778\/2019\/11\/IMG_20191126_161023-768x513.jpg 768w\" sizes=\"auto, (max-width: 350px) 100vw, 350px\" \/><\/td>\n<td><img loading=\"lazy\" decoding=\"async\" class=\"alignnone wp-image-17778\" src=\"https:\/\/serveiseducatius.xtec.cat\/baixllobregat6\/wp-content\/uploads\/usu778\/2019\/11\/IMG_20191126_162140.jpg\" alt=\"\" width=\"350\" height=\"231\" srcset=\"https:\/\/serveiseducatius.xtec.cat\/baixllobregat6\/wp-content\/uploads\/usu778\/2019\/11\/IMG_20191126_162140.jpg 800w, https:\/\/serveiseducatius.xtec.cat\/baixllobregat6\/wp-content\/uploads\/usu778\/2019\/11\/IMG_20191126_162140-520x343.jpg 520w, https:\/\/serveiseducatius.xtec.cat\/baixllobregat6\/wp-content\/uploads\/usu778\/2019\/11\/IMG_20191126_162140-768x507.jpg 768w\" sizes=\"auto, (max-width: 350px) 100vw, 350px\" \/><\/td>\n<\/tr>\n<\/tbody>\n<\/table>\n<blockquote><p>Els laboratoris de lectura s\u00f3n activitats de promoci\u00f3 de la lectura i formaci\u00f3 liter\u00e0ria on es convida les participants a crear i experimentar al voltant de la lectura.<\/p><\/blockquote>\n<p><!--more-->En el marc del Seminari de biblioteques escolars \u00e9s va presentar el laboratori de lectura <strong>&#8220;El gran circ de la por&#8221;<\/strong>, una proposta adre\u00e7ada a l&#8217;alumnat d&#8217;educaci\u00f3 infantil i cicle inicial elaborada per la <strong>Pilar Andi\u00f3n<\/strong> (Esc Puig d&#8217;Agulles, de Corbera de Llobregat), la <strong>Laura Mu\u00f1oz<\/strong> (Esc El Solell, de La Palma de Cervell\u00f3) i la <strong>Carol Varela<\/strong> (Esc Pompeu Fabra, de Vallirana). Aquest laboratori \u00e9s el resultat d&#8217;un treball iniciat el curs passat, per\u00edode en qual tamb\u00e9 van comptar amb la col\u00b7laboraci\u00f3 de la Gisela Ca\u00f1adell (Esc Sant Antoni, de Sant Vicen\u00e7 dels Horts) i Lourdes Torreblanca (Esc La Gu\u00e0rdia, de Sant Vicen\u00e7 dels Horts).<\/p>\n<p><strong>&#8220;El gran circ de la por&#8221;<\/strong>, segueix la filosofia que amara els laboratoris de lectura, fa protagonista el llibre i les activitats lectores que es deriven de la seva presentaci\u00f3, i deixa un espai per a la creativitat (la creaci\u00f3 del propi monstre per part dels participants). L&#8217;esquer d&#8217;aquest laboratori \u00e9s el llibre d&#8217;Ana Maria Machado <em><strong>&#8220;El domador de monstres&#8221;<\/strong><\/em>, a partir del qual es fa un recorregut sobre les pors acompanyat d&#8217;un conjunt d&#8217;\u00e0lbums il\u00b7lustrats i altres contes que tenen un denominador com\u00fa: la por acompanyada d&#8217;una gran diversitat de monstres i de dolents.<\/p>\n","protected":false},"excerpt":{"rendered":"<p>Els laboratoris de lectura s\u00f3n activitats de promoci\u00f3 de la lectura i formaci\u00f3 liter\u00e0ria on es convida les participants a crear i experimentar al voltant de la lectura.<\/p>\n","protected":false},"author":1,"featured_media":17778,"comment_status":"open","ping_status":"closed","sticky":false,"template":"","format":"standard","meta":{"_bbp_topic_count":0,"_bbp_reply_count":0,"_bbp_total_topic_count":0,"_bbp_total_reply_count":0,"_bbp_voice_count":0,"_bbp_anonymous_reply_count":0,"_bbp_topic_count_hidden":0,"_bbp_reply_count_hidden":0,"_bbp_forum_subforum_count":0,"site-sidebar-layout":"default","site-content-layout":"","ast-site-content-layout":"","site-content-style":"default","site-sidebar-style":"default","ast-global-header-display":"","ast-banner-title-visibility":"","ast-main-header-display":"","ast-hfb-above-header-display":"","ast-hfb-below-header-display":"","ast-hfb-mobile-header-display":"","site-post-title":"","ast-breadcrumbs-content":"","ast-featured-img":"","footer-sml-layout":"","theme-transparent-header-meta":"","adv-header-id-meta":"","stick-header-meta":"","header-above-stick-meta":"","header-main-stick-meta":"","header-below-stick-meta":"","astra-migrate-meta-layouts":"default","ast-page-background-enabled":"default","ast-page-background-meta":{"desktop":{"background-color":"var(--ast-global-color-4)","background-image":"","background-repeat":"repeat","background-position":"center center","background-size":"auto","background-attachment":"scroll","background-type":"","background-media":"","overlay-type":"","overlay-color":"","overlay-opacity":"","overlay-gradient":""},"tablet":{"background-color":"","background-image":"","background-repeat":"repeat","background-position":"center center","background-size":"auto","background-attachment":"scroll","background-type":"","background-media":"","overlay-type":"","overlay-color":"","overlay-opacity":"","overlay-gradient":""},"mobile":{"background-color":"","background-image":"","background-repeat":"repeat","background-position":"center center","background-size":"auto","background-attachment":"scroll","background-type":"","background-media":"","overlay-type":"","overlay-color":"","overlay-opacity":"","overlay-gradient":""}},"ast-content-background-meta":{"desktop":{"background-color":"var(--ast-global-color-5)","background-image":"","background-repeat":"repeat","background-position":"center center","background-size":"auto","background-attachment":"scroll","background-type":"","background-media":"","overlay-type":"","overlay-color":"","overlay-opacity":"","overlay-gradient":""},"tablet":{"background-color":"var(--ast-global-color-5)","background-image":"","background-repeat":"repeat","background-position":"center center","background-size":"auto","background-attachment":"scroll","background-type":"","background-media":"","overlay-type":"","overlay-color":"","overlay-opacity":"","overlay-gradient":""},"mobile":{"background-color":"var(--ast-global-color-5)","background-image":"","background-repeat":"repeat","background-position":"center center","background-size":"auto","background-attachment":"scroll","background-type":"","background-media":"","overlay-type":"","overlay-color":"","overlay-opacity":"","overlay-gradient":""}},"footnotes":""},"categories":[1129,1071],"tags":[215,1436,272,360,2091,1757,2210,1914],"class_list":["post-17777","post","type-post","status-publish","format-standard","has-post-thumbnail","hentry","category-activitats-biblioteca","category-seminari-de-biblioteques-escolars","tag-albums-illustrats","tag-biblioreport","tag-biblioteca-escolar","tag-conte","tag-creativitat","tag-laboratori-de-lectura","tag-projectes-de-lectura","tag-promocio-de-la-lectura"],"post_mailing_queue_ids":[],"_links":{"self":[{"href":"https:\/\/serveiseducatius.xtec.cat\/baixllobregat6\/wp-json\/wp\/v2\/posts\/17777","targetHints":{"allow":["GET"]}}],"collection":[{"href":"https:\/\/serveiseducatius.xtec.cat\/baixllobregat6\/wp-json\/wp\/v2\/posts"}],"about":[{"href":"https:\/\/serveiseducatius.xtec.cat\/baixllobregat6\/wp-json\/wp\/v2\/types\/post"}],"author":[{"embeddable":true,"href":"https:\/\/serveiseducatius.xtec.cat\/baixllobregat6\/wp-json\/wp\/v2\/users\/1"}],"replies":[{"embeddable":true,"href":"https:\/\/serveiseducatius.xtec.cat\/baixllobregat6\/wp-json\/wp\/v2\/comments?post=17777"}],"version-history":[{"count":3,"href":"https:\/\/serveiseducatius.xtec.cat\/baixllobregat6\/wp-json\/wp\/v2\/posts\/17777\/revisions"}],"predecessor-version":[{"id":17799,"href":"https:\/\/serveiseducatius.xtec.cat\/baixllobregat6\/wp-json\/wp\/v2\/posts\/17777\/revisions\/17799"}],"wp:featuredmedia":[{"embeddable":true,"href":"https:\/\/serveiseducatius.xtec.cat\/baixllobregat6\/wp-json\/wp\/v2\/media\/17778"}],"wp:attachment":[{"href":"https:\/\/serveiseducatius.xtec.cat\/baixllobregat6\/wp-json\/wp\/v2\/media?parent=17777"}],"wp:term":[{"taxonomy":"category","embeddable":true,"href":"https:\/\/serveiseducatius.xtec.cat\/baixllobregat6\/wp-json\/wp\/v2\/categories?post=17777"},{"taxonomy":"post_tag","embeddable":true,"href":"https:\/\/serveiseducatius.xtec.cat\/baixllobregat6\/wp-json\/wp\/v2\/tags?post=17777"}],"curies":[{"name":"wp","href":"https:\/\/api.w.org\/{rel}","templated":true}]}}