{"id":17576,"date":"2019-11-20T08:50:02","date_gmt":"2019-11-20T07:50:02","guid":{"rendered":"http:\/\/serveiseducatius.xtec.cat\/baixllobregat6\/?p=17576"},"modified":"2019-11-21T23:15:19","modified_gmt":"2019-11-21T22:15:19","slug":"lany-brossa-el-poeta-i-el-sonet-sobre-la-mort-de-sa-excremencia-francisco-franco","status":"publish","type":"post","link":"https:\/\/serveiseducatius.xtec.cat\/baixllobregat6\/se-baixllobregat6\/lany-brossa-el-poeta-i-el-sonet-sobre-la-mort-de-sa-excremencia-francisco-franco\/","title":{"rendered":"L&#8217;Any Brossa, el poeta i el seu sonet sobre la mort de Sa Excrem\u00e8ncia Francisco Franco"},"content":{"rendered":"<p style=\"text-align: left;\">Enguany, des del 19 de gener del 2019, se celebra l\u2019<strong>Any Joan Brossa<\/strong> amb motiu de la commemoraci\u00f3 del centenari del naixement del poeta. L\u2019Any Joan Brossa \u00e9s comissariat per Manel Guerrero i coordinat des de la <a href=\"http:\/\/www.fundaciojoanbrossa.cat\/ampliacio.php?menu2=35&amp;id=107&amp;idmenu=1\" target=\"_blank\" rel=\"noopener noreferrer\"><strong>Fundaci\u00f3 Joan Brossa<\/strong><\/a> per Judith Barn\u00e9s.<\/p>\n<p><img loading=\"lazy\" decoding=\"async\" class=\"alignnone wp-image-17581\" src=\"https:\/\/serveiseducatius.xtec.cat\/baixllobregat6\/wp-content\/uploads\/usu778\/2019\/11\/Joan-Brossa-El-pedestal-son-les-sabates-08172911-e1541694582829.png\" alt=\"\" width=\"1095\" height=\"487\" srcset=\"https:\/\/serveiseducatius.xtec.cat\/baixllobregat6\/wp-content\/uploads\/usu778\/2019\/11\/Joan-Brossa-El-pedestal-son-les-sabates-08172911-e1541694582829.png 895w, https:\/\/serveiseducatius.xtec.cat\/baixllobregat6\/wp-content\/uploads\/usu778\/2019\/11\/Joan-Brossa-El-pedestal-son-les-sabates-08172911-e1541694582829-520x231.png 520w, https:\/\/serveiseducatius.xtec.cat\/baixllobregat6\/wp-content\/uploads\/usu778\/2019\/11\/Joan-Brossa-El-pedestal-son-les-sabates-08172911-e1541694582829-768x342.png 768w\" sizes=\"auto, (max-width: 1095px) 100vw, 1095px\" \/><\/p>\n<p>Avui que \u00e9s 20 de novembre, i abans de prosseguir amb les principals actuacions que es porten a terme a l&#8217;Any Brossa, podem reparar en el sonet que el poeta va escriure un cop es va confirmar la mort del dictador Francisco Franco.<!--more--><\/p>\n<table style=\"height: 508px; width: 804px; border-style: hidden;\" width=\"804\">\n<tbody>\n<tr style=\"height: 505px;\">\n<td style=\"width: 320.8px; border-style: hidden; height: 505px; text-align: center;\">\n<p style=\"text-align: left;\"><em><strong>FINAL<\/strong><\/em><\/p>\n<p style=\"background: white; margin: 12pt 0cm 0pt; text-align: left;\"><span style=\"font-family: 'Arial','sans-serif'; color: black;\">-Havies d&#8217;haver fet una altra fi;<br \/>\net mereixies, hip\u00f2crita, un mur a<br \/>\nun altre clos. La teva dictadura,<br \/>\nla teva puta vida d&#8217;assass\u00ed,<\/span><\/p>\n<p>&nbsp;<\/p>\n<p style=\"text-align: left;\">quin incendi de sang! Podrit botx\u00ed,<br \/>\nprou t&#8217;havia d&#8217;haver estovat la dura<br \/>\nfosca dels pobles, donat a tortura,<br \/>\npenjat d&#8217;un arbre al fons d&#8217;algun cam\u00ed.<\/p>\n<p style=\"text-align: left;\">Rata de la m\u00e9s mala delinq\u00fc\u00e8ncia,<br \/>\nt&#8217;esqueia una altra mort amb viol\u00e8ncia,<br \/>\nla fi de tants des d&#8217;aquell juliol.<\/p>\n<p style=\"text-align: left;\">Per\u00f2 l&#8217;has feta de tir\u00e0 espanyol,<br \/>\nsol i hivernat, gargall de la ci\u00e8ncia<br \/>\ni amb tuf de sang i merda, Sa Excrem\u00e8ncia!-<\/p>\n<p style=\"text-align: left;\">Gl\u00f2ria del bunyol,<br \/>\nha mort el dictador m\u00e9s vell d&#8217;Europa.<br \/>\nUna abra\u00e7ada, amor, i alcem la copa!<\/p>\n<\/td>\n<td style=\"width: 20px; border-style: hidden; height: 505px;\"><\/td>\n<td style=\"width: 455.2px; border-style: hidden; height: 505px;\"><img loading=\"lazy\" decoding=\"async\" class=\"alignnone wp-image-17578\" src=\"https:\/\/serveiseducatius.xtec.cat\/baixllobregat6\/wp-content\/uploads\/usu778\/2019\/11\/fatxeshendaya.png\" alt=\"\" width=\"444\" height=\"478\" srcset=\"https:\/\/serveiseducatius.xtec.cat\/baixllobregat6\/wp-content\/uploads\/usu778\/2019\/11\/fatxeshendaya.png 584w, https:\/\/serveiseducatius.xtec.cat\/baixllobregat6\/wp-content\/uploads\/usu778\/2019\/11\/fatxeshendaya-484x520.png 484w\" sizes=\"auto, (max-width: 444px) 100vw, 444px\" \/><\/td>\n<\/tr>\n<\/tbody>\n<\/table>\n<p>El cantant badalon\u00ed Miguel Poveda, en el seu disc &#8220;Desgla\u00e7&#8221; dedicat a poetes catalans, interpreta aquest sonet de Joan Brossa amb una peculiar fusi\u00f3 entre el tango i el flamenc.<\/p>\n<p><iframe loading=\"lazy\" src=\"https:\/\/www.youtube.com\/embed\/dKe_vx1VWZs\" width=\"560\" height=\"315\" frameborder=\"0\" allowfullscreen=\"allowfullscreen\"><\/iframe><\/p>\n<p>&#8220;Final&#8221;, no era l&#8217;\u00fanic sonet que Brossa havia dedicat a Franco, for\u00e7a anys abans de la mort del dictador, va escriure &#8220;La pau de l&#8217;abisme&#8221;<\/p>\n<p><em><br \/>\n<\/em><strong><em>LA PAU DE L\u2019ABISME<\/em><\/strong><\/p>\n<p><em>Fill de puta, no marxes? L\u2019abisme \u00e9s un perill<br \/>\n<\/em><em style=\"font-family: inherit; font-size: 1em;\">pel ramat i les plantes. Infeli\u00e7, \u00bfquin bandarra<br \/>\n<\/em><em>sopa a la teva mina? \u00bfNo veus el port senzill<br \/>\n<\/em><em style=\"font-family: inherit; font-size: 1em;\">del clar de lluna? El brau prepara la guitarra<\/em><\/p>\n<p><em>per les portes i els cr\u00e0ters. Trist cabdell de cordill,<br \/>\n<\/em><em style=\"font-family: inherit; font-size: 1em;\">avar de les ortigues, tanques el cel amb barra<br \/>\n<\/em><em>i degolles els bous. \u00bfPer qu\u00e8 no marxes, fill<br \/>\n<\/em><em style=\"font-family: inherit; font-size: 1em;\">de puta? \u00bfPer ventura la tenebra t\u2019amarra<\/em><\/p>\n<p><em>damunt de tu mateix? \u00bfO potser el teu gran cul<br \/>\n<\/em><em style=\"font-family: inherit; font-size: 1em;\">troba el m\u00f3n tosc i gruny i amaga l\u2019arma bruta?<br \/>\n<\/em><em>Oh poble, salta el mar! Rebat aquest insult<\/em><em>\u00a0<\/em><\/p>\n<p><em>tan sinistre, amor meu. Escorxa el qui et disputa<br \/>\n<\/em><em style=\"font-family: inherit; font-size: 1em;\">la paret de la platja. Ah, tant d\u2019odi insepult,<br \/>\n<\/em><em>suma de res! Per qu\u00e8 no marxes, fill de puta?<\/em><\/p>\n<p>&nbsp;<\/p>\n<p style=\"text-align: left;\">L&#8217;<strong><em>Any Brossa<\/em><\/strong>, a banda de consolidar la seu de la Fundaci\u00f3 com un espai de refer\u00e8ncia per a la ciutat de Barcelona, l\u2019Any Joan Brossa t\u00e9 alguns objectius a assolir. En primer lloc, <strong>aconseguir l\u2019edici\u00f3 i\/o reedici\u00f3 de la poesia de Brossa\u00a0<\/strong>per tal que s\u2019hi pugui accedir f\u00e0cilment i es fomenti la lectura i el coneixement del corpus po\u00e8tic brossi\u00e0. En segon lloc,\u00a0<strong>generar noves mirades a partir de l\u2019obra del poeta<\/strong>\u00a0per afavorir-ne la representaci\u00f3 en l\u2019\u00e0mbit del teatre i l\u2019experimentaci\u00f3 en el camp de la pr\u00e0ctica art\u00edstica tot donant cabuda a noves generacions de creadors. Per acabar,\u00a0<strong>teixir una constel\u00b7laci\u00f3 brossiana potent<\/strong>\u00a0que aculli totes aquelles entitats que vulguin retre homenatge al poeta i que tinguin inter\u00e8s a formar part de l\u2019Any Brossa.<\/p>\n<p>En l\u2019\u00e0mbit de les publicacions cal destacar l\u2019edici\u00f3 del cat\u00e0leg raonat sobre la poesia visual de Joan Brossa a c\u00e0rrec de la Fundaci\u00f3n Azcona i el tancament de l\u2019edici\u00f3 del teatre complet <em>Poesia esc\u00e8nica<\/em> d\u2019Arola Editors a cura de Gl\u00f2ria Bordons i d\u2019H\u00e9ctor Mellinas. Altres esdeveniments rellevants per a l\u2019Any Brossa s\u00f3n el congr\u00e9s acad\u00e8mic <strong>\u2018II Simposi Internacional Joan Brossa. Els arbres varien segons el terreny\u2019<\/strong>, organitzat pel grup de recerca Poci\u00f3. Poesia i Educaci\u00f3 de la Universitat de Barcelona, i la presentaci\u00f3 del documental\u00a0<a href=\"https:\/\/www.ccma.cat\/premsa\/el-documental-del-33-estrena-brossa-la-insurreccio-poetica\/nota-de-premsa\/2907335\/\" target=\"_blank\" rel=\"noopener noreferrer\"><strong>\u2018Brossa\u2019<\/strong>,<\/a> produ\u00eft per ZEBA, a la Filmoteca de Catalunya i em\u00e8s a TV3.<\/p>\n<p>La Fundaci\u00f3 sumar\u00e0 esfor\u00e7os amb altres entitats culturals afins i col\u00b7lectius com s\u00f3n l\u2019Escenari Joan Brossa, el MACBA, el Teatre Nacional de Catalunya, la Filmoteca de Catalunya, la Fundaci\u00f3 Joan Mir\u00f3, la Fundaci\u00f3 Antoni T\u00e0pies, L\u2019Auditori, etc. per tal de fer arribar l\u2019univers creatiu del poeta arreu.<\/p>\n<p>Tamb\u00e9 \u00e9s interessant destacar el paper que tenen els centres educatius en la celebraci\u00f3 de l&#8217;Any Brossa. Mitjan\u00e7ant una sinapsi dels nodes de la XTEC, podem comprovar la diversificaci\u00f3 de propostes fetes tant a l&#8217;educaci\u00f3 prim\u00e0ria com a l&#8217;educaci\u00f3 secund\u00e0ria.<\/p>\n<p><iframe style=\"display: block; width: 100%; border: none;\" src=\" https:\/\/sinapsi.xtec.cat\/ca\/?page=1&amp;search=%22Joan%20Brossa%22\" height=\"6180\"><\/iframe><\/p>\n","protected":false},"excerpt":{"rendered":"<p>Enguany, des del 19 de gener del 2019, se celebra l\u2019Any Joan Brossa amb motiu de la commemoraci\u00f3 del centenari del naixement del poeta. L\u2019Any Joan Brossa \u00e9s comissariat per Manel Guerrero i coordinat des de la Fundaci\u00f3 Joan Brossa per Judith Barn\u00e9s. Avui que \u00e9s 20 de novembre, i abans de prosseguir amb les [&hellip;]<\/p>\n","protected":false},"author":1,"featured_media":17581,"comment_status":"open","ping_status":"closed","sticky":false,"template":"","format":"standard","meta":{"_bbp_topic_count":0,"_bbp_reply_count":0,"_bbp_total_topic_count":0,"_bbp_total_reply_count":0,"_bbp_voice_count":0,"_bbp_anonymous_reply_count":0,"_bbp_topic_count_hidden":0,"_bbp_reply_count_hidden":0,"_bbp_forum_subforum_count":0,"site-sidebar-layout":"default","site-content-layout":"","ast-site-content-layout":"","site-content-style":"default","site-sidebar-style":"default","ast-global-header-display":"","ast-banner-title-visibility":"","ast-main-header-display":"","ast-hfb-above-header-display":"","ast-hfb-below-header-display":"","ast-hfb-mobile-header-display":"","site-post-title":"","ast-breadcrumbs-content":"","ast-featured-img":"","footer-sml-layout":"","theme-transparent-header-meta":"","adv-header-id-meta":"","stick-header-meta":"","header-above-stick-meta":"","header-main-stick-meta":"","header-below-stick-meta":"","astra-migrate-meta-layouts":"default","ast-page-background-enabled":"default","ast-page-background-meta":{"desktop":{"background-color":"var(--ast-global-color-4)","background-image":"","background-repeat":"repeat","background-position":"center center","background-size":"auto","background-attachment":"scroll","background-type":"","background-media":"","overlay-type":"","overlay-color":"","overlay-opacity":"","overlay-gradient":""},"tablet":{"background-color":"","background-image":"","background-repeat":"repeat","background-position":"center center","background-size":"auto","background-attachment":"scroll","background-type":"","background-media":"","overlay-type":"","overlay-color":"","overlay-opacity":"","overlay-gradient":""},"mobile":{"background-color":"","background-image":"","background-repeat":"repeat","background-position":"center center","background-size":"auto","background-attachment":"scroll","background-type":"","background-media":"","overlay-type":"","overlay-color":"","overlay-opacity":"","overlay-gradient":""}},"ast-content-background-meta":{"desktop":{"background-color":"var(--ast-global-color-5)","background-image":"","background-repeat":"repeat","background-position":"center center","background-size":"auto","background-attachment":"scroll","background-type":"","background-media":"","overlay-type":"","overlay-color":"","overlay-opacity":"","overlay-gradient":""},"tablet":{"background-color":"var(--ast-global-color-5)","background-image":"","background-repeat":"repeat","background-position":"center center","background-size":"auto","background-attachment":"scroll","background-type":"","background-media":"","overlay-type":"","overlay-color":"","overlay-opacity":"","overlay-gradient":""},"mobile":{"background-color":"var(--ast-global-color-5)","background-image":"","background-repeat":"repeat","background-position":"center center","background-size":"auto","background-attachment":"scroll","background-type":"","background-media":"","overlay-type":"","overlay-color":"","overlay-opacity":"","overlay-gradient":""}},"footnotes":""},"categories":[81,29],"tags":[2205,1436,2207,2204,831,2206],"class_list":["post-17576","post","type-post","status-publish","format-standard","has-post-thumbnail","hentry","category-biblioteca-escolar","category-se-baixllobregat6","tag-any-brossa","tag-biblioreport","tag-francisco-franco","tag-joan-brossa","tag-poesia","tag-sonet"],"post_mailing_queue_ids":[],"_links":{"self":[{"href":"https:\/\/serveiseducatius.xtec.cat\/baixllobregat6\/wp-json\/wp\/v2\/posts\/17576","targetHints":{"allow":["GET"]}}],"collection":[{"href":"https:\/\/serveiseducatius.xtec.cat\/baixllobregat6\/wp-json\/wp\/v2\/posts"}],"about":[{"href":"https:\/\/serveiseducatius.xtec.cat\/baixllobregat6\/wp-json\/wp\/v2\/types\/post"}],"author":[{"embeddable":true,"href":"https:\/\/serveiseducatius.xtec.cat\/baixllobregat6\/wp-json\/wp\/v2\/users\/1"}],"replies":[{"embeddable":true,"href":"https:\/\/serveiseducatius.xtec.cat\/baixllobregat6\/wp-json\/wp\/v2\/comments?post=17576"}],"version-history":[{"count":3,"href":"https:\/\/serveiseducatius.xtec.cat\/baixllobregat6\/wp-json\/wp\/v2\/posts\/17576\/revisions"}],"predecessor-version":[{"id":17738,"href":"https:\/\/serveiseducatius.xtec.cat\/baixllobregat6\/wp-json\/wp\/v2\/posts\/17576\/revisions\/17738"}],"wp:featuredmedia":[{"embeddable":true,"href":"https:\/\/serveiseducatius.xtec.cat\/baixllobregat6\/wp-json\/wp\/v2\/media\/17581"}],"wp:attachment":[{"href":"https:\/\/serveiseducatius.xtec.cat\/baixllobregat6\/wp-json\/wp\/v2\/media?parent=17576"}],"wp:term":[{"taxonomy":"category","embeddable":true,"href":"https:\/\/serveiseducatius.xtec.cat\/baixllobregat6\/wp-json\/wp\/v2\/categories?post=17576"},{"taxonomy":"post_tag","embeddable":true,"href":"https:\/\/serveiseducatius.xtec.cat\/baixllobregat6\/wp-json\/wp\/v2\/tags?post=17576"}],"curies":[{"name":"wp","href":"https:\/\/api.w.org\/{rel}","templated":true}]}}