{"id":17448,"date":"2019-11-06T12:17:25","date_gmt":"2019-11-06T11:17:25","guid":{"rendered":"http:\/\/serveiseducatius.xtec.cat\/baixllobregat6\/?p=17448"},"modified":"2019-11-06T12:42:36","modified_gmt":"2019-11-06T11:42:36","slug":"al-sur-de-la-alameda-una-novella-grafica-per-entendre-la-llavor-del-conflicte","status":"publish","type":"post","link":"https:\/\/serveiseducatius.xtec.cat\/baixllobregat6\/se-baixllobregat6\/al-sur-de-la-alameda-una-novella-grafica-per-entendre-la-llavor-del-conflicte\/","title":{"rendered":"&#8220;Al sur de la Alameda&#8221;, una novel\u00b7la gr\u00e0fica per entendre la llavor del conflicte&#8230;"},"content":{"rendered":"<blockquote><p>Una hist\u00f2ria allunyada en el temps per\u00f2 actual quant als continguts. Una hist\u00f2ria que ens permet entendre la reacci\u00f3 de nombrosos col\u00b7lectius davant el poder que els menyst\u00e9.<\/p><\/blockquote>\n<p><img loading=\"lazy\" decoding=\"async\" class=\"alignleft wp-image-17449\" src=\"https:\/\/serveiseducatius.xtec.cat\/baixllobregat6\/wp-content\/uploads\/usu778\/2019\/11\/alameda1-520x374.jpg\" alt=\"\" width=\"350\" height=\"252\" srcset=\"https:\/\/serveiseducatius.xtec.cat\/baixllobregat6\/wp-content\/uploads\/usu778\/2019\/11\/alameda1-520x374.jpg 520w, https:\/\/serveiseducatius.xtec.cat\/baixllobregat6\/wp-content\/uploads\/usu778\/2019\/11\/alameda1.jpg 720w\" sizes=\"auto, (max-width: 350px) 100vw, 350px\" \/>Un dia abans de la fi de la dictadura militar de Pinochet a Xile, es proclama la llei educativa coneguda com LOCE (1990) que es va a mantenir durant 16 anys tot i la caiguda del dictador. Durant tot aquest temps va ser molt criticada. I al maig de 2006 centenars d&#8217;estudiants xilens de l&#8217;escola secund\u00e0ria van prendre les seves escoles en senyal de protesta, l&#8217;espurna que va encendre la rebel\u00b7li\u00f3 va ser l&#8217;increment del preu de la prova d&#8217;acc\u00e9s a la universitat. Reclamaven contra la Llei d&#8217;Educaci\u00f3, contra la desigualtat i contra el lucre que a Xile es feia amb l&#8217;educaci\u00f3. Se la va anomenar la <em>Revoluci\u00f3 dels Ping\u00fcins<\/em>, pels uniformes que portaven els estudiants. <em><strong>Al sur de la Alameda, diario de una toma<\/strong><\/em>, de Lola Larra i il\u00b7lustrada per Vicente Reinamontes, \u00e9s una novel\u00b7la gr\u00e0fica que s&#8217;inspira lliurement en aquests esdeveniments.<\/p>\n<p><img loading=\"lazy\" decoding=\"async\" class=\"alignleft wp-image-17450\" src=\"https:\/\/serveiseducatius.xtec.cat\/baixllobregat6\/wp-content\/uploads\/usu778\/2019\/11\/alsuralameda.jpg\" alt=\"\" width=\"200\" height=\"286\" \/> La hist\u00f2ria se situa en un petit institut al sud de l&#8217;Alameda, a la ciutat de Santiago de Xile \u00e9s ocupat pels estudiants, que decideixen unir-se a les protestes del pa\u00eds. La hist\u00f2ria \u00e9s explicada per un dels protagonistes de la presa, Nicol\u00e1s, el millor porter de l&#8217;equip de futbol, \u200b\u200bque s&#8217;avorreix a les llargues assemblees i escriu en el seu quadern un diari de &#8220;la toma&#8221;. En aquest <span style=\"font-family: inherit; font-size: 1em;\">diari queda reflectit que els adolescents a m\u00e9s de jugar a futbol o lligar, tamb\u00e9 s&#8217;impliquen en all\u00f2 que passa a la societat, que poden opinar i comprometre&#8217;s. A m\u00e9s d&#8217;en Nicol\u00e1s, hi ha un segon narrador que observa el que passa des d&#8217;una finestra del davant del centre on tot sembla haver canviat: les aules, el pati i, fins i tot, els mateixos alumnes, que semblen ser uns altres quan es veuen enfrontats als desafiaments de la mobilitzaci\u00f3 estudiantil.<\/span><\/p>\n<p>\u00c9s una hist\u00f2ria inici\u00e0tica narrada en dos nivells: de text i d\u2019imatge, de manera semblant com ho va fer Brian Selznick amb <em>La invenci\u00f3 d\u2019Hugo Cabret<\/em> i <em>Meravelles<\/em> (ambdues de Cru\u00eflla). \u00c9s un llibre que proposa de manera molt directa el comprom\u00eds pol\u00edtic i social als adolescents. Fou escollit com el millor llibre juvenil publicat a l\u2019estat espanyol el 2014 i Premi Andersen a It\u00e0lia el 2019.<\/p>\n<blockquote><p><b>AL SUR DE LA ALAMEDA. DIARIO DE UNA TOMA<\/b><br \/>\n<i>Autora:<\/i>\u00a0<b>Lola Parra<\/b><br \/>\n<i>Il\u00b7lustrador:\u00a0<\/i><b>Vicente Reinamontes<\/b><br \/>\n<i>Editorial:<\/i>\u00a0<b>Ekar\u00e9<\/b><br \/>\n<i>Any d\u2019edici\u00f3:<\/i>\u00a0<b>2014<\/b><br \/>\n<i>P\u00e0gines:\u00a0<b>286<\/b><\/i><br \/>\n<i>ISBN:<\/i>\u00a0978-84-942081-5-7<\/p><\/blockquote>\n","protected":false},"excerpt":{"rendered":"<p>Una hist\u00f2ria allunyada en el temps per\u00f2 actual quant als continguts. Una hist\u00f2ria que ens permet entendre la reacci\u00f3 de nombrosos col\u00b7lectius davant el poder que els menyst\u00e9. Un dia abans de la fi de la dictadura militar de Pinochet a Xile, es proclama la llei educativa coneguda com LOCE (1990) que es va a [&hellip;]<\/p>\n","protected":false},"author":1,"featured_media":17449,"comment_status":"open","ping_status":"closed","sticky":false,"template":"","format":"standard","meta":{"_bbp_topic_count":0,"_bbp_reply_count":0,"_bbp_total_topic_count":0,"_bbp_total_reply_count":0,"_bbp_voice_count":0,"_bbp_anonymous_reply_count":0,"_bbp_topic_count_hidden":0,"_bbp_reply_count_hidden":0,"_bbp_forum_subforum_count":0,"site-sidebar-layout":"default","site-content-layout":"","ast-site-content-layout":"","site-content-style":"default","site-sidebar-style":"default","ast-global-header-display":"","ast-banner-title-visibility":"","ast-main-header-display":"","ast-hfb-above-header-display":"","ast-hfb-below-header-display":"","ast-hfb-mobile-header-display":"","site-post-title":"","ast-breadcrumbs-content":"","ast-featured-img":"","footer-sml-layout":"","theme-transparent-header-meta":"","adv-header-id-meta":"","stick-header-meta":"","header-above-stick-meta":"","header-main-stick-meta":"","header-below-stick-meta":"","astra-migrate-meta-layouts":"default","ast-page-background-enabled":"default","ast-page-background-meta":{"desktop":{"background-color":"var(--ast-global-color-4)","background-image":"","background-repeat":"repeat","background-position":"center center","background-size":"auto","background-attachment":"scroll","background-type":"","background-media":"","overlay-type":"","overlay-color":"","overlay-opacity":"","overlay-gradient":""},"tablet":{"background-color":"","background-image":"","background-repeat":"repeat","background-position":"center center","background-size":"auto","background-attachment":"scroll","background-type":"","background-media":"","overlay-type":"","overlay-color":"","overlay-opacity":"","overlay-gradient":""},"mobile":{"background-color":"","background-image":"","background-repeat":"repeat","background-position":"center center","background-size":"auto","background-attachment":"scroll","background-type":"","background-media":"","overlay-type":"","overlay-color":"","overlay-opacity":"","overlay-gradient":""}},"ast-content-background-meta":{"desktop":{"background-color":"var(--ast-global-color-5)","background-image":"","background-repeat":"repeat","background-position":"center center","background-size":"auto","background-attachment":"scroll","background-type":"","background-media":"","overlay-type":"","overlay-color":"","overlay-opacity":"","overlay-gradient":""},"tablet":{"background-color":"var(--ast-global-color-5)","background-image":"","background-repeat":"repeat","background-position":"center center","background-size":"auto","background-attachment":"scroll","background-type":"","background-media":"","overlay-type":"","overlay-color":"","overlay-opacity":"","overlay-gradient":""},"mobile":{"background-color":"var(--ast-global-color-5)","background-image":"","background-repeat":"repeat","background-position":"center center","background-size":"auto","background-attachment":"scroll","background-type":"","background-media":"","overlay-type":"","overlay-color":"","overlay-opacity":"","overlay-gradient":""}},"footnotes":""},"categories":[1136,29],"tags":[1436,1405,395,597,695,763,771,2197],"class_list":["post-17448","post","type-post","status-publish","format-standard","has-post-thumbnail","hentry","category-comics-i-narrativa-grafica","category-se-baixllobregat6","tag-biblioreport","tag-conflictes","tag-desigualtats-socials","tag-historia","tag-literatura-juvenil","tag-narrativa-grafica","tag-novella","tag-revoltes-juvenils"],"post_mailing_queue_ids":[],"_links":{"self":[{"href":"https:\/\/serveiseducatius.xtec.cat\/baixllobregat6\/wp-json\/wp\/v2\/posts\/17448","targetHints":{"allow":["GET"]}}],"collection":[{"href":"https:\/\/serveiseducatius.xtec.cat\/baixllobregat6\/wp-json\/wp\/v2\/posts"}],"about":[{"href":"https:\/\/serveiseducatius.xtec.cat\/baixllobregat6\/wp-json\/wp\/v2\/types\/post"}],"author":[{"embeddable":true,"href":"https:\/\/serveiseducatius.xtec.cat\/baixllobregat6\/wp-json\/wp\/v2\/users\/1"}],"replies":[{"embeddable":true,"href":"https:\/\/serveiseducatius.xtec.cat\/baixllobregat6\/wp-json\/wp\/v2\/comments?post=17448"}],"version-history":[{"count":3,"href":"https:\/\/serveiseducatius.xtec.cat\/baixllobregat6\/wp-json\/wp\/v2\/posts\/17448\/revisions"}],"predecessor-version":[{"id":17453,"href":"https:\/\/serveiseducatius.xtec.cat\/baixllobregat6\/wp-json\/wp\/v2\/posts\/17448\/revisions\/17453"}],"wp:featuredmedia":[{"embeddable":true,"href":"https:\/\/serveiseducatius.xtec.cat\/baixllobregat6\/wp-json\/wp\/v2\/media\/17449"}],"wp:attachment":[{"href":"https:\/\/serveiseducatius.xtec.cat\/baixllobregat6\/wp-json\/wp\/v2\/media?parent=17448"}],"wp:term":[{"taxonomy":"category","embeddable":true,"href":"https:\/\/serveiseducatius.xtec.cat\/baixllobregat6\/wp-json\/wp\/v2\/categories?post=17448"},{"taxonomy":"post_tag","embeddable":true,"href":"https:\/\/serveiseducatius.xtec.cat\/baixllobregat6\/wp-json\/wp\/v2\/tags?post=17448"}],"curies":[{"name":"wp","href":"https:\/\/api.w.org\/{rel}","templated":true}]}}