{"id":17393,"date":"2019-10-14T21:29:03","date_gmt":"2019-10-14T19:29:03","guid":{"rendered":"http:\/\/serveiseducatius.xtec.cat\/baixllobregat6\/?p=17393"},"modified":"2019-11-07T10:51:30","modified_gmt":"2019-11-07T09:51:30","slug":"comunicat-de-lassociacio-catalana-de-professionals-de-centres-de-recursospedagogics","status":"publish","type":"post","link":"https:\/\/serveiseducatius.xtec.cat\/baixllobregat6\/se-baixllobregat6\/comunicat-de-lassociacio-catalana-de-professionals-de-centres-de-recursospedagogics\/","title":{"rendered":"Comunicat de l&#8217;ACPdeCRP en motiu de les sent\u00e8ncies de pres\u00f3 als l\u00edders pol\u00edtics i socials del proc\u00e9s independentista"},"content":{"rendered":"<p><img loading=\"lazy\" decoding=\"async\" class=\"aligncenter wp-image-17394 size-full\" src=\"https:\/\/serveiseducatius.xtec.cat\/baixllobregat6\/wp-content\/uploads\/usu778\/2019\/10\/logo-acpdecrp-GR2.png\" alt=\"\" width=\"2520\" height=\"550\" srcset=\"https:\/\/serveiseducatius.xtec.cat\/baixllobregat6\/wp-content\/uploads\/usu778\/2019\/10\/logo-acpdecrp-GR2.png 2520w, https:\/\/serveiseducatius.xtec.cat\/baixllobregat6\/wp-content\/uploads\/usu778\/2019\/10\/logo-acpdecrp-GR2-520x113.png 520w, https:\/\/serveiseducatius.xtec.cat\/baixllobregat6\/wp-content\/uploads\/usu778\/2019\/10\/logo-acpdecrp-GR2-768x168.png 768w, https:\/\/serveiseducatius.xtec.cat\/baixllobregat6\/wp-content\/uploads\/usu778\/2019\/10\/logo-acpdecrp-GR2-1024x223.png 1024w\" sizes=\"auto, (max-width: 2520px) 100vw, 2520px\" \/><\/p>\n<p>&nbsp;<\/p>\n<p>Els professionals dels Centres de Recursos Pedag\u00f2gics de Catalunya, en tant que docents i en conseq\u00fc\u00e8ncia, dedicats a l\u2019educaci\u00f3 del nostre pa\u00eds volem manifestar el nostre rebuig m\u00e9s frontal a les sent\u00e8ncies de pres\u00f3 a les que es condemna als nostres representants pol\u00edtics.<!--more--><\/p>\n<p>La democr\u00e0cia parlament\u00e0ria, sobre els valors de la qual edifiquem la conviv\u00e8ncia als nostres carrers i eduquem als nostres fills, basa els seus principis d\u2019acci\u00f3 en l\u2019intercanvi d\u2019idees a trav\u00e9s del di\u00e0leg i en la resoluci\u00f3 de les demandes socials mitjan\u00e7ant l\u2019exercici del sufragi universal.<\/p>\n<p>Com a mestres i professors som plenament responsables de fer arribar a les aules dels nostres centres educatius aquestes eines -la paraula i el vot- per aconseguir una societat m\u00e9s justa, inclusiva i igualit\u00e0ria, en la qual cada nen i cada nena construeixin el seu futur. A m\u00e9s, com a assessors educatius, des dels CRP som coneixedors de l\u2019esfor\u00e7 i de la feina que suposa aix\u00f2 en el dia a dia de cada escola i institut del nostre pa\u00eds.<\/p>\n<p>Despr\u00e9s de la imposici\u00f3 de penes de pres\u00f3 als representants pol\u00edtics que van donar veu i vot als anhels de m\u00e9s sobirania i llibertat d\u2019una part majorit\u00e0ria del poble de Catalunya, no podem sin\u00f3 preguntar-nos quin missatge ens transmet el poder judicial espanyol, i per extensi\u00f3, el propi estat.<\/p>\n<p>I com hem d\u2019explicar als nostres alumnes que la paraula i el vot no nom\u00e9s s\u00f3n quimeres per aquest estat, sin\u00f3 que fins i tot s\u00f3n delicte.<\/p>\n<p>Finalment, volem donar tot el nostre escalf, estima i suport als presos pol\u00edtics i a les seves fam\u00edlies perqu\u00e8 l\u2019estat espanyol els ha convertit en el centre de la seva injust\u00edcia, i no sap o no vol saber que ens tenen a tots nosaltres al seu costat.<\/p>\n<p><em><strong>ACPdeCRP<\/strong><\/em>, 14 d\u2019octubre de 2019<\/p>\n","protected":false},"excerpt":{"rendered":"<p>&nbsp; Els professionals dels Centres de Recursos Pedag\u00f2gics de Catalunya, en tant que docents i en conseq\u00fc\u00e8ncia, dedicats a l\u2019educaci\u00f3 del nostre pa\u00eds volem manifestar el nostre rebuig m\u00e9s frontal a les sent\u00e8ncies de pres\u00f3 a les que es condemna als nostres representants pol\u00edtics.<\/p>\n","protected":false},"author":1,"featured_media":17394,"comment_status":"open","ping_status":"closed","sticky":false,"template":"","format":"standard","meta":{"_bbp_topic_count":0,"_bbp_reply_count":0,"_bbp_total_topic_count":0,"_bbp_total_reply_count":0,"_bbp_voice_count":0,"_bbp_anonymous_reply_count":0,"_bbp_topic_count_hidden":0,"_bbp_reply_count_hidden":0,"_bbp_forum_subforum_count":0,"site-sidebar-layout":"default","site-content-layout":"","ast-site-content-layout":"","site-content-style":"default","site-sidebar-style":"default","ast-global-header-display":"","ast-banner-title-visibility":"","ast-main-header-display":"","ast-hfb-above-header-display":"","ast-hfb-below-header-display":"","ast-hfb-mobile-header-display":"","site-post-title":"","ast-breadcrumbs-content":"","ast-featured-img":"","footer-sml-layout":"","theme-transparent-header-meta":"","adv-header-id-meta":"","stick-header-meta":"","header-above-stick-meta":"","header-main-stick-meta":"","header-below-stick-meta":"","astra-migrate-meta-layouts":"default","ast-page-background-enabled":"default","ast-page-background-meta":{"desktop":{"background-color":"var(--ast-global-color-4)","background-image":"","background-repeat":"repeat","background-position":"center center","background-size":"auto","background-attachment":"scroll","background-type":"","background-media":"","overlay-type":"","overlay-color":"","overlay-opacity":"","overlay-gradient":""},"tablet":{"background-color":"","background-image":"","background-repeat":"repeat","background-position":"center center","background-size":"auto","background-attachment":"scroll","background-type":"","background-media":"","overlay-type":"","overlay-color":"","overlay-opacity":"","overlay-gradient":""},"mobile":{"background-color":"","background-image":"","background-repeat":"repeat","background-position":"center center","background-size":"auto","background-attachment":"scroll","background-type":"","background-media":"","overlay-type":"","overlay-color":"","overlay-opacity":"","overlay-gradient":""}},"ast-content-background-meta":{"desktop":{"background-color":"var(--ast-global-color-5)","background-image":"","background-repeat":"repeat","background-position":"center center","background-size":"auto","background-attachment":"scroll","background-type":"","background-media":"","overlay-type":"","overlay-color":"","overlay-opacity":"","overlay-gradient":""},"tablet":{"background-color":"var(--ast-global-color-5)","background-image":"","background-repeat":"repeat","background-position":"center center","background-size":"auto","background-attachment":"scroll","background-type":"","background-media":"","overlay-type":"","overlay-color":"","overlay-opacity":"","overlay-gradient":""},"mobile":{"background-color":"var(--ast-global-color-5)","background-image":"","background-repeat":"repeat","background-position":"center center","background-size":"auto","background-attachment":"scroll","background-type":"","background-media":"","overlay-type":"","overlay-color":"","overlay-opacity":"","overlay-gradient":""}},"footnotes":""},"categories":[64,29],"tags":[2194,297,420],"class_list":["post-17393","post","type-post","status-publish","format-standard","has-post-thumbnail","hentry","category-comunitat","category-se-baixllobregat6","tag-associacio-catalana-de-professionals-de-crp","tag-catalunya","tag-drets-humans"],"post_mailing_queue_ids":[],"_links":{"self":[{"href":"https:\/\/serveiseducatius.xtec.cat\/baixllobregat6\/wp-json\/wp\/v2\/posts\/17393","targetHints":{"allow":["GET"]}}],"collection":[{"href":"https:\/\/serveiseducatius.xtec.cat\/baixllobregat6\/wp-json\/wp\/v2\/posts"}],"about":[{"href":"https:\/\/serveiseducatius.xtec.cat\/baixllobregat6\/wp-json\/wp\/v2\/types\/post"}],"author":[{"embeddable":true,"href":"https:\/\/serveiseducatius.xtec.cat\/baixllobregat6\/wp-json\/wp\/v2\/users\/1"}],"replies":[{"embeddable":true,"href":"https:\/\/serveiseducatius.xtec.cat\/baixllobregat6\/wp-json\/wp\/v2\/comments?post=17393"}],"version-history":[{"count":3,"href":"https:\/\/serveiseducatius.xtec.cat\/baixllobregat6\/wp-json\/wp\/v2\/posts\/17393\/revisions"}],"predecessor-version":[{"id":17454,"href":"https:\/\/serveiseducatius.xtec.cat\/baixllobregat6\/wp-json\/wp\/v2\/posts\/17393\/revisions\/17454"}],"wp:featuredmedia":[{"embeddable":true,"href":"https:\/\/serveiseducatius.xtec.cat\/baixllobregat6\/wp-json\/wp\/v2\/media\/17394"}],"wp:attachment":[{"href":"https:\/\/serveiseducatius.xtec.cat\/baixllobregat6\/wp-json\/wp\/v2\/media?parent=17393"}],"wp:term":[{"taxonomy":"category","embeddable":true,"href":"https:\/\/serveiseducatius.xtec.cat\/baixllobregat6\/wp-json\/wp\/v2\/categories?post=17393"},{"taxonomy":"post_tag","embeddable":true,"href":"https:\/\/serveiseducatius.xtec.cat\/baixllobregat6\/wp-json\/wp\/v2\/tags?post=17393"}],"curies":[{"name":"wp","href":"https:\/\/api.w.org\/{rel}","templated":true}]}}