{"id":17366,"date":"2019-10-08T13:07:58","date_gmt":"2019-10-08T11:07:58","guid":{"rendered":"http:\/\/serveiseducatius.xtec.cat\/baixllobregat6\/?p=17366"},"modified":"2020-06-11T10:14:33","modified_gmt":"2020-06-11T08:14:33","slug":"tret-de-sortida-del-xvi-certamen-nacional-infantil-i-juvenil-de-lectura-en-veu-alta","status":"publish","type":"post","link":"https:\/\/serveiseducatius.xtec.cat\/baixllobregat6\/se-baixllobregat6\/tret-de-sortida-del-xvi-certamen-nacional-infantil-i-juvenil-de-lectura-en-veu-alta\/","title":{"rendered":"Tret de sortida del XVI Certamen Nacional Infantil i Juvenil de Lectura en Veu Alta"},"content":{"rendered":"<p><img loading=\"lazy\" decoding=\"async\" class=\"alignleft wp-image-17367 size-full\" src=\"https:\/\/serveiseducatius.xtec.cat\/baixllobregat6\/wp-content\/uploads\/usu778\/2019\/10\/CLVA19-20.png\" alt=\"\" width=\"472\" height=\"211\" \/>Entre les diverses l\u00ednies estrat\u00e8giques previstes pel Departament d&#8217;Educaci\u00f3, trobem enguany la relativa a: <em>consolidar el model ling\u00fc\u00edstic del pa\u00eds, potenciant la llengua catalana com a vehicular dins un projecte pluriling\u00fce i multicultura<\/em>l. I, un dels eixos on cal posar una \u00e8mfasi especial \u00e9s en l&#8217;\u00fas de la llengua oral, sent el Certament Nacional Infantil i Juvenil de Lectura en Veu Alta un bon recurs per estimular el nostre alumnat.<!--more--><\/p>\n<p>El Certamen Nacional Infantil i Juvenil de Lectura en Veu Alta \u00e9s una iniciativa de la\u00a0<a href=\"http:\/\/grupenciclopedia.cat\/fundacio-enciclopedia-catalana\/\">Fundaci\u00f3 Enciclop\u00e8dia Catalana<\/a>, l\u2019entitat cultural que encap\u00e7ala el Grup format per diferents empreses editorials, l\u2019objectiu de les quals \u00e9s promocionar la llengua i la cultura catalanes especialment mitjan\u00e7ant l\u2019edici\u00f3 d\u2019enciclop\u00e8dies, llibres de consulta, diccionaris, llibres infantils i juvenils, llibres de text i obres de literatura catalana i universal.<\/p>\n<p>La\u00a0<strong>Fundaci\u00f3 Enciclop\u00e8dia Catalana<\/strong>\u00a0vol contribuir, fins all\u00e0 on pugui i amb tot el seu entusiasme, a la creaci\u00f3 d\u2019eines, camins i escenaris per a la cultura i l\u2019educaci\u00f3. En aquesta l\u00ednia, una de les nostres apostes m\u00e9s fermes \u00e9s el\u00a0<strong>CERTAMEN NACIONAL INFANTIL I JUVENIL DE LECTURA EN VEU ALTA<\/strong>, dirigit a alumnes de tot Catalunya, perqu\u00e8 aquestes eines, aquests camins i aquests escenaris han de ser tamb\u00e9 de futur.<\/p>\n<p>La\u00a0<strong>Fundaci\u00f3 Enciclop\u00e8dia Catalana<\/strong>\u00a0i la\u00a0<strong>Generalitat de Catalunya<\/strong>\u00a0tenen un acord de col\u00b7laboraci\u00f3 per a l\u2019organitzaci\u00f3 del Certamen nacional infantil i juvenil de lectura en veu alta: el\u00a0<strong>Departament d\u2019Educaci\u00f3<\/strong>\u00a0coorganitza el Certamen i el\u00a0<strong>Departament de Cultur<\/strong>a, a trav\u00e9s del\u00a0<strong>Servei de Biblioteques<\/strong>\u00a0fa possible la formaci\u00f3 dels docents i la cessi\u00f3 del Teatre Nacional de Catalunya per a celebrar-hi la final.\u00a0 Aquest acord neix de l\u2019inter\u00e8s d\u2019ambdues entitats per la promoci\u00f3 de la lectura i estem conven\u00e7uts que l\u2019estreta col\u00b7laboraci\u00f3 que engeguem permetr\u00e0 que el Certamen segueixi creixent en quantitat i en qualitat.<\/p>\n<p>|<a href=\"http:\/\/www.lecturaenveualta.cat\/\" target=\"_blank\" rel=\"noopener noreferrer\">TOTA LA INFO DEL CERTAMEN: BASES, CATEGORIES, INSCRIPCIONS I PROPOSTA DE LLIBRES DE LECTURA<\/a>|<\/p>\n","protected":false},"excerpt":{"rendered":"<p>Entre les diverses l\u00ednies estrat\u00e8giques previstes pel Departament d&#8217;Educaci\u00f3, trobem enguany la relativa a: consolidar el model ling\u00fc\u00edstic del pa\u00eds, potenciant la llengua catalana com a vehicular dins un projecte pluriling\u00fce i multicultural. I, un dels eixos on cal posar una \u00e8mfasi especial \u00e9s en l&#8217;\u00fas de la llengua oral, sent el Certament Nacional Infantil [&hellip;]<\/p>\n","protected":false},"author":1,"featured_media":17367,"comment_status":"open","ping_status":"closed","sticky":false,"template":"","format":"standard","meta":{"_bbp_topic_count":0,"_bbp_reply_count":0,"_bbp_total_topic_count":0,"_bbp_total_reply_count":0,"_bbp_voice_count":0,"_bbp_anonymous_reply_count":0,"_bbp_topic_count_hidden":0,"_bbp_reply_count_hidden":0,"_bbp_forum_subforum_count":0,"site-sidebar-layout":"default","site-content-layout":"","ast-site-content-layout":"","site-content-style":"default","site-sidebar-style":"default","ast-global-header-display":"","ast-banner-title-visibility":"","ast-main-header-display":"","ast-hfb-above-header-display":"","ast-hfb-below-header-display":"","ast-hfb-mobile-header-display":"","site-post-title":"","ast-breadcrumbs-content":"","ast-featured-img":"","footer-sml-layout":"","theme-transparent-header-meta":"","adv-header-id-meta":"","stick-header-meta":"","header-above-stick-meta":"","header-main-stick-meta":"","header-below-stick-meta":"","astra-migrate-meta-layouts":"default","ast-page-background-enabled":"default","ast-page-background-meta":{"desktop":{"background-color":"var(--ast-global-color-4)","background-image":"","background-repeat":"repeat","background-position":"center center","background-size":"auto","background-attachment":"scroll","background-type":"","background-media":"","overlay-type":"","overlay-color":"","overlay-opacity":"","overlay-gradient":""},"tablet":{"background-color":"","background-image":"","background-repeat":"repeat","background-position":"center center","background-size":"auto","background-attachment":"scroll","background-type":"","background-media":"","overlay-type":"","overlay-color":"","overlay-opacity":"","overlay-gradient":""},"mobile":{"background-color":"","background-image":"","background-repeat":"repeat","background-position":"center center","background-size":"auto","background-attachment":"scroll","background-type":"","background-media":"","overlay-type":"","overlay-color":"","overlay-opacity":"","overlay-gradient":""}},"ast-content-background-meta":{"desktop":{"background-color":"var(--ast-global-color-5)","background-image":"","background-repeat":"repeat","background-position":"center center","background-size":"auto","background-attachment":"scroll","background-type":"","background-media":"","overlay-type":"","overlay-color":"","overlay-opacity":"","overlay-gradient":""},"tablet":{"background-color":"var(--ast-global-color-5)","background-image":"","background-repeat":"repeat","background-position":"center center","background-size":"auto","background-attachment":"scroll","background-type":"","background-media":"","overlay-type":"","overlay-color":"","overlay-opacity":"","overlay-gradient":""},"mobile":{"background-color":"var(--ast-global-color-5)","background-image":"","background-repeat":"repeat","background-position":"center center","background-size":"auto","background-attachment":"scroll","background-type":"","background-media":"","overlay-type":"","overlay-color":"","overlay-opacity":"","overlay-gradient":""}},"footnotes":""},"categories":[72,29],"tags":[446,447,100,703,704,1366,2215],"class_list":["post-17366","post","type-post","status-publish","format-standard","has-post-thumbnail","hentry","category-lectura-en-veu-alta","category-se-baixllobregat6","tag-educacio-primaria","tag-educacio-secundaria","tag-lectura","tag-llengua-catalana","tag-llengua-oral","tag-recursos-de-llengua-oral","tag-reporteducacio"],"post_mailing_queue_ids":[],"_links":{"self":[{"href":"https:\/\/serveiseducatius.xtec.cat\/baixllobregat6\/wp-json\/wp\/v2\/posts\/17366","targetHints":{"allow":["GET"]}}],"collection":[{"href":"https:\/\/serveiseducatius.xtec.cat\/baixllobregat6\/wp-json\/wp\/v2\/posts"}],"about":[{"href":"https:\/\/serveiseducatius.xtec.cat\/baixllobregat6\/wp-json\/wp\/v2\/types\/post"}],"author":[{"embeddable":true,"href":"https:\/\/serveiseducatius.xtec.cat\/baixllobregat6\/wp-json\/wp\/v2\/users\/1"}],"replies":[{"embeddable":true,"href":"https:\/\/serveiseducatius.xtec.cat\/baixllobregat6\/wp-json\/wp\/v2\/comments?post=17366"}],"version-history":[{"count":3,"href":"https:\/\/serveiseducatius.xtec.cat\/baixllobregat6\/wp-json\/wp\/v2\/posts\/17366\/revisions"}],"predecessor-version":[{"id":17390,"href":"https:\/\/serveiseducatius.xtec.cat\/baixllobregat6\/wp-json\/wp\/v2\/posts\/17366\/revisions\/17390"}],"wp:featuredmedia":[{"embeddable":true,"href":"https:\/\/serveiseducatius.xtec.cat\/baixllobregat6\/wp-json\/wp\/v2\/media\/17367"}],"wp:attachment":[{"href":"https:\/\/serveiseducatius.xtec.cat\/baixllobregat6\/wp-json\/wp\/v2\/media?parent=17366"}],"wp:term":[{"taxonomy":"category","embeddable":true,"href":"https:\/\/serveiseducatius.xtec.cat\/baixllobregat6\/wp-json\/wp\/v2\/categories?post=17366"},{"taxonomy":"post_tag","embeddable":true,"href":"https:\/\/serveiseducatius.xtec.cat\/baixllobregat6\/wp-json\/wp\/v2\/tags?post=17366"}],"curies":[{"name":"wp","href":"https:\/\/api.w.org\/{rel}","templated":true}]}}