{"id":17348,"date":"2019-10-03T11:01:59","date_gmt":"2019-10-03T09:01:59","guid":{"rendered":"http:\/\/serveiseducatius.xtec.cat\/baixllobregat6\/?p=17348"},"modified":"2019-10-03T11:34:12","modified_gmt":"2019-10-03T09:34:12","slug":"el-cac-la-ccma-i-lobra-social-la-caixa-impulsen-una-campanya-per-fomentar-lesperit-critic-dels-joves-davant-els-continguts-perjudicials-a-internet","status":"publish","type":"post","link":"https:\/\/serveiseducatius.xtec.cat\/baixllobregat6\/se-baixllobregat6\/el-cac-la-ccma-i-lobra-social-la-caixa-impulsen-una-campanya-per-fomentar-lesperit-critic-dels-joves-davant-els-continguts-perjudicials-a-internet\/","title":{"rendered":"El CAC, la CCMA i l\u2019Obra Social \u201cla Caixa\u201d impulsen una campanya per fomentar l\u2019esperit cr\u00edtic dels joves davant els continguts perjudicials a internet"},"content":{"rendered":"<p><img loading=\"lazy\" decoding=\"async\" class=\"alignleft wp-image-17349\" src=\"https:\/\/serveiseducatius.xtec.cat\/baixllobregat6\/wp-content\/uploads\/usu778\/2019\/10\/aminomenganyen.png\" alt=\"\" width=\"474\" height=\"97\" \/><\/p>\n<p>El Consell de l\u2019Audiovisual de Catalunya (CAC), la Corporaci\u00f3 Catalana de Mitjans Audiovisuals (CCMA) i l\u2019Obra Social \u201cla Caixa\u201d impulsen la campanya \u201c#AMiNoMenganyen\u201d amb l\u2019objectiu de fomentar l\u2019esperit cr\u00edtic de la ciutadania en general, i dels adolescents en particular, vers els continguts audiovisuals i incentivar un \u00fas responsable de la tecnologia, dels mitjans de comunicaci\u00f3 i de les xarxes socials.<\/p>\n<p>La campanya, que s\u2019emmarca en el programa eduCAC,\u00a0vol apoderar la ciutadania, i en especial els joves, davant les pantalles i alertar sobre els perills del ciberassetjament, de les\u00a0fake news, de les amenaces a la privacitat digital i de les addiccions al joc i a les apostes en l\u00ednia, entre d\u2019altres.<!--more--><\/p>\n<p>La campanya comptar\u00e0 amb la difusi\u00f3 d\u2019espots per TV3, de falques per Catalunya R\u00e0dio i de clips de v\u00eddeo per les xarxes socials. Tamb\u00e9 hi haur\u00e0 la participaci\u00f3 d\u2019una desena d\u2019influencers\u00a0i\u00a0youtubers, que sumen entre tots m\u00e9s d\u2019un mili\u00f3 de seguidors. Aix\u00ed mateix, els mitjans audiovisuals de la CCMA tractaran els temes de la campanya en 13 programes i informatius.<\/p>\n<p>L\u2019Associaci\u00f3 Catalana de R\u00e0dio (ACR), que aplega les r\u00e0dio privades, tamb\u00e9 participa en la campanya i les seves emissores associades n\u2019emetran els anuncis.<\/p>\n<p>La campanya comen\u00e7a amb l\u2019emissi\u00f3 de l\u2019anunci per TV3 en prime time i de les falques publicit\u00e0ries per Catalunya R\u00e0dio, i es desenvolupar\u00e0 en dues onades d\u2019activitats diverses, que s\u2019allargaran fins al 13 d\u2019octubre. La iniciativa s\u2019adre\u00e7a especialment als joves d\u2019entre 10 i 17 anys, per b\u00e9 que tamb\u00e9 inclou missatges per als majors d\u2019edat -especialment pel que fa a l\u2019addicci\u00f3 al joc i a les apostes en l\u00ednia-, aix\u00ed com per a les fam\u00edlies, per tal que ajudin els menors a evitar l\u2019ab\u00fas de les tecnologies i els continguts perjudicials.<\/p>\n<p>Segons dades de l\u2019Institut d\u2019Estad\u00edstica de Catalunya (Idescat), el 71,8% d\u2019infants i joves d\u2019entre 10 i 15 anys disposen de m\u00f2bil. Als 16 anys, el 98,9% ja es connecta a internet mitjan\u00e7ant el m\u00f2bil.<\/p>\n<p>D\u2019acord amb les dades de l\u2019<strong>Asociaci\u00f3n para la Investigaci\u00f3n de Medios de Comunicaci\u00f3n (AIMC)<\/strong>, els infants d\u2019entre 6 i 13 anys passen una mitjana de 5 hores di\u00e0ries davant d\u2019alguna pantalla (m\u00f2bil, televisor, ordinador, consola o tauleta), xifra que creix fins a les 7 hores el cap de setmana.<\/p>\n<h5>Elements de la campanya<\/h5>\n<p><strong>Anunci televisiu:<\/strong> consta de tres escenes quotidianes d\u2019una fam\u00edlia utilitzant pantalles, que fan refer\u00e8ncia a la sobreexposici\u00f3 a les xarxes (sharenting), les\u00a0fake news\u00a0i les addiccions als jocs i les apostes en l\u00ednia. L\u2019emissi\u00f3 engega avui en\u00a0prime time\u00a0a TV3 i al bloc publicitari pr\u00f2xim a l\u2019InfoK\u00a0del Super3.<\/p>\n<div class=\"ast-oembed-container \" style=\"height: 100%;\"><iframe loading=\"lazy\" title=\"eduCAC - #AMiNoMenganyen\" width=\"500\" height=\"281\" src=\"https:\/\/www.youtube.com\/embed\/LISdegN5ZT8?feature=oembed\" frameborder=\"0\" allow=\"accelerometer; autoplay; clipboard-write; encrypted-media; gyroscope; picture-in-picture; web-share\" referrerpolicy=\"strict-origin-when-cross-origin\" allowfullscreen><\/iframe><\/div>\n<p><strong>Falques radiof\u00f2niques<\/strong>: desenvolupades sobre els tres eixos tem\u00e0tics que marca l\u2019anunci de televisi\u00f3. S\u2019emeten a Catalunya R\u00e0dio des d\u2019avui i a les emissores que integren l\u2019Associaci\u00f3 Catalana de R\u00e0dio (ACR).<\/p>\n<p><strong>Clips per a les xarxes<\/strong>: s\u2019han produ\u00eft tres clips per difondre\u2019ls espec\u00edficament per les xarxes socials i pels webs dels mitjans de la CCMA.<br \/>\nYoutubers\u00a0i\u00a0influencers: una desena d\u2019influencers\u00a0catalans hi col\u00b7laboren aportant la seva visi\u00f3, amb continguts que duen l\u2019etiqueta #AMiNoMenganyen, especialment a Instagram i a TikTok. Aquests\u00a0influencers\u00a0sumen en conjunt m\u00e9s d\u2019un mili\u00f3 de seguidors. Hi participen Jan Cutillas (1,1 milions de seguidors a TikTok), Juliana Canet, (46.700 seguidors a Instagram) i Long Li Xue (17.000 seguidors a Instagram), entre d\u2019altres.<\/p>\n<p><strong>Implicaci\u00f3 dels programes de la CCMA<\/strong>: Un total de 13 programes tractaran els temes de la campanya, amb tem\u00e0tiques com ara el ciberassetjament, les fake news, l\u2019ab\u00fas de les pantalles, els perills de les noves tecnologies o el paper de la dona en la publicitat i en els videojocs. Els programes que hi col\u00b7laboraran seran els seg\u00fcents:<\/p>\n<p style=\"padding-left: 40px;\"><strong>TV3<\/strong>: Tot es mou, El matins, APM?, Est\u00e0 passant i Com si fos ahir.<br \/>\n<strong>Super3<\/strong>:\u00a0InfoK, que emetr\u00e0 11 reportatges amb la careta de la campanya #AMiNoMenganyen.<br \/>\n<strong>Catalunya R\u00e0dio:<\/strong>\u00a0Popap,\u00a0Revoluci\u00f3 4.0,\u00a0El mat\u00ed de Catalunya R\u00e0dio,\u00a0L\u2019ofici d\u2019educar,\u00a0Generaci\u00f3 digital\u00a0i\u00a0Catalunya vespre.<br \/>\n<strong>iCat:<\/strong>\u00a0Adolescents iCat.<\/p>\n<p><strong>Visites d\u2019escole<\/strong>s: un total de 18.000 alumnes visiten cada any les instal\u00b7lacions de la televisi\u00f3 i de la r\u00e0dio de la CCMA. A partir d\u2019avui, se\u2019ls facilitar\u00e0 material del programa eduCAC i uns c\u00f2mics did\u00e0ctics elaborats pel regulador audiovisual su\u00eds.<br \/>\nWeb\u00a0aminomenganyen.cat: servir\u00e0 de contenidor de tot el contingut audiovisual que generi la campanya i estar\u00e0 vinculat amb el programa eduCAC.<\/p>\n<h5>Programa eduCAC<\/h5>\n<p>El CAC ha posat en marxa, en l\u2019actual curs acad\u00e8mic 2018-2019, l\u2019eduCAC, el programa d\u2019educaci\u00f3 medi\u00e0tica que ofereix a les escoles i als instituts, aix\u00ed com a les fam\u00edlies, recursos educatius per fer un \u00fas cr\u00edtic i responsable dels continguts audiovisuals. El projecte compta amb la col\u00b7laboraci\u00f3 del Departament d\u2019Ensenyament, del Col\u00b7legi de Periodistes de Catalunya, de la Corporaci\u00f3 Catalana de Mitjans Audiovisuals (CCMA) i de l\u2019Obra Social \u201cla Caixa\u201d. L\u2019objectiu \u00e9s que la ciutadania, i en especial els menors d\u2019edat, adopti una actitud cr\u00edtica envers els continguts que miren per les diferents pantalles i facin un bon \u00fas dels dispositius.<\/p>\n<p>|<a href=\"https:\/\/www.aminomenganyen.cat\/index.html\" target=\"_blank\" rel=\"noopener noreferrer\">ACC\u00c9S AL WEB<\/a>|<\/p>\n","protected":false},"excerpt":{"rendered":"<p>El Consell de l\u2019Audiovisual de Catalunya (CAC), la Corporaci\u00f3 Catalana de Mitjans Audiovisuals (CCMA) i l\u2019Obra Social \u201cla Caixa\u201d impulsen la campanya \u201c#AMiNoMenganyen\u201d amb l\u2019objectiu de fomentar l\u2019esperit cr\u00edtic de la ciutadania en general, i dels adolescents en particular, vers els continguts audiovisuals i incentivar un \u00fas responsable de la tecnologia, dels mitjans de comunicaci\u00f3 [&hellip;]<\/p>\n","protected":false},"author":1,"featured_media":17349,"comment_status":"open","ping_status":"closed","sticky":false,"template":"","format":"standard","meta":{"_bbp_topic_count":0,"_bbp_reply_count":0,"_bbp_total_topic_count":0,"_bbp_total_reply_count":0,"_bbp_voice_count":0,"_bbp_anonymous_reply_count":0,"_bbp_topic_count_hidden":0,"_bbp_reply_count_hidden":0,"_bbp_forum_subforum_count":0,"site-sidebar-layout":"default","site-content-layout":"","ast-site-content-layout":"","site-content-style":"default","site-sidebar-style":"default","ast-global-header-display":"","ast-banner-title-visibility":"","ast-main-header-display":"","ast-hfb-above-header-display":"","ast-hfb-below-header-display":"","ast-hfb-mobile-header-display":"","site-post-title":"","ast-breadcrumbs-content":"","ast-featured-img":"","footer-sml-layout":"","theme-transparent-header-meta":"","adv-header-id-meta":"","stick-header-meta":"","header-above-stick-meta":"","header-main-stick-meta":"","header-below-stick-meta":"","astra-migrate-meta-layouts":"default","ast-page-background-enabled":"default","ast-page-background-meta":{"desktop":{"background-color":"var(--ast-global-color-4)","background-image":"","background-repeat":"repeat","background-position":"center center","background-size":"auto","background-attachment":"scroll","background-type":"","background-media":"","overlay-type":"","overlay-color":"","overlay-opacity":"","overlay-gradient":""},"tablet":{"background-color":"","background-image":"","background-repeat":"repeat","background-position":"center center","background-size":"auto","background-attachment":"scroll","background-type":"","background-media":"","overlay-type":"","overlay-color":"","overlay-opacity":"","overlay-gradient":""},"mobile":{"background-color":"","background-image":"","background-repeat":"repeat","background-position":"center center","background-size":"auto","background-attachment":"scroll","background-type":"","background-media":"","overlay-type":"","overlay-color":"","overlay-opacity":"","overlay-gradient":""}},"ast-content-background-meta":{"desktop":{"background-color":"var(--ast-global-color-5)","background-image":"","background-repeat":"repeat","background-position":"center center","background-size":"auto","background-attachment":"scroll","background-type":"","background-media":"","overlay-type":"","overlay-color":"","overlay-opacity":"","overlay-gradient":""},"tablet":{"background-color":"var(--ast-global-color-5)","background-image":"","background-repeat":"repeat","background-position":"center center","background-size":"auto","background-attachment":"scroll","background-type":"","background-media":"","overlay-type":"","overlay-color":"","overlay-opacity":"","overlay-gradient":""},"mobile":{"background-color":"var(--ast-global-color-5)","background-image":"","background-repeat":"repeat","background-position":"center center","background-size":"auto","background-attachment":"scroll","background-type":"","background-media":"","overlay-type":"","overlay-color":"","overlay-opacity":"","overlay-gradient":""}},"footnotes":""},"categories":[29],"tags":[344,2074,744],"class_list":["post-17348","post","type-post","status-publish","format-standard","has-post-thumbnail","hentry","category-se-baixllobregat6","tag-comunicacio-audiovisual","tag-cultura-digital","tag-mobils"],"post_mailing_queue_ids":[],"_links":{"self":[{"href":"https:\/\/serveiseducatius.xtec.cat\/baixllobregat6\/wp-json\/wp\/v2\/posts\/17348","targetHints":{"allow":["GET"]}}],"collection":[{"href":"https:\/\/serveiseducatius.xtec.cat\/baixllobregat6\/wp-json\/wp\/v2\/posts"}],"about":[{"href":"https:\/\/serveiseducatius.xtec.cat\/baixllobregat6\/wp-json\/wp\/v2\/types\/post"}],"author":[{"embeddable":true,"href":"https:\/\/serveiseducatius.xtec.cat\/baixllobregat6\/wp-json\/wp\/v2\/users\/1"}],"replies":[{"embeddable":true,"href":"https:\/\/serveiseducatius.xtec.cat\/baixllobregat6\/wp-json\/wp\/v2\/comments?post=17348"}],"version-history":[{"count":3,"href":"https:\/\/serveiseducatius.xtec.cat\/baixllobregat6\/wp-json\/wp\/v2\/posts\/17348\/revisions"}],"predecessor-version":[{"id":17356,"href":"https:\/\/serveiseducatius.xtec.cat\/baixllobregat6\/wp-json\/wp\/v2\/posts\/17348\/revisions\/17356"}],"wp:featuredmedia":[{"embeddable":true,"href":"https:\/\/serveiseducatius.xtec.cat\/baixllobregat6\/wp-json\/wp\/v2\/media\/17349"}],"wp:attachment":[{"href":"https:\/\/serveiseducatius.xtec.cat\/baixllobregat6\/wp-json\/wp\/v2\/media?parent=17348"}],"wp:term":[{"taxonomy":"category","embeddable":true,"href":"https:\/\/serveiseducatius.xtec.cat\/baixllobregat6\/wp-json\/wp\/v2\/categories?post=17348"},{"taxonomy":"post_tag","embeddable":true,"href":"https:\/\/serveiseducatius.xtec.cat\/baixllobregat6\/wp-json\/wp\/v2\/tags?post=17348"}],"curies":[{"name":"wp","href":"https:\/\/api.w.org\/{rel}","templated":true}]}}